{"id":88347,"date":"2026-04-28T12:39:20","date_gmt":"2026-04-28T12:39:20","guid":{"rendered":"https:\/\/www.ull.es\/portal\/noticias\/?p=88347"},"modified":"2026-04-28T12:39:20","modified_gmt":"2026-04-28T12:39:20","slug":"la-universidad-de-la-laguna-abre-la-preinscripcion-de-sus-titulos-propios-para-el-curso-2026-2027","status":"publish","type":"post","link":"https:\/\/www.ull.es\/portal\/noticias\/2026\/la-universidad-de-la-laguna-abre-la-preinscripcion-de-sus-titulos-propios-para-el-curso-2026-2027\/","title":{"rendered":"La Universidad de La Laguna abre la preinscripci\u00f3n de sus t\u00edtulos propios para el curso 2026\/2027"},"content":{"rendered":"<p>La Universidad de La Laguna ya tiene en marcha el proceso de preinscripci\u00f3n de sus t\u00edtulos propios para el curso acad\u00e9mico 2026\/27, una <a href=\"https:\/\/www.ull.es\/formacion-permanente\/listado-titulos-propios\/#oferta-para-curso-academico-26-27\" target=\"_blank\" rel=\"noopener\">oferta formativa<\/a> orientada a la especializaci\u00f3n y comprometida con la formaci\u00f3n permanente, concebida para dar respuesta de manera \u00e1gil y flexible a las necesidades de aprendizaje a lo largo de la vida.<\/p>\n<p>Los t\u00edtulos propios se estructuran en distintas modalidades: m\u00e1steres de formaci\u00f3n permanente, diplomas de especializaci\u00f3n, diplomas de experto o experta, cursos de especializaci\u00f3n de posgrado y certificados de formaci\u00f3n espec\u00edfica, estos \u00faltimos dirigidos a personas que no cuentan con titulaci\u00f3n universitaria. Se trata de ense\u00f1anzas que complementan la oferta oficial de la instituci\u00f3n y que permiten profundizar en \u00e1mbitos profesionales y acad\u00e9micos concretos, con un enfoque eminentemente pr\u00e1ctico.<\/p>\n<p>Dentro de los m\u00e1steres de formaci\u00f3n permanente abrir\u00e1n sus plazos de preinscripci\u00f3n pr\u00f3ximamente, se encuentran el interuniversitario en <a href=\"https:\/\/www.ull.es\/formacion-permanente\/master-propio-ingenieria-puerto-costas\/\" target=\"_blank\" rel=\"noopener\">Ingenier\u00eda de Puertos y Costas<\/a>, que podr\u00e1 solicitarse del 1 de mayo al 31 de agosto de 2026; el m\u00e1ster en <a href=\"https:\/\/www.ull.es\/formacion-permanente\/master-formacion-permanente-asesoria-fiscal-contable\/\" target=\"_blank\" rel=\"noopener\">Asesor\u00eda Fiscal y Contable<\/a>, con plazo desde el 30 de abril hasta el 9 de octubre; y el m\u00e1ster en <a href=\"https:\/\/www.ull.es\/formacion-permanente\/master-formacion-permanente-interpretacion-conferencias\/\" target=\"_blank\" rel=\"noopener\">Interpretaci\u00f3n de Conferencias<\/a>, cuya preinscripci\u00f3n ya se encuentra disponible desde el 14 de abril hasta el 12 de junio.<\/p>\n<p>En el caso de los diplomas, figura el Diploma de Experto o Experta en <a href=\"https:\/\/www.ull.es\/formacion-permanente\/diploma-de-experto-psicomotricidad-relacional-atencion-temprana\/\" target=\"_blank\" rel=\"noopener\">Psicomotricidad Relacional y Atenci\u00f3n Temprana<\/a>, que abrir\u00e1 su periodo de solicitud entre el 15 de junio y el 24 de septiembre de 2026.<\/p>\n<p>Por su parte, en los certificados de formaci\u00f3n espec\u00edfica se incluyen el de <a href=\"https:\/\/www.ull.es\/formacion-permanente\/certificado-de-formacion-especifica-en-administracion-de-fincas\/\" target=\"_blank\" rel=\"noopener\">Administraci\u00f3n de Fincas y Gesti\u00f3n Inmobiliaria<\/a>, cuyo plazo de preinscripci\u00f3n permanecer\u00e1 abierto hasta el 31 de julio de 2026, y el de <a href=\"https:\/\/www.ull.es\/formacion-permanente\/certificado-de-formacion-especifica-formacion-pedagogica-didactica\/\" target=\"_blank\" rel=\"noopener\">Formaci\u00f3n Pedag\u00f3gica Did\u00e1ctica Equivalente<\/a>, que podr\u00e1 solicitarse entre el 22 de junio y el 11 de septiembre.<\/p>\n<p>La programaci\u00f3n prevista contempla que la mayor\u00eda de estas ense\u00f1anzas se impartan entre finales de septiembre y octubre de 2026 y el verano de 2027, con calendarios espec\u00edficos en funci\u00f3n de cada titulaci\u00f3n y sus caracter\u00edsticas. En este sentido, los periodos de matr\u00edcula se concentrar\u00e1n, en la mayor\u00eda de los casos, durante el mes de septiembre, una vez finalizados los plazos de preinscripci\u00f3n. Los <a href=\"https:\/\/www.ull.es\/formacion-permanente\/acceso-y-admision\/\" target=\"_blank\" rel=\"noopener\">criterios de acceso y admisi\u00f3n<\/a>, as\u00ed como los procedimientos de matr\u00edcula, est\u00e1n definidos para cada una de las titulaciones en funci\u00f3n de su naturaleza y perfil de alumnado.<\/p>\n<p>La oferta de t\u00edtulos propios de la Universidad de La Laguna se ir\u00e1 completando progresivamente con nuevas propuestas formativas, que se incorporar\u00e1n a lo largo de las pr\u00f3ximas semanas conforme se aprueben sus calendarios de preinscripci\u00f3n y matr\u00edcula. Con ello, la instituci\u00f3n contin\u00faa reforzando una l\u00ednea formativa que permite adaptarse a perfiles diversos y a las necesidades cambiantes del entorno profesional.<\/p>\n<p>&nbsp;<\/p>\n","protected":false},"excerpt":{"rendered":"<p>La Universidad de La Laguna ya tiene en marcha el proceso de preinscripci\u00f3n de sus t\u00edtulos propios para el curso&#8230;<\/p>\n","protected":false},"author":23,"featured_media":88348,"comment_status":"closed","ping_status":"closed","sticky":false,"template":"","format":"standard","meta":{"inline_featured_image":false,"footnotes":""},"categories":[345,346,2765],"tags":[],"acf":[],"yoast_head":"<!-- This site is optimized with the Yoast SEO plugin v21.3 - https:\/\/yoast.com\/wordpress\/plugins\/seo\/ -->\n<title>La Universidad de La Laguna abre la preinscripci\u00f3n de sus t\u00edtulos propios para el curso 2026\/2027 - ULL - Noticias<\/title>\n<meta name=\"robots\" content=\"index, follow, max-snippet:-1, max-image-preview:large, max-video-preview:-1\" \/>\n<link rel=\"canonical\" href=\"https:\/\/www.ull.es\/portal\/noticias\/2026\/la-universidad-de-la-laguna-abre-la-preinscripcion-de-sus-titulos-propios-para-el-curso-2026-2027\/\" \/>\n<meta property=\"og:locale\" content=\"es_ES\" \/>\n<meta property=\"og:type\" content=\"article\" \/>\n<meta property=\"og:title\" content=\"La Universidad de La Laguna abre la preinscripci\u00f3n de sus t\u00edtulos propios para el curso 2026\/2027 - ULL - Noticias\" \/>\n<meta property=\"og:description\" content=\"La Universidad de La Laguna ya tiene en marcha el proceso de preinscripci\u00f3n de sus t\u00edtulos propios para el curso...\" \/>\n<meta property=\"og:url\" content=\"https:\/\/www.ull.es\/portal\/noticias\/2026\/la-universidad-de-la-laguna-abre-la-preinscripcion-de-sus-titulos-propios-para-el-curso-2026-2027\/\" \/>\n<meta property=\"og:site_name\" content=\"ULL - Noticias\" \/>\n<meta property=\"article:publisher\" content=\"https:\/\/www.facebook.com\/universidaddelalaguna\/\" \/>\n<meta property=\"article:published_time\" content=\"2026-04-28T12:39:20+00:00\" \/>\n<meta property=\"og:image\" content=\"https:\/\/www.ull.es\/portal\/noticias\/wp-content\/uploads\/sites\/13\/2026\/04\/noticia-titutos-propios.jpg\" \/>\n\t<meta property=\"og:image:width\" content=\"1200\" \/>\n\t<meta property=\"og:image:height\" content=\"800\" \/>\n\t<meta property=\"og:image:type\" content=\"image\/jpeg\" \/>\n<meta name=\"author\" content=\"gaprsa\" \/>\n<meta name=\"twitter:card\" content=\"summary_large_image\" \/>\n<meta name=\"twitter:creator\" content=\"@CanalULL\" \/>\n<meta name=\"twitter:site\" content=\"@CanalULL\" \/>\n<meta name=\"twitter:label1\" content=\"Escrito por\" \/>\n\t<meta name=\"twitter:data1\" content=\"gaprsa\" \/>\n\t<meta name=\"twitter:label2\" content=\"Tiempo de lectura\" \/>\n\t<meta name=\"twitter:data2\" content=\"3 minutos\" \/>\n<script type=\"application\/ld+json\" class=\"yoast-schema-graph\">{\"@context\":\"https:\/\/schema.org\",\"@graph\":[{\"@type\":\"WebPage\",\"@id\":\"https:\/\/www.ull.es\/portal\/noticias\/2026\/la-universidad-de-la-laguna-abre-la-preinscripcion-de-sus-titulos-propios-para-el-curso-2026-2027\/\",\"url\":\"https:\/\/www.ull.es\/portal\/noticias\/2026\/la-universidad-de-la-laguna-abre-la-preinscripcion-de-sus-titulos-propios-para-el-curso-2026-2027\/\",\"name\":\"La Universidad de La Laguna abre la preinscripci\u00f3n de sus t\u00edtulos propios para el curso 2026\/2027 - ULL - Noticias\",\"isPartOf\":{\"@id\":\"https:\/\/www.ull.es\/portal\/noticias\/#website\"},\"datePublished\":\"2026-04-28T12:39:20+00:00\",\"dateModified\":\"2026-04-28T12:39:20+00:00\",\"author\":{\"@id\":\"https:\/\/www.ull.es\/portal\/noticias\/#\/schema\/person\/b2b1a89d43ffa609e591f7df8ef3e817\"},\"breadcrumb\":{\"@id\":\"https:\/\/www.ull.es\/portal\/noticias\/2026\/la-universidad-de-la-laguna-abre-la-preinscripcion-de-sus-titulos-propios-para-el-curso-2026-2027\/#breadcrumb\"},\"inLanguage\":\"es\",\"potentialAction\":[{\"@type\":\"ReadAction\",\"target\":[\"https:\/\/www.ull.es\/portal\/noticias\/2026\/la-universidad-de-la-laguna-abre-la-preinscripcion-de-sus-titulos-propios-para-el-curso-2026-2027\/\"]}]},{\"@type\":\"BreadcrumbList\",\"@id\":\"https:\/\/www.ull.es\/portal\/noticias\/2026\/la-universidad-de-la-laguna-abre-la-preinscripcion-de-sus-titulos-propios-para-el-curso-2026-2027\/#breadcrumb\",\"itemListElement\":[{\"@type\":\"ListItem\",\"position\":1,\"name\":\"Portada\",\"item\":\"https:\/\/www.ull.es\/portal\/noticias\/\"},{\"@type\":\"ListItem\",\"position\":2,\"name\":\"La Universidad de La Laguna abre la preinscripci\u00f3n de sus t\u00edtulos propios para el curso 2026\/2027\"}]},{\"@type\":\"WebSite\",\"@id\":\"https:\/\/www.ull.es\/portal\/noticias\/#website\",\"url\":\"https:\/\/www.ull.es\/portal\/noticias\/\",\"name\":\"ULL - Noticias\",\"description\":\"\",\"potentialAction\":[{\"@type\":\"SearchAction\",\"target\":{\"@type\":\"EntryPoint\",\"urlTemplate\":\"https:\/\/www.ull.es\/portal\/noticias\/?s={search_term_string}\"},\"query-input\":\"required name=search_term_string\"}],\"inLanguage\":\"es\"},{\"@type\":\"Person\",\"@id\":\"https:\/\/www.ull.es\/portal\/noticias\/#\/schema\/person\/b2b1a89d43ffa609e591f7df8ef3e817\",\"name\":\"gaprsa\",\"image\":{\"@type\":\"ImageObject\",\"inLanguage\":\"es\",\"@id\":\"https:\/\/www.ull.es\/portal\/noticias\/#\/schema\/person\/image\/\",\"url\":\"https:\/\/secure.gravatar.com\/avatar\/443820550921091458b4823867723b3d?s=96&d=mm&r=g\",\"contentUrl\":\"https:\/\/secure.gravatar.com\/avatar\/443820550921091458b4823867723b3d?s=96&d=mm&r=g\",\"caption\":\"gaprsa\"},\"url\":\"https:\/\/www.ull.es\/portal\/noticias\/author\/gaprsa\/\"}]}<\/script>\n<!-- \/ Yoast SEO plugin. -->","yoast_head_json":{"title":"La Universidad de La Laguna abre la preinscripci\u00f3n de sus t\u00edtulos propios para el curso 2026\/2027 - ULL - Noticias","robots":{"index":"index","follow":"follow","max-snippet":"max-snippet:-1","max-image-preview":"max-image-preview:large","max-video-preview":"max-video-preview:-1"},"canonical":"https:\/\/www.ull.es\/portal\/noticias\/2026\/la-universidad-de-la-laguna-abre-la-preinscripcion-de-sus-titulos-propios-para-el-curso-2026-2027\/","og_locale":"es_ES","og_type":"article","og_title":"La Universidad de La Laguna abre la preinscripci\u00f3n de sus t\u00edtulos propios para el curso 2026\/2027 - ULL - Noticias","og_description":"La Universidad de La Laguna ya tiene en marcha el proceso de preinscripci\u00f3n de sus t\u00edtulos propios para el curso...","og_url":"https:\/\/www.ull.es\/portal\/noticias\/2026\/la-universidad-de-la-laguna-abre-la-preinscripcion-de-sus-titulos-propios-para-el-curso-2026-2027\/","og_site_name":"ULL - Noticias","article_publisher":"https:\/\/www.facebook.com\/universidaddelalaguna\/","article_published_time":"2026-04-28T12:39:20+00:00","og_image":[{"width":1200,"height":800,"url":"https:\/\/www.ull.es\/portal\/noticias\/wp-content\/uploads\/sites\/13\/2026\/04\/noticia-titutos-propios.jpg","type":"image\/jpeg"}],"author":"gaprsa","twitter_card":"summary_large_image","twitter_creator":"@CanalULL","twitter_site":"@CanalULL","twitter_misc":{"Escrito por":"gaprsa","Tiempo de lectura":"3 minutos"},"schema":{"@context":"https:\/\/schema.org","@graph":[{"@type":"WebPage","@id":"https:\/\/www.ull.es\/portal\/noticias\/2026\/la-universidad-de-la-laguna-abre-la-preinscripcion-de-sus-titulos-propios-para-el-curso-2026-2027\/","url":"https:\/\/www.ull.es\/portal\/noticias\/2026\/la-universidad-de-la-laguna-abre-la-preinscripcion-de-sus-titulos-propios-para-el-curso-2026-2027\/","name":"La Universidad de La Laguna abre la preinscripci\u00f3n de sus t\u00edtulos propios para el curso 2026\/2027 - ULL - Noticias","isPartOf":{"@id":"https:\/\/www.ull.es\/portal\/noticias\/#website"},"datePublished":"2026-04-28T12:39:20+00:00","dateModified":"2026-04-28T12:39:20+00:00","author":{"@id":"https:\/\/www.ull.es\/portal\/noticias\/#\/schema\/person\/b2b1a89d43ffa609e591f7df8ef3e817"},"breadcrumb":{"@id":"https:\/\/www.ull.es\/portal\/noticias\/2026\/la-universidad-de-la-laguna-abre-la-preinscripcion-de-sus-titulos-propios-para-el-curso-2026-2027\/#breadcrumb"},"inLanguage":"es","potentialAction":[{"@type":"ReadAction","target":["https:\/\/www.ull.es\/portal\/noticias\/2026\/la-universidad-de-la-laguna-abre-la-preinscripcion-de-sus-titulos-propios-para-el-curso-2026-2027\/"]}]},{"@type":"BreadcrumbList","@id":"https:\/\/www.ull.es\/portal\/noticias\/2026\/la-universidad-de-la-laguna-abre-la-preinscripcion-de-sus-titulos-propios-para-el-curso-2026-2027\/#breadcrumb","itemListElement":[{"@type":"ListItem","position":1,"name":"Portada","item":"https:\/\/www.ull.es\/portal\/noticias\/"},{"@type":"ListItem","position":2,"name":"La Universidad de La Laguna abre la preinscripci\u00f3n de sus t\u00edtulos propios para el curso 2026\/2027"}]},{"@type":"WebSite","@id":"https:\/\/www.ull.es\/portal\/noticias\/#website","url":"https:\/\/www.ull.es\/portal\/noticias\/","name":"ULL - Noticias","description":"","potentialAction":[{"@type":"SearchAction","target":{"@type":"EntryPoint","urlTemplate":"https:\/\/www.ull.es\/portal\/noticias\/?s={search_term_string}"},"query-input":"required name=search_term_string"}],"inLanguage":"es"},{"@type":"Person","@id":"https:\/\/www.ull.es\/portal\/noticias\/#\/schema\/person\/b2b1a89d43ffa609e591f7df8ef3e817","name":"gaprsa","image":{"@type":"ImageObject","inLanguage":"es","@id":"https:\/\/www.ull.es\/portal\/noticias\/#\/schema\/person\/image\/","url":"https:\/\/secure.gravatar.com\/avatar\/443820550921091458b4823867723b3d?s=96&d=mm&r=g","contentUrl":"https:\/\/secure.gravatar.com\/avatar\/443820550921091458b4823867723b3d?s=96&d=mm&r=g","caption":"gaprsa"},"url":"https:\/\/www.ull.es\/portal\/noticias\/author\/gaprsa\/"}]}},"primary_category":{"id":345,"name":"Destacado","slug":"destacado","link":"https:\/\/www.ull.es\/portal\/noticias\/category\/destacado\/"},"featured_image_thumbnail_url":"https:\/\/www.ull.es\/portal\/noticias\/wp-content\/uploads\/sites\/13\/2026\/04\/noticia-titutos-propios-300x200.jpg","_links":{"self":[{"href":"https:\/\/www.ull.es\/portal\/noticias\/wp-json\/wp\/v2\/posts\/88347"}],"collection":[{"href":"https:\/\/www.ull.es\/portal\/noticias\/wp-json\/wp\/v2\/posts"}],"about":[{"href":"https:\/\/www.ull.es\/portal\/noticias\/wp-json\/wp\/v2\/types\/post"}],"author":[{"embeddable":true,"href":"https:\/\/www.ull.es\/portal\/noticias\/wp-json\/wp\/v2\/users\/23"}],"replies":[{"embeddable":true,"href":"https:\/\/www.ull.es\/portal\/noticias\/wp-json\/wp\/v2\/comments?post=88347"}],"version-history":[{"count":1,"href":"https:\/\/www.ull.es\/portal\/noticias\/wp-json\/wp\/v2\/posts\/88347\/revisions"}],"predecessor-version":[{"id":88349,"href":"https:\/\/www.ull.es\/portal\/noticias\/wp-json\/wp\/v2\/posts\/88347\/revisions\/88349"}],"wp:featuredmedia":[{"embeddable":true,"href":"https:\/\/www.ull.es\/portal\/noticias\/wp-json\/wp\/v2\/media\/88348"}],"wp:attachment":[{"href":"https:\/\/www.ull.es\/portal\/noticias\/wp-json\/wp\/v2\/media?parent=88347"}],"wp:term":[{"taxonomy":"category","embeddable":true,"href":"https:\/\/www.ull.es\/portal\/noticias\/wp-json\/wp\/v2\/categories?post=88347"},{"taxonomy":"post_tag","embeddable":true,"href":"https:\/\/www.ull.es\/portal\/noticias\/wp-json\/wp\/v2\/tags?post=88347"}],"curies":[{"name":"wp","href":"https:\/\/api.w.org\/{rel}","templated":true}]}}