{"id":88352,"date":"2026-04-28T13:19:04","date_gmt":"2026-04-28T13:19:04","guid":{"rendered":"https:\/\/www.ull.es\/portal\/noticias\/?p=88352"},"modified":"2026-04-28T13:51:34","modified_gmt":"2026-04-28T13:51:34","slug":"la-ull-mejora-sus-infraestructuras-y-equipamiento-con-una-subvencion-estatal-de-35-millones-de-euros","status":"publish","type":"post","link":"https:\/\/www.ull.es\/portal\/noticias\/2026\/la-ull-mejora-sus-infraestructuras-y-equipamiento-con-una-subvencion-estatal-de-35-millones-de-euros\/","title":{"rendered":"La ULL mejora sus infraestructuras y equipamiento con una subvenci\u00f3n estatal de 3,5 millones de euros"},"content":{"rendered":"<p>La Universidad de La Laguna ha ejecutado un ambicioso programa de actuaciones para la mejora de sus infraestructuras y equipamiento, financiado a trav\u00e9s de una subvenci\u00f3n nominativa recogida en la Ley 22\/2021 de Presupuestos Generales del Estado. El proyecto ha supuesto una inversi\u00f3n total de 3.513.937,16 euros, de los cuales 3.500.000 euros han sido subvencionados.<\/p>\n<p>El conjunto de intervenciones ha permitido modernizar instalaciones, optimizar espacios docentes y de investigaci\u00f3n, y mejorar la eficiencia energ\u00e9tica en distintos campus universitarios, contribuyendo a elevar los est\u00e1ndares de calidad, seguridad y sostenibilidad de la instituci\u00f3n.<\/p>\n<div id=\"attachment_88355\" style=\"width: 310px\" class=\"wp-caption alignleft\"><a href=\"https:\/\/www.ull.es\/portal\/noticias\/wp-content\/uploads\/sites\/13\/2026\/04\/laboratorio-001.jpg\" target=\"_blank\" rel=\"noopener\" target=\"_blank\" rel=\"noopener\"><img aria-describedby=\"caption-attachment-88355\" decoding=\"async\" loading=\"lazy\" class=\"wp-image-88355 size-medium\" src=\"https:\/\/www.ull.es\/portal\/noticias\/wp-content\/uploads\/sites\/13\/2026\/04\/laboratorio-001-300x200.jpg\" alt=\"Laboratorio 3 del Departamento de Farmacolog\u00eda.\" width=\"300\" height=\"200\" srcset=\"https:\/\/www.ull.es\/portal\/noticias\/wp-content\/uploads\/sites\/13\/2026\/04\/laboratorio-001-300x200.jpg 300w, https:\/\/www.ull.es\/portal\/noticias\/wp-content\/uploads\/sites\/13\/2026\/04\/laboratorio-001-1024x683.jpg 1024w, https:\/\/www.ull.es\/portal\/noticias\/wp-content\/uploads\/sites\/13\/2026\/04\/laboratorio-001-768x512.jpg 768w, https:\/\/www.ull.es\/portal\/noticias\/wp-content\/uploads\/sites\/13\/2026\/04\/laboratorio-001-375x250.jpg 375w, https:\/\/www.ull.es\/portal\/noticias\/wp-content\/uploads\/sites\/13\/2026\/04\/laboratorio-001-750x500.jpg 750w, https:\/\/www.ull.es\/portal\/noticias\/wp-content\/uploads\/sites\/13\/2026\/04\/laboratorio-001-1140x760.jpg 1140w, https:\/\/www.ull.es\/portal\/noticias\/wp-content\/uploads\/sites\/13\/2026\/04\/laboratorio-001.jpg 1200w\" sizes=\"(max-width: 300px) 100vw, 300px\" \/><\/a><p id=\"caption-attachment-88355\" class=\"wp-caption-text\">Laboratorio 3 del Departamento de Farmacolog\u00eda.<\/p><\/div>\n<p>Una de las principales l\u00edneas de actuaci\u00f3n ha sido la mejora de laboratorios, orientada a la actualizaci\u00f3n de espacios con una notable antig\u00fcedad. Las intervenciones han incluido reformas integrales, renovaci\u00f3n de instalaciones el\u00e9ctricas, incorporaci\u00f3n de sistemas de ventilaci\u00f3n y climatizaci\u00f3n, as\u00ed como dotaci\u00f3n de mobiliario especializado.<\/p>\n<p>Entre las actuaciones m\u00e1s destacadas se encuentran la reforma del laboratorio Nutrahlipids en el Campus de Anchieta, la modernizaci\u00f3n del laboratorio de Farmacolog\u00eda y la intervenci\u00f3n en el laboratorio de Neurobiolog\u00eda y Neurolog\u00eda Experimental en Ciencias de la Salud. Asimismo, se han habilitado nuevos espacios como el laboratorio de arqueobot\u00e1nica y se han reforzado las condiciones de seguridad mediante la instalaci\u00f3n de sistemas de extracci\u00f3n en laboratorios de ingenier\u00eda.<\/p>\n<p>En el \u00e1mbito docente, se han llevado a cabo actuaciones destinadas a mejorar la funcionalidad y el confort de las aulas. Estas incluyen la unificaci\u00f3n de espacios en la Facultad de F\u00edsica y Matem\u00e1ticas, la electrificaci\u00f3n de aulas en distintas facultades y la mejora de instalaciones el\u00e9ctricas en aularios.<\/p>\n<p>Tambi\u00e9n se han incorporado sistemas de climatizaci\u00f3n en espacios de estudio, contribuyendo a generar entornos m\u00e1s adecuados para el aprendizaje. El proyecto ha contemplado adem\u00e1s la creaci\u00f3n de nuevos espacios compartidos que fomentan la colaboraci\u00f3n y la vida universitaria, como un \u00e1rea de \u2018coworking\u2019 en el edificio de N\u00e1utica y un \u2018office\u2019 en el Rectorado, mejorando as\u00ed los espacios de interacci\u00f3n para la comunidad universitaria.<\/p>\n<div id=\"attachment_88357\" style=\"width: 210px\" class=\"wp-caption alignright\"><a href=\"https:\/\/www.ull.es\/portal\/noticias\/wp-content\/uploads\/sites\/13\/2026\/04\/aula-001.jpg\" target=\"_blank\" rel=\"noopener\" target=\"_blank\" rel=\"noopener\"><img aria-describedby=\"caption-attachment-88357\" decoding=\"async\" loading=\"lazy\" class=\"wp-image-88357 size-medium\" src=\"https:\/\/www.ull.es\/portal\/noticias\/wp-content\/uploads\/sites\/13\/2026\/04\/aula-001-200x300.jpg\" alt=\"Aula 0.3 de la Facultad de Econom\u00eda, Empresa y Turismo tras la actuaci\u00f3n para su electrificaci\u00f3n.\" width=\"200\" height=\"300\" srcset=\"https:\/\/www.ull.es\/portal\/noticias\/wp-content\/uploads\/sites\/13\/2026\/04\/aula-001-200x300.jpg 200w, https:\/\/www.ull.es\/portal\/noticias\/wp-content\/uploads\/sites\/13\/2026\/04\/aula-001-683x1024.jpg 683w, https:\/\/www.ull.es\/portal\/noticias\/wp-content\/uploads\/sites\/13\/2026\/04\/aula-001-768x1152.jpg 768w, https:\/\/www.ull.es\/portal\/noticias\/wp-content\/uploads\/sites\/13\/2026\/04\/aula-001-375x563.jpg 375w, https:\/\/www.ull.es\/portal\/noticias\/wp-content\/uploads\/sites\/13\/2026\/04\/aula-001-750x1125.jpg 750w, https:\/\/www.ull.es\/portal\/noticias\/wp-content\/uploads\/sites\/13\/2026\/04\/aula-001.jpg 800w\" sizes=\"(max-width: 200px) 100vw, 200px\" \/><\/a><p id=\"caption-attachment-88357\" class=\"wp-caption-text\">Aula 0.3 de la Facultad de Econom\u00eda, Empresa y Turismo tras la actuaci\u00f3n para su electrificaci\u00f3n.<\/p><\/div>\n<p>Otra l\u00ednea relevante ha sido la rehabilitaci\u00f3n de espacios docentes y no docentes, con actuaciones dirigidas a mejorar la accesibilidad, la seguridad y el estado general de las instalaciones. Entre ellas destacan la adecuaci\u00f3n de aseos accesibles, la rehabilitaci\u00f3n de despachos, la mejora de sistemas el\u00e9ctricos y la renovaci\u00f3n de espacios administrativos y de uso com\u00fan.<\/p>\n<p>Este centro acad\u00e9mico ha reforzado su compromiso con la sostenibilidad mediante la implantaci\u00f3n de instalaciones fotovoltaicas para autoconsumo en numerosos edificios universitarios, as\u00ed como otras actuaciones orientadas a la eficiencia energ\u00e9tica. Estas incluyen sistemas de recogida de aguas pluviales, sustituci\u00f3n de equipos e instalaciones y mejoras en infraestructuras clave, contribuyendo a reducir el consumo energ\u00e9tico y el impacto ambiental.<\/p>\n<p>En conjunto, las actuaciones desarrolladas han permitido una mejora significativa de las condiciones funcionales, t\u00e9cnicas y de seguridad de las infraestructuras universitarias. El proyecto supone un avance estrat\u00e9gico en la modernizaci\u00f3n de la Universidad de La Laguna, consolidando su compromiso con la calidad docente, la investigaci\u00f3n y la sostenibilidad.<\/p>\n","protected":false},"excerpt":{"rendered":"<p>La Universidad de La Laguna ha ejecutado un ambicioso programa de actuaciones para la mejora de sus infraestructuras y equipamiento,&#8230;<\/p>\n","protected":false},"author":23,"featured_media":88353,"comment_status":"closed","ping_status":"closed","sticky":false,"template":"","format":"standard","meta":{"inline_featured_image":false,"footnotes":""},"categories":[345,348,2765],"tags":[],"acf":[],"yoast_head":"<!-- This site is optimized with the Yoast SEO plugin v21.3 - https:\/\/yoast.com\/wordpress\/plugins\/seo\/ -->\n<title>La ULL mejora sus infraestructuras y equipamiento con una subvenci\u00f3n estatal de 3,5 millones de euros - ULL - Noticias<\/title>\n<meta name=\"robots\" content=\"index, follow, max-snippet:-1, max-image-preview:large, max-video-preview:-1\" \/>\n<link rel=\"canonical\" href=\"https:\/\/www.ull.es\/portal\/noticias\/2026\/la-ull-mejora-sus-infraestructuras-y-equipamiento-con-una-subvencion-estatal-de-35-millones-de-euros\/\" \/>\n<meta property=\"og:locale\" content=\"es_ES\" \/>\n<meta property=\"og:type\" content=\"article\" \/>\n<meta property=\"og:title\" content=\"La ULL mejora sus infraestructuras y equipamiento con una subvenci\u00f3n estatal de 3,5 millones de euros - ULL - Noticias\" \/>\n<meta property=\"og:description\" content=\"La Universidad de La Laguna ha ejecutado un ambicioso programa de actuaciones para la mejora de sus infraestructuras y equipamiento,...\" \/>\n<meta property=\"og:url\" content=\"https:\/\/www.ull.es\/portal\/noticias\/2026\/la-ull-mejora-sus-infraestructuras-y-equipamiento-con-una-subvencion-estatal-de-35-millones-de-euros\/\" \/>\n<meta property=\"og:site_name\" content=\"ULL - Noticias\" \/>\n<meta property=\"article:publisher\" content=\"https:\/\/www.facebook.com\/universidaddelalaguna\/\" \/>\n<meta property=\"article:published_time\" content=\"2026-04-28T13:19:04+00:00\" \/>\n<meta property=\"article:modified_time\" content=\"2026-04-28T13:51:34+00:00\" \/>\n<meta property=\"og:image\" content=\"https:\/\/www.ull.es\/portal\/noticias\/wp-content\/uploads\/sites\/13\/2026\/04\/Espacio-Co-Working-Nautica-05.jpg\" \/>\n\t<meta property=\"og:image:width\" content=\"1200\" \/>\n\t<meta property=\"og:image:height\" content=\"800\" \/>\n\t<meta property=\"og:image:type\" content=\"image\/jpeg\" \/>\n<meta name=\"author\" content=\"gaprsa\" \/>\n<meta name=\"twitter:card\" content=\"summary_large_image\" \/>\n<meta name=\"twitter:creator\" content=\"@CanalULL\" \/>\n<meta name=\"twitter:site\" content=\"@CanalULL\" \/>\n<meta name=\"twitter:label1\" content=\"Escrito por\" \/>\n\t<meta name=\"twitter:data1\" content=\"gaprsa\" \/>\n\t<meta name=\"twitter:label2\" content=\"Tiempo de lectura\" \/>\n\t<meta name=\"twitter:data2\" content=\"3 minutos\" \/>\n<script type=\"application\/ld+json\" class=\"yoast-schema-graph\">{\"@context\":\"https:\/\/schema.org\",\"@graph\":[{\"@type\":\"WebPage\",\"@id\":\"https:\/\/www.ull.es\/portal\/noticias\/2026\/la-ull-mejora-sus-infraestructuras-y-equipamiento-con-una-subvencion-estatal-de-35-millones-de-euros\/\",\"url\":\"https:\/\/www.ull.es\/portal\/noticias\/2026\/la-ull-mejora-sus-infraestructuras-y-equipamiento-con-una-subvencion-estatal-de-35-millones-de-euros\/\",\"name\":\"La ULL mejora sus infraestructuras y equipamiento con una subvenci\u00f3n estatal de 3,5 millones de euros - ULL - Noticias\",\"isPartOf\":{\"@id\":\"https:\/\/www.ull.es\/portal\/noticias\/#website\"},\"datePublished\":\"2026-04-28T13:19:04+00:00\",\"dateModified\":\"2026-04-28T13:51:34+00:00\",\"author\":{\"@id\":\"https:\/\/www.ull.es\/portal\/noticias\/#\/schema\/person\/b2b1a89d43ffa609e591f7df8ef3e817\"},\"breadcrumb\":{\"@id\":\"https:\/\/www.ull.es\/portal\/noticias\/2026\/la-ull-mejora-sus-infraestructuras-y-equipamiento-con-una-subvencion-estatal-de-35-millones-de-euros\/#breadcrumb\"},\"inLanguage\":\"es\",\"potentialAction\":[{\"@type\":\"ReadAction\",\"target\":[\"https:\/\/www.ull.es\/portal\/noticias\/2026\/la-ull-mejora-sus-infraestructuras-y-equipamiento-con-una-subvencion-estatal-de-35-millones-de-euros\/\"]}]},{\"@type\":\"BreadcrumbList\",\"@id\":\"https:\/\/www.ull.es\/portal\/noticias\/2026\/la-ull-mejora-sus-infraestructuras-y-equipamiento-con-una-subvencion-estatal-de-35-millones-de-euros\/#breadcrumb\",\"itemListElement\":[{\"@type\":\"ListItem\",\"position\":1,\"name\":\"Portada\",\"item\":\"https:\/\/www.ull.es\/portal\/noticias\/\"},{\"@type\":\"ListItem\",\"position\":2,\"name\":\"La ULL mejora sus infraestructuras y equipamiento con una subvenci\u00f3n estatal de 3,5 millones de euros\"}]},{\"@type\":\"WebSite\",\"@id\":\"https:\/\/www.ull.es\/portal\/noticias\/#website\",\"url\":\"https:\/\/www.ull.es\/portal\/noticias\/\",\"name\":\"ULL - Noticias\",\"description\":\"\",\"potentialAction\":[{\"@type\":\"SearchAction\",\"target\":{\"@type\":\"EntryPoint\",\"urlTemplate\":\"https:\/\/www.ull.es\/portal\/noticias\/?s={search_term_string}\"},\"query-input\":\"required name=search_term_string\"}],\"inLanguage\":\"es\"},{\"@type\":\"Person\",\"@id\":\"https:\/\/www.ull.es\/portal\/noticias\/#\/schema\/person\/b2b1a89d43ffa609e591f7df8ef3e817\",\"name\":\"gaprsa\",\"image\":{\"@type\":\"ImageObject\",\"inLanguage\":\"es\",\"@id\":\"https:\/\/www.ull.es\/portal\/noticias\/#\/schema\/person\/image\/\",\"url\":\"https:\/\/secure.gravatar.com\/avatar\/443820550921091458b4823867723b3d?s=96&d=mm&r=g\",\"contentUrl\":\"https:\/\/secure.gravatar.com\/avatar\/443820550921091458b4823867723b3d?s=96&d=mm&r=g\",\"caption\":\"gaprsa\"},\"url\":\"https:\/\/www.ull.es\/portal\/noticias\/author\/gaprsa\/\"}]}<\/script>\n<!-- \/ Yoast SEO plugin. -->","yoast_head_json":{"title":"La ULL mejora sus infraestructuras y equipamiento con una subvenci\u00f3n estatal de 3,5 millones de euros - ULL - Noticias","robots":{"index":"index","follow":"follow","max-snippet":"max-snippet:-1","max-image-preview":"max-image-preview:large","max-video-preview":"max-video-preview:-1"},"canonical":"https:\/\/www.ull.es\/portal\/noticias\/2026\/la-ull-mejora-sus-infraestructuras-y-equipamiento-con-una-subvencion-estatal-de-35-millones-de-euros\/","og_locale":"es_ES","og_type":"article","og_title":"La ULL mejora sus infraestructuras y equipamiento con una subvenci\u00f3n estatal de 3,5 millones de euros - ULL - Noticias","og_description":"La Universidad de La Laguna ha ejecutado un ambicioso programa de actuaciones para la mejora de sus infraestructuras y equipamiento,...","og_url":"https:\/\/www.ull.es\/portal\/noticias\/2026\/la-ull-mejora-sus-infraestructuras-y-equipamiento-con-una-subvencion-estatal-de-35-millones-de-euros\/","og_site_name":"ULL - Noticias","article_publisher":"https:\/\/www.facebook.com\/universidaddelalaguna\/","article_published_time":"2026-04-28T13:19:04+00:00","article_modified_time":"2026-04-28T13:51:34+00:00","og_image":[{"width":1200,"height":800,"url":"https:\/\/www.ull.es\/portal\/noticias\/wp-content\/uploads\/sites\/13\/2026\/04\/Espacio-Co-Working-Nautica-05.jpg","type":"image\/jpeg"}],"author":"gaprsa","twitter_card":"summary_large_image","twitter_creator":"@CanalULL","twitter_site":"@CanalULL","twitter_misc":{"Escrito por":"gaprsa","Tiempo de lectura":"3 minutos"},"schema":{"@context":"https:\/\/schema.org","@graph":[{"@type":"WebPage","@id":"https:\/\/www.ull.es\/portal\/noticias\/2026\/la-ull-mejora-sus-infraestructuras-y-equipamiento-con-una-subvencion-estatal-de-35-millones-de-euros\/","url":"https:\/\/www.ull.es\/portal\/noticias\/2026\/la-ull-mejora-sus-infraestructuras-y-equipamiento-con-una-subvencion-estatal-de-35-millones-de-euros\/","name":"La ULL mejora sus infraestructuras y equipamiento con una subvenci\u00f3n estatal de 3,5 millones de euros - ULL - Noticias","isPartOf":{"@id":"https:\/\/www.ull.es\/portal\/noticias\/#website"},"datePublished":"2026-04-28T13:19:04+00:00","dateModified":"2026-04-28T13:51:34+00:00","author":{"@id":"https:\/\/www.ull.es\/portal\/noticias\/#\/schema\/person\/b2b1a89d43ffa609e591f7df8ef3e817"},"breadcrumb":{"@id":"https:\/\/www.ull.es\/portal\/noticias\/2026\/la-ull-mejora-sus-infraestructuras-y-equipamiento-con-una-subvencion-estatal-de-35-millones-de-euros\/#breadcrumb"},"inLanguage":"es","potentialAction":[{"@type":"ReadAction","target":["https:\/\/www.ull.es\/portal\/noticias\/2026\/la-ull-mejora-sus-infraestructuras-y-equipamiento-con-una-subvencion-estatal-de-35-millones-de-euros\/"]}]},{"@type":"BreadcrumbList","@id":"https:\/\/www.ull.es\/portal\/noticias\/2026\/la-ull-mejora-sus-infraestructuras-y-equipamiento-con-una-subvencion-estatal-de-35-millones-de-euros\/#breadcrumb","itemListElement":[{"@type":"ListItem","position":1,"name":"Portada","item":"https:\/\/www.ull.es\/portal\/noticias\/"},{"@type":"ListItem","position":2,"name":"La ULL mejora sus infraestructuras y equipamiento con una subvenci\u00f3n estatal de 3,5 millones de euros"}]},{"@type":"WebSite","@id":"https:\/\/www.ull.es\/portal\/noticias\/#website","url":"https:\/\/www.ull.es\/portal\/noticias\/","name":"ULL - Noticias","description":"","potentialAction":[{"@type":"SearchAction","target":{"@type":"EntryPoint","urlTemplate":"https:\/\/www.ull.es\/portal\/noticias\/?s={search_term_string}"},"query-input":"required name=search_term_string"}],"inLanguage":"es"},{"@type":"Person","@id":"https:\/\/www.ull.es\/portal\/noticias\/#\/schema\/person\/b2b1a89d43ffa609e591f7df8ef3e817","name":"gaprsa","image":{"@type":"ImageObject","inLanguage":"es","@id":"https:\/\/www.ull.es\/portal\/noticias\/#\/schema\/person\/image\/","url":"https:\/\/secure.gravatar.com\/avatar\/443820550921091458b4823867723b3d?s=96&d=mm&r=g","contentUrl":"https:\/\/secure.gravatar.com\/avatar\/443820550921091458b4823867723b3d?s=96&d=mm&r=g","caption":"gaprsa"},"url":"https:\/\/www.ull.es\/portal\/noticias\/author\/gaprsa\/"}]}},"primary_category":{"id":345,"name":"Destacado","slug":"destacado","link":"https:\/\/www.ull.es\/portal\/noticias\/category\/destacado\/"},"featured_image_thumbnail_url":"https:\/\/www.ull.es\/portal\/noticias\/wp-content\/uploads\/sites\/13\/2026\/04\/Espacio-Co-Working-Nautica-05-300x200.jpg","_links":{"self":[{"href":"https:\/\/www.ull.es\/portal\/noticias\/wp-json\/wp\/v2\/posts\/88352"}],"collection":[{"href":"https:\/\/www.ull.es\/portal\/noticias\/wp-json\/wp\/v2\/posts"}],"about":[{"href":"https:\/\/www.ull.es\/portal\/noticias\/wp-json\/wp\/v2\/types\/post"}],"author":[{"embeddable":true,"href":"https:\/\/www.ull.es\/portal\/noticias\/wp-json\/wp\/v2\/users\/23"}],"replies":[{"embeddable":true,"href":"https:\/\/www.ull.es\/portal\/noticias\/wp-json\/wp\/v2\/comments?post=88352"}],"version-history":[{"count":4,"href":"https:\/\/www.ull.es\/portal\/noticias\/wp-json\/wp\/v2\/posts\/88352\/revisions"}],"predecessor-version":[{"id":88359,"href":"https:\/\/www.ull.es\/portal\/noticias\/wp-json\/wp\/v2\/posts\/88352\/revisions\/88359"}],"wp:featuredmedia":[{"embeddable":true,"href":"https:\/\/www.ull.es\/portal\/noticias\/wp-json\/wp\/v2\/media\/88353"}],"wp:attachment":[{"href":"https:\/\/www.ull.es\/portal\/noticias\/wp-json\/wp\/v2\/media?parent=88352"}],"wp:term":[{"taxonomy":"category","embeddable":true,"href":"https:\/\/www.ull.es\/portal\/noticias\/wp-json\/wp\/v2\/categories?post=88352"},{"taxonomy":"post_tag","embeddable":true,"href":"https:\/\/www.ull.es\/portal\/noticias\/wp-json\/wp\/v2\/tags?post=88352"}],"curies":[{"name":"wp","href":"https:\/\/api.w.org\/{rel}","templated":true}]}}