{"id":88360,"date":"2026-04-28T14:42:30","date_gmt":"2026-04-28T14:42:30","guid":{"rendered":"https:\/\/www.ull.es\/portal\/noticias\/?p=88360"},"modified":"2026-04-28T14:42:30","modified_gmt":"2026-04-28T14:42:30","slug":"la-biblioteca-de-la-ull-pone-en-marcha-un-ciclo-de-debate-sobre-las-consecuencias-de-la-guerra","status":"publish","type":"post","link":"https:\/\/www.ull.es\/portal\/noticias\/2026\/la-biblioteca-de-la-ull-pone-en-marcha-un-ciclo-de-debate-sobre-las-consecuencias-de-la-guerra\/","title":{"rendered":"La Biblioteca de la ULL pone en marcha un ciclo de debate sobre las consecuencias de la guerra"},"content":{"rendered":"<p>A ra\u00edz de la situaci\u00f3n internacional actual, en l\u00ednea con la campa\u00f1a de la Universidad de La Laguna sobre los \u2018Campus por la paz\u2019 y respondiendo a los ODS con los que la Biblioteca est\u00e1 comprometida, este servicio universitario ha puesto en marcha un ciclo de conferencias para abordar el conflicto b\u00e9lico en Oriente Medio desde distintas perspectivas.<\/p>\n<p>La iniciativa ha sido elaborada por la comisi\u00f3n de responsabilidad social de la Biblioteca y se ha denominado\u00a0\u2018Consecuencias de la guerra\u2019, y est\u00e1 dividida en tres actividades diferenciadas. \u201cNos ha parecido importante dedicar este ciclo de conferencias a esta realidad con el fin de que la comunidad universitaria y la sociedad canaria en general sean conscientes de los peligros a los que nos enfrentamos y poder entonces articular una respuesta que proteja lo que tanto nos ha costado conseguir\u201d, aseguran las personas proponentes.<\/p>\n<p><strong>Programa<\/strong><\/p>\n<p><strong>29 de abril. 11:00 h.<\/strong><br \/>\nBiblioteca de Derecho y Ciencias Sociales. Conferencia:\u00a0\u2018\u00bfEl fin del mundo basado en reglas?\u2019\u00a0por Lucas Sebasti\u00e1n de Erice Aranda, profesor de Derecho Internacional P\u00fablico y Relaciones Internacionales.<\/p>\n<p><strong>7 de mayo: 11:00 h.<\/strong><br \/>\nEspacio de Igualdad de la Biblioteca General y de Humanidades. Conferencia \u2018Efectos econ\u00f3micos del conflicto en Oriente Medio\u2019, por Gustavo A. Marrero, catedr\u00e1tico de An\u00e1lisis Econ\u00f3mico.<\/p>\n<p><strong>13 de mayo: 11:00 h.\u00a0<\/strong><br \/>\nEspacio de Igualdad de la Biblioteca General y de Humanidades. Conversatorio: &#8216;Las mujeres ante el conflicto armado&#8217;, por Dolores Serrano Niza, catedr\u00e1tica de Estudios \u00c1rabes e Isl\u00e1micos, e Inmaculada Blasco Herranz, catedr\u00e1tica de Historia Contempor\u00e1nea.\u00a0Modera: Andrea Valentina Delgado V\u00e1squez, alumna del grado de Ciencias de la Informaci\u00f3n.<\/p>\n","protected":false},"excerpt":{"rendered":"<p>A ra\u00edz de la situaci\u00f3n internacional actual, en l\u00ednea con la campa\u00f1a de la Universidad de La Laguna sobre los&#8230;<\/p>\n","protected":false},"author":23,"featured_media":88361,"comment_status":"closed","ping_status":"closed","sticky":false,"template":"","format":"standard","meta":{"inline_featured_image":false,"footnotes":""},"categories":[4534,344,345,2765],"tags":[],"acf":[],"yoast_head":"<!-- This site is optimized with the Yoast SEO plugin v21.3 - https:\/\/yoast.com\/wordpress\/plugins\/seo\/ -->\n<title>La Biblioteca de la ULL pone en marcha un ciclo de debate sobre las consecuencias de la guerra - ULL - Noticias<\/title>\n<meta name=\"robots\" content=\"index, follow, max-snippet:-1, max-image-preview:large, max-video-preview:-1\" \/>\n<link rel=\"canonical\" href=\"https:\/\/www.ull.es\/portal\/noticias\/2026\/la-biblioteca-de-la-ull-pone-en-marcha-un-ciclo-de-debate-sobre-las-consecuencias-de-la-guerra\/\" \/>\n<meta property=\"og:locale\" content=\"es_ES\" \/>\n<meta property=\"og:type\" content=\"article\" \/>\n<meta property=\"og:title\" content=\"La Biblioteca de la ULL pone en marcha un ciclo de debate sobre las consecuencias de la guerra - ULL - Noticias\" \/>\n<meta property=\"og:description\" content=\"A ra\u00edz de la situaci\u00f3n internacional actual, en l\u00ednea con la campa\u00f1a de la Universidad de La Laguna sobre los...\" \/>\n<meta property=\"og:url\" content=\"https:\/\/www.ull.es\/portal\/noticias\/2026\/la-biblioteca-de-la-ull-pone-en-marcha-un-ciclo-de-debate-sobre-las-consecuencias-de-la-guerra\/\" \/>\n<meta property=\"og:site_name\" content=\"ULL - Noticias\" \/>\n<meta property=\"article:publisher\" content=\"https:\/\/www.facebook.com\/universidaddelalaguna\/\" \/>\n<meta property=\"article:published_time\" content=\"2026-04-28T14:42:30+00:00\" \/>\n<meta property=\"og:image\" content=\"https:\/\/www.ull.es\/portal\/noticias\/wp-content\/uploads\/sites\/13\/2026\/04\/consecuencias-guerra-ull-debates.png\" \/>\n\t<meta property=\"og:image:width\" content=\"750\" \/>\n\t<meta property=\"og:image:height\" content=\"370\" \/>\n\t<meta property=\"og:image:type\" content=\"image\/png\" \/>\n<meta name=\"author\" content=\"gaprsa\" \/>\n<meta name=\"twitter:card\" content=\"summary_large_image\" \/>\n<meta name=\"twitter:creator\" content=\"@CanalULL\" \/>\n<meta name=\"twitter:site\" content=\"@CanalULL\" \/>\n<meta name=\"twitter:label1\" content=\"Escrito por\" \/>\n\t<meta name=\"twitter:data1\" content=\"gaprsa\" \/>\n\t<meta name=\"twitter:label2\" content=\"Tiempo de lectura\" \/>\n\t<meta name=\"twitter:data2\" content=\"2 minutos\" \/>\n<script type=\"application\/ld+json\" class=\"yoast-schema-graph\">{\"@context\":\"https:\/\/schema.org\",\"@graph\":[{\"@type\":\"WebPage\",\"@id\":\"https:\/\/www.ull.es\/portal\/noticias\/2026\/la-biblioteca-de-la-ull-pone-en-marcha-un-ciclo-de-debate-sobre-las-consecuencias-de-la-guerra\/\",\"url\":\"https:\/\/www.ull.es\/portal\/noticias\/2026\/la-biblioteca-de-la-ull-pone-en-marcha-un-ciclo-de-debate-sobre-las-consecuencias-de-la-guerra\/\",\"name\":\"La Biblioteca de la ULL pone en marcha un ciclo de debate sobre las consecuencias de la guerra - ULL - Noticias\",\"isPartOf\":{\"@id\":\"https:\/\/www.ull.es\/portal\/noticias\/#website\"},\"datePublished\":\"2026-04-28T14:42:30+00:00\",\"dateModified\":\"2026-04-28T14:42:30+00:00\",\"author\":{\"@id\":\"https:\/\/www.ull.es\/portal\/noticias\/#\/schema\/person\/b2b1a89d43ffa609e591f7df8ef3e817\"},\"breadcrumb\":{\"@id\":\"https:\/\/www.ull.es\/portal\/noticias\/2026\/la-biblioteca-de-la-ull-pone-en-marcha-un-ciclo-de-debate-sobre-las-consecuencias-de-la-guerra\/#breadcrumb\"},\"inLanguage\":\"es\",\"potentialAction\":[{\"@type\":\"ReadAction\",\"target\":[\"https:\/\/www.ull.es\/portal\/noticias\/2026\/la-biblioteca-de-la-ull-pone-en-marcha-un-ciclo-de-debate-sobre-las-consecuencias-de-la-guerra\/\"]}]},{\"@type\":\"BreadcrumbList\",\"@id\":\"https:\/\/www.ull.es\/portal\/noticias\/2026\/la-biblioteca-de-la-ull-pone-en-marcha-un-ciclo-de-debate-sobre-las-consecuencias-de-la-guerra\/#breadcrumb\",\"itemListElement\":[{\"@type\":\"ListItem\",\"position\":1,\"name\":\"Portada\",\"item\":\"https:\/\/www.ull.es\/portal\/noticias\/\"},{\"@type\":\"ListItem\",\"position\":2,\"name\":\"La Biblioteca de la ULL pone en marcha un ciclo de debate sobre las consecuencias de la guerra\"}]},{\"@type\":\"WebSite\",\"@id\":\"https:\/\/www.ull.es\/portal\/noticias\/#website\",\"url\":\"https:\/\/www.ull.es\/portal\/noticias\/\",\"name\":\"ULL - Noticias\",\"description\":\"\",\"potentialAction\":[{\"@type\":\"SearchAction\",\"target\":{\"@type\":\"EntryPoint\",\"urlTemplate\":\"https:\/\/www.ull.es\/portal\/noticias\/?s={search_term_string}\"},\"query-input\":\"required name=search_term_string\"}],\"inLanguage\":\"es\"},{\"@type\":\"Person\",\"@id\":\"https:\/\/www.ull.es\/portal\/noticias\/#\/schema\/person\/b2b1a89d43ffa609e591f7df8ef3e817\",\"name\":\"gaprsa\",\"image\":{\"@type\":\"ImageObject\",\"inLanguage\":\"es\",\"@id\":\"https:\/\/www.ull.es\/portal\/noticias\/#\/schema\/person\/image\/\",\"url\":\"https:\/\/secure.gravatar.com\/avatar\/443820550921091458b4823867723b3d?s=96&d=mm&r=g\",\"contentUrl\":\"https:\/\/secure.gravatar.com\/avatar\/443820550921091458b4823867723b3d?s=96&d=mm&r=g\",\"caption\":\"gaprsa\"},\"url\":\"https:\/\/www.ull.es\/portal\/noticias\/author\/gaprsa\/\"}]}<\/script>\n<!-- \/ Yoast SEO plugin. -->","yoast_head_json":{"title":"La Biblioteca de la ULL pone en marcha un ciclo de debate sobre las consecuencias de la guerra - ULL - Noticias","robots":{"index":"index","follow":"follow","max-snippet":"max-snippet:-1","max-image-preview":"max-image-preview:large","max-video-preview":"max-video-preview:-1"},"canonical":"https:\/\/www.ull.es\/portal\/noticias\/2026\/la-biblioteca-de-la-ull-pone-en-marcha-un-ciclo-de-debate-sobre-las-consecuencias-de-la-guerra\/","og_locale":"es_ES","og_type":"article","og_title":"La Biblioteca de la ULL pone en marcha un ciclo de debate sobre las consecuencias de la guerra - ULL - Noticias","og_description":"A ra\u00edz de la situaci\u00f3n internacional actual, en l\u00ednea con la campa\u00f1a de la Universidad de La Laguna sobre los...","og_url":"https:\/\/www.ull.es\/portal\/noticias\/2026\/la-biblioteca-de-la-ull-pone-en-marcha-un-ciclo-de-debate-sobre-las-consecuencias-de-la-guerra\/","og_site_name":"ULL - Noticias","article_publisher":"https:\/\/www.facebook.com\/universidaddelalaguna\/","article_published_time":"2026-04-28T14:42:30+00:00","og_image":[{"width":750,"height":370,"url":"https:\/\/www.ull.es\/portal\/noticias\/wp-content\/uploads\/sites\/13\/2026\/04\/consecuencias-guerra-ull-debates.png","type":"image\/png"}],"author":"gaprsa","twitter_card":"summary_large_image","twitter_creator":"@CanalULL","twitter_site":"@CanalULL","twitter_misc":{"Escrito por":"gaprsa","Tiempo de lectura":"2 minutos"},"schema":{"@context":"https:\/\/schema.org","@graph":[{"@type":"WebPage","@id":"https:\/\/www.ull.es\/portal\/noticias\/2026\/la-biblioteca-de-la-ull-pone-en-marcha-un-ciclo-de-debate-sobre-las-consecuencias-de-la-guerra\/","url":"https:\/\/www.ull.es\/portal\/noticias\/2026\/la-biblioteca-de-la-ull-pone-en-marcha-un-ciclo-de-debate-sobre-las-consecuencias-de-la-guerra\/","name":"La Biblioteca de la ULL pone en marcha un ciclo de debate sobre las consecuencias de la guerra - ULL - Noticias","isPartOf":{"@id":"https:\/\/www.ull.es\/portal\/noticias\/#website"},"datePublished":"2026-04-28T14:42:30+00:00","dateModified":"2026-04-28T14:42:30+00:00","author":{"@id":"https:\/\/www.ull.es\/portal\/noticias\/#\/schema\/person\/b2b1a89d43ffa609e591f7df8ef3e817"},"breadcrumb":{"@id":"https:\/\/www.ull.es\/portal\/noticias\/2026\/la-biblioteca-de-la-ull-pone-en-marcha-un-ciclo-de-debate-sobre-las-consecuencias-de-la-guerra\/#breadcrumb"},"inLanguage":"es","potentialAction":[{"@type":"ReadAction","target":["https:\/\/www.ull.es\/portal\/noticias\/2026\/la-biblioteca-de-la-ull-pone-en-marcha-un-ciclo-de-debate-sobre-las-consecuencias-de-la-guerra\/"]}]},{"@type":"BreadcrumbList","@id":"https:\/\/www.ull.es\/portal\/noticias\/2026\/la-biblioteca-de-la-ull-pone-en-marcha-un-ciclo-de-debate-sobre-las-consecuencias-de-la-guerra\/#breadcrumb","itemListElement":[{"@type":"ListItem","position":1,"name":"Portada","item":"https:\/\/www.ull.es\/portal\/noticias\/"},{"@type":"ListItem","position":2,"name":"La Biblioteca de la ULL pone en marcha un ciclo de debate sobre las consecuencias de la guerra"}]},{"@type":"WebSite","@id":"https:\/\/www.ull.es\/portal\/noticias\/#website","url":"https:\/\/www.ull.es\/portal\/noticias\/","name":"ULL - Noticias","description":"","potentialAction":[{"@type":"SearchAction","target":{"@type":"EntryPoint","urlTemplate":"https:\/\/www.ull.es\/portal\/noticias\/?s={search_term_string}"},"query-input":"required name=search_term_string"}],"inLanguage":"es"},{"@type":"Person","@id":"https:\/\/www.ull.es\/portal\/noticias\/#\/schema\/person\/b2b1a89d43ffa609e591f7df8ef3e817","name":"gaprsa","image":{"@type":"ImageObject","inLanguage":"es","@id":"https:\/\/www.ull.es\/portal\/noticias\/#\/schema\/person\/image\/","url":"https:\/\/secure.gravatar.com\/avatar\/443820550921091458b4823867723b3d?s=96&d=mm&r=g","contentUrl":"https:\/\/secure.gravatar.com\/avatar\/443820550921091458b4823867723b3d?s=96&d=mm&r=g","caption":"gaprsa"},"url":"https:\/\/www.ull.es\/portal\/noticias\/author\/gaprsa\/"}]}},"primary_category":{"id":345,"name":"Destacado","slug":"destacado","link":"https:\/\/www.ull.es\/portal\/noticias\/category\/destacado\/"},"featured_image_thumbnail_url":"https:\/\/www.ull.es\/portal\/noticias\/wp-content\/uploads\/sites\/13\/2026\/04\/consecuencias-guerra-ull-debates-300x148.png","_links":{"self":[{"href":"https:\/\/www.ull.es\/portal\/noticias\/wp-json\/wp\/v2\/posts\/88360"}],"collection":[{"href":"https:\/\/www.ull.es\/portal\/noticias\/wp-json\/wp\/v2\/posts"}],"about":[{"href":"https:\/\/www.ull.es\/portal\/noticias\/wp-json\/wp\/v2\/types\/post"}],"author":[{"embeddable":true,"href":"https:\/\/www.ull.es\/portal\/noticias\/wp-json\/wp\/v2\/users\/23"}],"replies":[{"embeddable":true,"href":"https:\/\/www.ull.es\/portal\/noticias\/wp-json\/wp\/v2\/comments?post=88360"}],"version-history":[{"count":2,"href":"https:\/\/www.ull.es\/portal\/noticias\/wp-json\/wp\/v2\/posts\/88360\/revisions"}],"predecessor-version":[{"id":88363,"href":"https:\/\/www.ull.es\/portal\/noticias\/wp-json\/wp\/v2\/posts\/88360\/revisions\/88363"}],"wp:featuredmedia":[{"embeddable":true,"href":"https:\/\/www.ull.es\/portal\/noticias\/wp-json\/wp\/v2\/media\/88361"}],"wp:attachment":[{"href":"https:\/\/www.ull.es\/portal\/noticias\/wp-json\/wp\/v2\/media?parent=88360"}],"wp:term":[{"taxonomy":"category","embeddable":true,"href":"https:\/\/www.ull.es\/portal\/noticias\/wp-json\/wp\/v2\/categories?post=88360"},{"taxonomy":"post_tag","embeddable":true,"href":"https:\/\/www.ull.es\/portal\/noticias\/wp-json\/wp\/v2\/tags?post=88360"}],"curies":[{"name":"wp","href":"https:\/\/api.w.org\/{rel}","templated":true}]}}