{"id":88367,"date":"2026-04-29T12:24:55","date_gmt":"2026-04-29T12:24:55","guid":{"rendered":"https:\/\/www.ull.es\/portal\/noticias\/?p=88367"},"modified":"2026-04-29T12:24:55","modified_gmt":"2026-04-29T12:24:55","slug":"premios-xxi-concurso-relato-breve-dia-libro","status":"publish","type":"post","link":"https:\/\/www.ull.es\/portal\/noticias\/2026\/premios-xxi-concurso-relato-breve-dia-libro\/","title":{"rendered":"La ULL entreg\u00f3 los premios de su XXI Concurso de Relato Breve D\u00eda del Libro"},"content":{"rendered":"<p>La Universidad de La Laguna celebra el D\u00eda del Libro con una amplia variedad de actividades que incluyen exposiciones, actuaciones teatrales y de danza y otras acciones divulgativas. En el marco de esta festividad desarrollada el 23 de abril tambi\u00e9n tuvo lugar en la Biblioteca General y de Humanidades el acto de reconocimiento a las personas ganadoras y seleccionadas en <a href=\"https:\/\/www.ull.es\/portal\/convocatorias\/convocatoria\/xxi-concurso-universitario-de-relato-breve-dia-del-libro-de-la-universidad-de-la-laguna\/\" target=\"_blank\" rel=\"noopener\" target=\"_blank\" rel=\"noopener\">el XXI Concurso de Relato Breve D\u00eda del Libro de la Universidad de La Laguna<\/a>.<\/p>\n<div id=\"attachment_88369\" style=\"width: 310px\" class=\"wp-caption alignleft\"><a href=\"https:\/\/www.ull.es\/portal\/noticias\/wp-content\/uploads\/sites\/13\/2026\/04\/Premio-Relato-Breve-2025-05.jpg\" target=\"_blank\" rel=\"noopener\" target=\"_blank\" rel=\"noopener\"><img aria-describedby=\"caption-attachment-88369\" decoding=\"async\" loading=\"lazy\" class=\"wp-image-88369 size-medium\" src=\"https:\/\/www.ull.es\/portal\/noticias\/wp-content\/uploads\/sites\/13\/2026\/04\/Premio-Relato-Breve-2025-05-300x200.jpg\" alt=\"Alexis Erbez recibe el primer premio de manos de la vicerrectora.\" width=\"300\" height=\"200\" srcset=\"https:\/\/www.ull.es\/portal\/noticias\/wp-content\/uploads\/sites\/13\/2026\/04\/Premio-Relato-Breve-2025-05-300x200.jpg 300w, https:\/\/www.ull.es\/portal\/noticias\/wp-content\/uploads\/sites\/13\/2026\/04\/Premio-Relato-Breve-2025-05-1024x683.jpg 1024w, https:\/\/www.ull.es\/portal\/noticias\/wp-content\/uploads\/sites\/13\/2026\/04\/Premio-Relato-Breve-2025-05-768x512.jpg 768w, https:\/\/www.ull.es\/portal\/noticias\/wp-content\/uploads\/sites\/13\/2026\/04\/Premio-Relato-Breve-2025-05-375x250.jpg 375w, https:\/\/www.ull.es\/portal\/noticias\/wp-content\/uploads\/sites\/13\/2026\/04\/Premio-Relato-Breve-2025-05-750x500.jpg 750w, https:\/\/www.ull.es\/portal\/noticias\/wp-content\/uploads\/sites\/13\/2026\/04\/Premio-Relato-Breve-2025-05-1140x760.jpg 1140w, https:\/\/www.ull.es\/portal\/noticias\/wp-content\/uploads\/sites\/13\/2026\/04\/Premio-Relato-Breve-2025-05.jpg 1200w\" sizes=\"(max-width: 300px) 100vw, 300px\" \/><\/a><p id=\"caption-attachment-88369\" class=\"wp-caption-text\">Alexis Erbez recibe el primer premio de manos de la vicerrectora.<\/p><\/div>\n<p>El primer premio ha reca\u00eddo en \u201cVolver\u201d, de la estudiante del Grado en Historia del Arte Alexis Erbez D\u00edez, que a trav\u00e9s de una evocadora prosa po\u00e9tica denuncia el proceso de gentrificaci\u00f3n que experimentan ciudades como La Laguna. En segundo lugar ha quedado el relato \u201cQue los higos de leche no son de leche\u201d de Celia Lorenzo Ramos, estudiante del Grado en Lengua Espa\u00f1ola y Literatura, en el cual realiza una lectura moderna del paisaje que explora tambi\u00e9n asuntos como la maternidad y la migraci\u00f3n.<\/p>\n<p>Adem\u00e1s, fueron concedidos tres acc\u00e9sits que tambi\u00e9n forman parte del libro editado a prop\u00f3sito de este certamen: \u201cDo\u00f1a In\u00e9s, la eterna anciana\u201d, de Amalia Mar\u00eda P\u00e9rez Hern\u00e1ndez; \u201cSus recuerdos\u201d, de Eva Damas Gonz\u00e1lez; y \u201cLa finca\u201d de Andrea Chinea Mendoza.<\/p>\n<p>El Concurso de Relato Breve D\u00eda del Libro se caracteriza por que los trabajos presentados deben ser redactados de pu\u00f1o y letra e in situ en las dependencias de la biblioteca universitaria un d\u00eda en concreto entre las 10:00 y las 18:00 horas, que en el caso de esta, su vig\u00e9simo primera edici\u00f3n, fue el 24 de septiembre de 2025. En esta edici\u00f3n, las bases indicaban que los relatos presentados deb\u00edan incorporar alguna de las frases del escritor Alonso Quesada \u2013a quien se dedic\u00f3 el D\u00eda de las Letras Canarias de ese a\u00f1o\u2013 facilitadas por la organizaci\u00f3n el d\u00eda del concurso.<\/p>\n<p>El primer premio del concurso est\u00e1 dotado con 500 euros y una estatuilla en bronce de San Fernando, patr\u00f3n de la Universidad de La Laguna, firmada por el escultor Juan Carlos Albadalejo; y 300 euros y un diploma acreditativo en el caso del segundo.<\/p>\n<p>El jurado estuvo presidido por el catedr\u00e1tico de Teor\u00eda de la Literatura y Literatura Comparada <a href=\"https:\/\/portalciencia.ull.es\/investigadores\/80843\/detalle\" target=\"_blank\" rel=\"noopener\" target=\"_blank\" rel=\"noopener\">F\u00e9lix R\u00edos Torres<\/a> y compuesto por las vocales Aida Gonz\u00e1lez Rossi, escritora; y <a href=\"https:\/\/portalciencia.ull.es\/investigadores\/82640\/detalle\" target=\"_blank\" rel=\"noopener\" target=\"_blank\" rel=\"noopener\">Paula Cabrera Castro<\/a>, profesora del Departamento de Filolog\u00eda Espa\u00f1ola, con la gestora cultural del Vicerrectorado de Cultura y Extensi\u00f3n Universitaria Beatriz Mart\u00edn de la Rosa como secretaria. En su fallo ha tenido en cuenta criterios como la creatividad y originalidad, la claridad expositiva y estructura del texto, el correcto uso de la sintaxis y normas de ortograf\u00eda, y la adecuaci\u00f3n con la tem\u00e1tica propuesta por la organizaci\u00f3n.<\/p>\n","protected":false},"excerpt":{"rendered":"<p>La Universidad de La Laguna celebra el D\u00eda del Libro con una amplia variedad de actividades que incluyen exposiciones, actuaciones&#8230;<\/p>\n","protected":false},"author":21,"featured_media":88368,"comment_status":"closed","ping_status":"closed","sticky":false,"template":"","format":"standard","meta":{"inline_featured_image":false,"footnotes":""},"categories":[4534,344,345,3995,2765],"tags":[7542,12629,12631,12633,12635,640,12630,9873,12632,12634,11191,2151,2916],"acf":[],"yoast_head":"<!-- This site is optimized with the Yoast SEO plugin v21.3 - https:\/\/yoast.com\/wordpress\/plugins\/seo\/ -->\n<title>Entregados los premios del Concurso de Relato D\u00eda del Libro<\/title>\n<meta name=\"description\" content=\"\u201cVolver\u201d, de Alexis Erbez, es la obra ganadora de este concurso caracterizado por que las obras deben redctarse a mano ese mismo d\u00eda.\" \/>\n<meta name=\"robots\" content=\"index, follow, max-snippet:-1, max-image-preview:large, max-video-preview:-1\" \/>\n<link rel=\"canonical\" href=\"https:\/\/www.ull.es\/portal\/noticias\/2026\/premios-xxi-concurso-relato-breve-dia-libro\/\" \/>\n<meta property=\"og:locale\" content=\"es_ES\" \/>\n<meta property=\"og:type\" content=\"article\" \/>\n<meta property=\"og:title\" content=\"Entregados los premios del Concurso de Relato D\u00eda del Libro\" \/>\n<meta property=\"og:description\" content=\"\u201cVolver\u201d, de Alexis Erbez, es la obra ganadora de este concurso caracterizado por que las obras deben redctarse a mano ese mismo d\u00eda.\" \/>\n<meta property=\"og:url\" content=\"https:\/\/www.ull.es\/portal\/noticias\/2026\/premios-xxi-concurso-relato-breve-dia-libro\/\" \/>\n<meta property=\"og:site_name\" content=\"ULL - Noticias\" \/>\n<meta property=\"article:publisher\" content=\"https:\/\/www.facebook.com\/universidaddelalaguna\/\" \/>\n<meta property=\"article:published_time\" content=\"2026-04-29T12:24:55+00:00\" \/>\n<meta property=\"og:image\" content=\"https:\/\/www.ull.es\/portal\/noticias\/wp-content\/uploads\/sites\/13\/2026\/04\/Premio-Relato-Breve-2025-07.jpg\" \/>\n\t<meta property=\"og:image:width\" content=\"1200\" \/>\n\t<meta property=\"og:image:height\" content=\"800\" \/>\n\t<meta property=\"og:image:type\" content=\"image\/jpeg\" \/>\n<meta name=\"author\" content=\"prensa2\" \/>\n<meta name=\"twitter:card\" content=\"summary_large_image\" \/>\n<meta name=\"twitter:creator\" content=\"@CanalULL\" \/>\n<meta name=\"twitter:site\" content=\"@CanalULL\" \/>\n<meta name=\"twitter:label1\" content=\"Escrito por\" \/>\n\t<meta name=\"twitter:data1\" content=\"prensa2\" \/>\n\t<meta name=\"twitter:label2\" content=\"Tiempo de lectura\" \/>\n\t<meta name=\"twitter:data2\" content=\"3 minutos\" \/>\n<script type=\"application\/ld+json\" class=\"yoast-schema-graph\">{\"@context\":\"https:\/\/schema.org\",\"@graph\":[{\"@type\":\"WebPage\",\"@id\":\"https:\/\/www.ull.es\/portal\/noticias\/2026\/premios-xxi-concurso-relato-breve-dia-libro\/\",\"url\":\"https:\/\/www.ull.es\/portal\/noticias\/2026\/premios-xxi-concurso-relato-breve-dia-libro\/\",\"name\":\"Entregados los premios del Concurso de Relato D\u00eda del Libro\",\"isPartOf\":{\"@id\":\"https:\/\/www.ull.es\/portal\/noticias\/#website\"},\"datePublished\":\"2026-04-29T12:24:55+00:00\",\"dateModified\":\"2026-04-29T12:24:55+00:00\",\"author\":{\"@id\":\"https:\/\/www.ull.es\/portal\/noticias\/#\/schema\/person\/c3b2aa857797592927a03740d6664376\"},\"description\":\"\u201cVolver\u201d, de Alexis Erbez, es la obra ganadora de este concurso caracterizado por que las obras deben redctarse a mano ese mismo d\u00eda.\",\"breadcrumb\":{\"@id\":\"https:\/\/www.ull.es\/portal\/noticias\/2026\/premios-xxi-concurso-relato-breve-dia-libro\/#breadcrumb\"},\"inLanguage\":\"es\",\"potentialAction\":[{\"@type\":\"ReadAction\",\"target\":[\"https:\/\/www.ull.es\/portal\/noticias\/2026\/premios-xxi-concurso-relato-breve-dia-libro\/\"]}]},{\"@type\":\"BreadcrumbList\",\"@id\":\"https:\/\/www.ull.es\/portal\/noticias\/2026\/premios-xxi-concurso-relato-breve-dia-libro\/#breadcrumb\",\"itemListElement\":[{\"@type\":\"ListItem\",\"position\":1,\"name\":\"Portada\",\"item\":\"https:\/\/www.ull.es\/portal\/noticias\/\"},{\"@type\":\"ListItem\",\"position\":2,\"name\":\"La ULL entreg\u00f3 los premios de su XXI Concurso de Relato Breve D\u00eda del Libro\"}]},{\"@type\":\"WebSite\",\"@id\":\"https:\/\/www.ull.es\/portal\/noticias\/#website\",\"url\":\"https:\/\/www.ull.es\/portal\/noticias\/\",\"name\":\"ULL - Noticias\",\"description\":\"\",\"potentialAction\":[{\"@type\":\"SearchAction\",\"target\":{\"@type\":\"EntryPoint\",\"urlTemplate\":\"https:\/\/www.ull.es\/portal\/noticias\/?s={search_term_string}\"},\"query-input\":\"required name=search_term_string\"}],\"inLanguage\":\"es\"},{\"@type\":\"Person\",\"@id\":\"https:\/\/www.ull.es\/portal\/noticias\/#\/schema\/person\/c3b2aa857797592927a03740d6664376\",\"name\":\"prensa2\",\"image\":{\"@type\":\"ImageObject\",\"inLanguage\":\"es\",\"@id\":\"https:\/\/www.ull.es\/portal\/noticias\/#\/schema\/person\/image\/\",\"url\":\"https:\/\/secure.gravatar.com\/avatar\/b58f310a5de5feb33d1e026d2493f23c?s=96&d=mm&r=g\",\"contentUrl\":\"https:\/\/secure.gravatar.com\/avatar\/b58f310a5de5feb33d1e026d2493f23c?s=96&d=mm&r=g\",\"caption\":\"prensa2\"},\"url\":\"https:\/\/www.ull.es\/portal\/noticias\/author\/prensa2\/\"}]}<\/script>\n<!-- \/ Yoast SEO plugin. -->","yoast_head_json":{"title":"Entregados los premios del Concurso de Relato D\u00eda del Libro","description":"\u201cVolver\u201d, de Alexis Erbez, es la obra ganadora de este concurso caracterizado por que las obras deben redctarse a mano ese mismo d\u00eda.","robots":{"index":"index","follow":"follow","max-snippet":"max-snippet:-1","max-image-preview":"max-image-preview:large","max-video-preview":"max-video-preview:-1"},"canonical":"https:\/\/www.ull.es\/portal\/noticias\/2026\/premios-xxi-concurso-relato-breve-dia-libro\/","og_locale":"es_ES","og_type":"article","og_title":"Entregados los premios del Concurso de Relato D\u00eda del Libro","og_description":"\u201cVolver\u201d, de Alexis Erbez, es la obra ganadora de este concurso caracterizado por que las obras deben redctarse a mano ese mismo d\u00eda.","og_url":"https:\/\/www.ull.es\/portal\/noticias\/2026\/premios-xxi-concurso-relato-breve-dia-libro\/","og_site_name":"ULL - Noticias","article_publisher":"https:\/\/www.facebook.com\/universidaddelalaguna\/","article_published_time":"2026-04-29T12:24:55+00:00","og_image":[{"width":1200,"height":800,"url":"https:\/\/www.ull.es\/portal\/noticias\/wp-content\/uploads\/sites\/13\/2026\/04\/Premio-Relato-Breve-2025-07.jpg","type":"image\/jpeg"}],"author":"prensa2","twitter_card":"summary_large_image","twitter_creator":"@CanalULL","twitter_site":"@CanalULL","twitter_misc":{"Escrito por":"prensa2","Tiempo de lectura":"3 minutos"},"schema":{"@context":"https:\/\/schema.org","@graph":[{"@type":"WebPage","@id":"https:\/\/www.ull.es\/portal\/noticias\/2026\/premios-xxi-concurso-relato-breve-dia-libro\/","url":"https:\/\/www.ull.es\/portal\/noticias\/2026\/premios-xxi-concurso-relato-breve-dia-libro\/","name":"Entregados los premios del Concurso de Relato D\u00eda del Libro","isPartOf":{"@id":"https:\/\/www.ull.es\/portal\/noticias\/#website"},"datePublished":"2026-04-29T12:24:55+00:00","dateModified":"2026-04-29T12:24:55+00:00","author":{"@id":"https:\/\/www.ull.es\/portal\/noticias\/#\/schema\/person\/c3b2aa857797592927a03740d6664376"},"description":"\u201cVolver\u201d, de Alexis Erbez, es la obra ganadora de este concurso caracterizado por que las obras deben redctarse a mano ese mismo d\u00eda.","breadcrumb":{"@id":"https:\/\/www.ull.es\/portal\/noticias\/2026\/premios-xxi-concurso-relato-breve-dia-libro\/#breadcrumb"},"inLanguage":"es","potentialAction":[{"@type":"ReadAction","target":["https:\/\/www.ull.es\/portal\/noticias\/2026\/premios-xxi-concurso-relato-breve-dia-libro\/"]}]},{"@type":"BreadcrumbList","@id":"https:\/\/www.ull.es\/portal\/noticias\/2026\/premios-xxi-concurso-relato-breve-dia-libro\/#breadcrumb","itemListElement":[{"@type":"ListItem","position":1,"name":"Portada","item":"https:\/\/www.ull.es\/portal\/noticias\/"},{"@type":"ListItem","position":2,"name":"La ULL entreg\u00f3 los premios de su XXI Concurso de Relato Breve D\u00eda del Libro"}]},{"@type":"WebSite","@id":"https:\/\/www.ull.es\/portal\/noticias\/#website","url":"https:\/\/www.ull.es\/portal\/noticias\/","name":"ULL - Noticias","description":"","potentialAction":[{"@type":"SearchAction","target":{"@type":"EntryPoint","urlTemplate":"https:\/\/www.ull.es\/portal\/noticias\/?s={search_term_string}"},"query-input":"required name=search_term_string"}],"inLanguage":"es"},{"@type":"Person","@id":"https:\/\/www.ull.es\/portal\/noticias\/#\/schema\/person\/c3b2aa857797592927a03740d6664376","name":"prensa2","image":{"@type":"ImageObject","inLanguage":"es","@id":"https:\/\/www.ull.es\/portal\/noticias\/#\/schema\/person\/image\/","url":"https:\/\/secure.gravatar.com\/avatar\/b58f310a5de5feb33d1e026d2493f23c?s=96&d=mm&r=g","contentUrl":"https:\/\/secure.gravatar.com\/avatar\/b58f310a5de5feb33d1e026d2493f23c?s=96&d=mm&r=g","caption":"prensa2"},"url":"https:\/\/www.ull.es\/portal\/noticias\/author\/prensa2\/"}]}},"primary_category":{"id":345,"name":"Destacado","slug":"destacado","link":"https:\/\/www.ull.es\/portal\/noticias\/category\/destacado\/"},"featured_image_thumbnail_url":"https:\/\/www.ull.es\/portal\/noticias\/wp-content\/uploads\/sites\/13\/2026\/04\/Premio-Relato-Breve-2025-07-300x200.jpg","_links":{"self":[{"href":"https:\/\/www.ull.es\/portal\/noticias\/wp-json\/wp\/v2\/posts\/88367"}],"collection":[{"href":"https:\/\/www.ull.es\/portal\/noticias\/wp-json\/wp\/v2\/posts"}],"about":[{"href":"https:\/\/www.ull.es\/portal\/noticias\/wp-json\/wp\/v2\/types\/post"}],"author":[{"embeddable":true,"href":"https:\/\/www.ull.es\/portal\/noticias\/wp-json\/wp\/v2\/users\/21"}],"replies":[{"embeddable":true,"href":"https:\/\/www.ull.es\/portal\/noticias\/wp-json\/wp\/v2\/comments?post=88367"}],"version-history":[{"count":1,"href":"https:\/\/www.ull.es\/portal\/noticias\/wp-json\/wp\/v2\/posts\/88367\/revisions"}],"predecessor-version":[{"id":88370,"href":"https:\/\/www.ull.es\/portal\/noticias\/wp-json\/wp\/v2\/posts\/88367\/revisions\/88370"}],"wp:featuredmedia":[{"embeddable":true,"href":"https:\/\/www.ull.es\/portal\/noticias\/wp-json\/wp\/v2\/media\/88368"}],"wp:attachment":[{"href":"https:\/\/www.ull.es\/portal\/noticias\/wp-json\/wp\/v2\/media?parent=88367"}],"wp:term":[{"taxonomy":"category","embeddable":true,"href":"https:\/\/www.ull.es\/portal\/noticias\/wp-json\/wp\/v2\/categories?post=88367"},{"taxonomy":"post_tag","embeddable":true,"href":"https:\/\/www.ull.es\/portal\/noticias\/wp-json\/wp\/v2\/tags?post=88367"}],"curies":[{"name":"wp","href":"https:\/\/api.w.org\/{rel}","templated":true}]}}