{"id":88371,"date":"2026-04-29T13:12:47","date_gmt":"2026-04-29T13:12:47","guid":{"rendered":"https:\/\/www.ull.es\/portal\/noticias\/?p=88371"},"modified":"2026-04-29T13:12:47","modified_gmt":"2026-04-29T13:12:47","slug":"la-ull-da-la-bienvenida-a-las-35-nuevas-personas-funcionarias-de-carrera-de-la-escala-administrativa-c1","status":"publish","type":"post","link":"https:\/\/www.ull.es\/portal\/noticias\/2026\/la-ull-da-la-bienvenida-a-las-35-nuevas-personas-funcionarias-de-carrera-de-la-escala-administrativa-c1\/","title":{"rendered":"La ULL da la bienvenida a las 35 nuevas personas funcionarias de carrera de la Escala Administrativa C1"},"content":{"rendered":"<p>El Aula Magna del Edificio Central de la Universidad de La Laguna ha acogido hoy 29 de abril el acto de bienvenida a los 35 nuevos funcionarios de carrera de la Escala Administrativa, subgrupo<\/p>\n<div id=\"attachment_88374\" style=\"width: 310px\" class=\"wp-caption alignright\"><a href=\"https:\/\/www.ull.es\/portal\/noticias\/wp-content\/uploads\/sites\/13\/2026\/04\/Nuevos-administrativos-23.jpg\" target=\"_blank\" rel=\"noopener\"><img aria-describedby=\"caption-attachment-88374\" decoding=\"async\" loading=\"lazy\" class=\"size-medium wp-image-88374\" src=\"https:\/\/www.ull.es\/portal\/noticias\/wp-content\/uploads\/sites\/13\/2026\/04\/Nuevos-administrativos-23-300x200.jpg\" alt=\"\" width=\"300\" height=\"200\" srcset=\"https:\/\/www.ull.es\/portal\/noticias\/wp-content\/uploads\/sites\/13\/2026\/04\/Nuevos-administrativos-23-300x200.jpg 300w, https:\/\/www.ull.es\/portal\/noticias\/wp-content\/uploads\/sites\/13\/2026\/04\/Nuevos-administrativos-23-1024x683.jpg 1024w, https:\/\/www.ull.es\/portal\/noticias\/wp-content\/uploads\/sites\/13\/2026\/04\/Nuevos-administrativos-23-768x512.jpg 768w, https:\/\/www.ull.es\/portal\/noticias\/wp-content\/uploads\/sites\/13\/2026\/04\/Nuevos-administrativos-23-375x250.jpg 375w, https:\/\/www.ull.es\/portal\/noticias\/wp-content\/uploads\/sites\/13\/2026\/04\/Nuevos-administrativos-23-750x500.jpg 750w, https:\/\/www.ull.es\/portal\/noticias\/wp-content\/uploads\/sites\/13\/2026\/04\/Nuevos-administrativos-23-1140x760.jpg 1140w, https:\/\/www.ull.es\/portal\/noticias\/wp-content\/uploads\/sites\/13\/2026\/04\/Nuevos-administrativos-23.jpg 1200w\" sizes=\"(max-width: 300px) 100vw, 300px\" \/><\/a><p id=\"caption-attachment-88374\" class=\"wp-caption-text\">Una de las funcionarias, en el acto de hoy.<\/p><\/div>\n<p>C1, que ya se encuentran incorporados a la instituci\u00f3n acad\u00e9mica.<\/p>\n<p>Este grupo profesional est\u00e1 desempe\u00f1ando ya sus funciones en un variado rango de destinos, como las propias secretar\u00edas de facultades y escuelas, departamentos, servicios y negociados tales como Calidad, Convocatorias y Programas de I+D+I Internacional, Recursos Humanos de I+D+I, Apoyo a la Investigaci\u00f3n, Intervenci\u00f3n, Contabilidad y Presupuestos, Informaci\u00f3n y Orientaci\u00f3n o Pagos, entre otros.<\/p>\n<div id=\"attachment_88372\" style=\"width: 310px\" class=\"wp-caption alignleft\"><a href=\"https:\/\/www.ull.es\/portal\/noticias\/wp-content\/uploads\/sites\/13\/2026\/04\/Nuevos-administrativos-02.jpg\" target=\"_blank\" rel=\"noopener\"><img aria-describedby=\"caption-attachment-88372\" decoding=\"async\" loading=\"lazy\" class=\"size-medium wp-image-88372\" src=\"https:\/\/www.ull.es\/portal\/noticias\/wp-content\/uploads\/sites\/13\/2026\/04\/Nuevos-administrativos-02-300x199.jpg\" alt=\"\" width=\"300\" height=\"199\" srcset=\"https:\/\/www.ull.es\/portal\/noticias\/wp-content\/uploads\/sites\/13\/2026\/04\/Nuevos-administrativos-02-300x199.jpg 300w, https:\/\/www.ull.es\/portal\/noticias\/wp-content\/uploads\/sites\/13\/2026\/04\/Nuevos-administrativos-02-1024x679.jpg 1024w, https:\/\/www.ull.es\/portal\/noticias\/wp-content\/uploads\/sites\/13\/2026\/04\/Nuevos-administrativos-02-768x509.jpg 768w, https:\/\/www.ull.es\/portal\/noticias\/wp-content\/uploads\/sites\/13\/2026\/04\/Nuevos-administrativos-02-375x249.jpg 375w, https:\/\/www.ull.es\/portal\/noticias\/wp-content\/uploads\/sites\/13\/2026\/04\/Nuevos-administrativos-02-750x498.jpg 750w, https:\/\/www.ull.es\/portal\/noticias\/wp-content\/uploads\/sites\/13\/2026\/04\/Nuevos-administrativos-02-1140x756.jpg 1140w, https:\/\/www.ull.es\/portal\/noticias\/wp-content\/uploads\/sites\/13\/2026\/04\/Nuevos-administrativos-02.jpg 1200w\" sizes=\"(max-width: 300px) 100vw, 300px\" \/><\/a><p id=\"caption-attachment-88372\" class=\"wp-caption-text\">Lidia Pereira, durante su intervenci\u00f3n.<\/p><\/div>\n<p>La gerenta del centro docente, Lidia Pereira, salud\u00f3 a los nuevos funcionarios y funcionarias, algunos de los cuales ya manten\u00edan relaci\u00f3n contractual con esta universidad y otros est\u00e1n recientemente incorporados a la instituci\u00f3n. Les record\u00f3 que la misi\u00f3n de esta casa de estudios es conectar con la sociedad y ofrecer el mejor servicio posible a la ciudadan\u00eda, al tiempo que les hizo saber que la universidad p\u00fablica combina la solemnidad de sus actos debido a sus largos a\u00f1os de historia con el potencial transformador y de innovaci\u00f3n de una de las instituciones m\u00e1s pujantes del archipi\u00e9lago.<\/p>\n<p>Pereira tambi\u00e9n apel\u00f3 a la responsabilidad de los nuevos funcionarios en un contexto cambiante, explic\u00f3, con gran predominio de las infraestructuras tecnol\u00f3gicas y la irrupci\u00f3n de la IA, que en ning\u00fan modo afecta, dijo, al talento de las personas. \u201cEn esta universidad trabajamos para propiciar el talento interno y la promoci\u00f3n profesional de sus integrantes\u201d, a\u00f1adi\u00f3. En el acto tambi\u00e9n estaban presentes el cuerpo directivo del Servicio de Recursos Humanos, Gerencia y Vicerrectorado de Agenda Digital.<\/p>\n<p>La ceremonia fue clausurada por el rector, Francisco Garc\u00eda, quien se\u00f1al\u00f3 la relevancia de este tipo de eventos, que evidencian rituales de paso y<\/p>\n<div id=\"attachment_88373\" style=\"width: 310px\" class=\"wp-caption alignright\"><a href=\"https:\/\/www.ull.es\/portal\/noticias\/wp-content\/uploads\/sites\/13\/2026\/04\/Nuevos-administrativos-65.jpg\" target=\"_blank\" rel=\"noopener\"><img aria-describedby=\"caption-attachment-88373\" decoding=\"async\" loading=\"lazy\" class=\"size-medium wp-image-88373\" src=\"https:\/\/www.ull.es\/portal\/noticias\/wp-content\/uploads\/sites\/13\/2026\/04\/Nuevos-administrativos-65-300x200.jpg\" alt=\"\" width=\"300\" height=\"200\" srcset=\"https:\/\/www.ull.es\/portal\/noticias\/wp-content\/uploads\/sites\/13\/2026\/04\/Nuevos-administrativos-65-300x200.jpg 300w, https:\/\/www.ull.es\/portal\/noticias\/wp-content\/uploads\/sites\/13\/2026\/04\/Nuevos-administrativos-65-1024x683.jpg 1024w, https:\/\/www.ull.es\/portal\/noticias\/wp-content\/uploads\/sites\/13\/2026\/04\/Nuevos-administrativos-65-768x512.jpg 768w, https:\/\/www.ull.es\/portal\/noticias\/wp-content\/uploads\/sites\/13\/2026\/04\/Nuevos-administrativos-65-375x250.jpg 375w, https:\/\/www.ull.es\/portal\/noticias\/wp-content\/uploads\/sites\/13\/2026\/04\/Nuevos-administrativos-65-750x500.jpg 750w, https:\/\/www.ull.es\/portal\/noticias\/wp-content\/uploads\/sites\/13\/2026\/04\/Nuevos-administrativos-65-1140x760.jpg 1140w, https:\/\/www.ull.es\/portal\/noticias\/wp-content\/uploads\/sites\/13\/2026\/04\/Nuevos-administrativos-65.jpg 1200w\" sizes=\"(max-width: 300px) 100vw, 300px\" \/><\/a><p id=\"caption-attachment-88373\" class=\"wp-caption-text\">El rector, Francisco Garc\u00eda.<\/p><\/div>\n<p>marcan etapas vitales en las personas. En ese mismo sentido, a partir de este mes mayo se celebra el acto de graduaci\u00f3n de los estudiantes de todas las titulaciones, la despedida formal del personal jubilado y otros eventos del mismo tenor que fortalecen el sentimiento de pertenencia y a\u00f1aden valor a la misi\u00f3n de la propia universidad.<\/p>\n<p>\u201cEsta es una instituci\u00f3n muy relevante en Canarias y, desde el punto de vista de la equidad, somos el mayor ascensor social de esta comunidad. Gestionamos la universidad p\u00fablica y ustedes forman parte de esta gesti\u00f3n\u201d, dijo el rector dirigi\u00e9ndose a las personas incorporadas a la Universidad de La Laguna, para dejar patente la importancia del trabajo que tienen entre manos.<\/p>\n","protected":false},"excerpt":{"rendered":"<p>El Aula Magna del Edificio Central de la Universidad de La Laguna ha acogido hoy 29 de abril el acto&#8230;<\/p>\n","protected":false},"author":23,"featured_media":88375,"comment_status":"closed","ping_status":"closed","sticky":false,"template":"","format":"standard","meta":{"inline_featured_image":false,"footnotes":""},"categories":[345,348,2765],"tags":[],"acf":[],"yoast_head":"<!-- This site is optimized with the Yoast SEO plugin v21.3 - https:\/\/yoast.com\/wordpress\/plugins\/seo\/ -->\n<title>La ULL da la bienvenida a las 35 nuevas personas funcionarias de carrera de la Escala Administrativa C1 - ULL - Noticias<\/title>\n<meta name=\"robots\" content=\"index, follow, max-snippet:-1, max-image-preview:large, max-video-preview:-1\" \/>\n<link rel=\"canonical\" href=\"https:\/\/www.ull.es\/portal\/noticias\/2026\/la-ull-da-la-bienvenida-a-las-35-nuevas-personas-funcionarias-de-carrera-de-la-escala-administrativa-c1\/\" \/>\n<meta property=\"og:locale\" content=\"es_ES\" \/>\n<meta property=\"og:type\" content=\"article\" \/>\n<meta property=\"og:title\" content=\"La ULL da la bienvenida a las 35 nuevas personas funcionarias de carrera de la Escala Administrativa C1 - ULL - Noticias\" \/>\n<meta property=\"og:description\" content=\"El Aula Magna del Edificio Central de la Universidad de La Laguna ha acogido hoy 29 de abril el acto...\" \/>\n<meta property=\"og:url\" content=\"https:\/\/www.ull.es\/portal\/noticias\/2026\/la-ull-da-la-bienvenida-a-las-35-nuevas-personas-funcionarias-de-carrera-de-la-escala-administrativa-c1\/\" \/>\n<meta property=\"og:site_name\" content=\"ULL - Noticias\" \/>\n<meta property=\"article:publisher\" content=\"https:\/\/www.facebook.com\/universidaddelalaguna\/\" \/>\n<meta property=\"article:published_time\" content=\"2026-04-29T13:12:47+00:00\" \/>\n<meta property=\"og:image\" content=\"https:\/\/www.ull.es\/portal\/noticias\/wp-content\/uploads\/sites\/13\/2026\/04\/Nuevos-administrativos-68.jpg\" \/>\n\t<meta property=\"og:image:width\" content=\"1200\" \/>\n\t<meta property=\"og:image:height\" content=\"800\" \/>\n\t<meta property=\"og:image:type\" content=\"image\/jpeg\" \/>\n<meta name=\"author\" content=\"gaprsa\" \/>\n<meta name=\"twitter:card\" content=\"summary_large_image\" \/>\n<meta name=\"twitter:creator\" content=\"@CanalULL\" \/>\n<meta name=\"twitter:site\" content=\"@CanalULL\" \/>\n<meta name=\"twitter:label1\" content=\"Escrito por\" \/>\n\t<meta name=\"twitter:data1\" content=\"gaprsa\" \/>\n\t<meta name=\"twitter:label2\" content=\"Tiempo de lectura\" \/>\n\t<meta name=\"twitter:data2\" content=\"3 minutos\" \/>\n<script type=\"application\/ld+json\" class=\"yoast-schema-graph\">{\"@context\":\"https:\/\/schema.org\",\"@graph\":[{\"@type\":\"WebPage\",\"@id\":\"https:\/\/www.ull.es\/portal\/noticias\/2026\/la-ull-da-la-bienvenida-a-las-35-nuevas-personas-funcionarias-de-carrera-de-la-escala-administrativa-c1\/\",\"url\":\"https:\/\/www.ull.es\/portal\/noticias\/2026\/la-ull-da-la-bienvenida-a-las-35-nuevas-personas-funcionarias-de-carrera-de-la-escala-administrativa-c1\/\",\"name\":\"La ULL da la bienvenida a las 35 nuevas personas funcionarias de carrera de la Escala Administrativa C1 - ULL - Noticias\",\"isPartOf\":{\"@id\":\"https:\/\/www.ull.es\/portal\/noticias\/#website\"},\"datePublished\":\"2026-04-29T13:12:47+00:00\",\"dateModified\":\"2026-04-29T13:12:47+00:00\",\"author\":{\"@id\":\"https:\/\/www.ull.es\/portal\/noticias\/#\/schema\/person\/b2b1a89d43ffa609e591f7df8ef3e817\"},\"breadcrumb\":{\"@id\":\"https:\/\/www.ull.es\/portal\/noticias\/2026\/la-ull-da-la-bienvenida-a-las-35-nuevas-personas-funcionarias-de-carrera-de-la-escala-administrativa-c1\/#breadcrumb\"},\"inLanguage\":\"es\",\"potentialAction\":[{\"@type\":\"ReadAction\",\"target\":[\"https:\/\/www.ull.es\/portal\/noticias\/2026\/la-ull-da-la-bienvenida-a-las-35-nuevas-personas-funcionarias-de-carrera-de-la-escala-administrativa-c1\/\"]}]},{\"@type\":\"BreadcrumbList\",\"@id\":\"https:\/\/www.ull.es\/portal\/noticias\/2026\/la-ull-da-la-bienvenida-a-las-35-nuevas-personas-funcionarias-de-carrera-de-la-escala-administrativa-c1\/#breadcrumb\",\"itemListElement\":[{\"@type\":\"ListItem\",\"position\":1,\"name\":\"Portada\",\"item\":\"https:\/\/www.ull.es\/portal\/noticias\/\"},{\"@type\":\"ListItem\",\"position\":2,\"name\":\"La ULL da la bienvenida a las 35 nuevas personas funcionarias de carrera de la Escala Administrativa C1\"}]},{\"@type\":\"WebSite\",\"@id\":\"https:\/\/www.ull.es\/portal\/noticias\/#website\",\"url\":\"https:\/\/www.ull.es\/portal\/noticias\/\",\"name\":\"ULL - Noticias\",\"description\":\"\",\"potentialAction\":[{\"@type\":\"SearchAction\",\"target\":{\"@type\":\"EntryPoint\",\"urlTemplate\":\"https:\/\/www.ull.es\/portal\/noticias\/?s={search_term_string}\"},\"query-input\":\"required name=search_term_string\"}],\"inLanguage\":\"es\"},{\"@type\":\"Person\",\"@id\":\"https:\/\/www.ull.es\/portal\/noticias\/#\/schema\/person\/b2b1a89d43ffa609e591f7df8ef3e817\",\"name\":\"gaprsa\",\"image\":{\"@type\":\"ImageObject\",\"inLanguage\":\"es\",\"@id\":\"https:\/\/www.ull.es\/portal\/noticias\/#\/schema\/person\/image\/\",\"url\":\"https:\/\/secure.gravatar.com\/avatar\/443820550921091458b4823867723b3d?s=96&d=mm&r=g\",\"contentUrl\":\"https:\/\/secure.gravatar.com\/avatar\/443820550921091458b4823867723b3d?s=96&d=mm&r=g\",\"caption\":\"gaprsa\"},\"url\":\"https:\/\/www.ull.es\/portal\/noticias\/author\/gaprsa\/\"}]}<\/script>\n<!-- \/ Yoast SEO plugin. -->","yoast_head_json":{"title":"La ULL da la bienvenida a las 35 nuevas personas funcionarias de carrera de la Escala Administrativa C1 - ULL - Noticias","robots":{"index":"index","follow":"follow","max-snippet":"max-snippet:-1","max-image-preview":"max-image-preview:large","max-video-preview":"max-video-preview:-1"},"canonical":"https:\/\/www.ull.es\/portal\/noticias\/2026\/la-ull-da-la-bienvenida-a-las-35-nuevas-personas-funcionarias-de-carrera-de-la-escala-administrativa-c1\/","og_locale":"es_ES","og_type":"article","og_title":"La ULL da la bienvenida a las 35 nuevas personas funcionarias de carrera de la Escala Administrativa C1 - ULL - Noticias","og_description":"El Aula Magna del Edificio Central de la Universidad de La Laguna ha acogido hoy 29 de abril el acto...","og_url":"https:\/\/www.ull.es\/portal\/noticias\/2026\/la-ull-da-la-bienvenida-a-las-35-nuevas-personas-funcionarias-de-carrera-de-la-escala-administrativa-c1\/","og_site_name":"ULL - Noticias","article_publisher":"https:\/\/www.facebook.com\/universidaddelalaguna\/","article_published_time":"2026-04-29T13:12:47+00:00","og_image":[{"width":1200,"height":800,"url":"https:\/\/www.ull.es\/portal\/noticias\/wp-content\/uploads\/sites\/13\/2026\/04\/Nuevos-administrativos-68.jpg","type":"image\/jpeg"}],"author":"gaprsa","twitter_card":"summary_large_image","twitter_creator":"@CanalULL","twitter_site":"@CanalULL","twitter_misc":{"Escrito por":"gaprsa","Tiempo de lectura":"3 minutos"},"schema":{"@context":"https:\/\/schema.org","@graph":[{"@type":"WebPage","@id":"https:\/\/www.ull.es\/portal\/noticias\/2026\/la-ull-da-la-bienvenida-a-las-35-nuevas-personas-funcionarias-de-carrera-de-la-escala-administrativa-c1\/","url":"https:\/\/www.ull.es\/portal\/noticias\/2026\/la-ull-da-la-bienvenida-a-las-35-nuevas-personas-funcionarias-de-carrera-de-la-escala-administrativa-c1\/","name":"La ULL da la bienvenida a las 35 nuevas personas funcionarias de carrera de la Escala Administrativa C1 - ULL - Noticias","isPartOf":{"@id":"https:\/\/www.ull.es\/portal\/noticias\/#website"},"datePublished":"2026-04-29T13:12:47+00:00","dateModified":"2026-04-29T13:12:47+00:00","author":{"@id":"https:\/\/www.ull.es\/portal\/noticias\/#\/schema\/person\/b2b1a89d43ffa609e591f7df8ef3e817"},"breadcrumb":{"@id":"https:\/\/www.ull.es\/portal\/noticias\/2026\/la-ull-da-la-bienvenida-a-las-35-nuevas-personas-funcionarias-de-carrera-de-la-escala-administrativa-c1\/#breadcrumb"},"inLanguage":"es","potentialAction":[{"@type":"ReadAction","target":["https:\/\/www.ull.es\/portal\/noticias\/2026\/la-ull-da-la-bienvenida-a-las-35-nuevas-personas-funcionarias-de-carrera-de-la-escala-administrativa-c1\/"]}]},{"@type":"BreadcrumbList","@id":"https:\/\/www.ull.es\/portal\/noticias\/2026\/la-ull-da-la-bienvenida-a-las-35-nuevas-personas-funcionarias-de-carrera-de-la-escala-administrativa-c1\/#breadcrumb","itemListElement":[{"@type":"ListItem","position":1,"name":"Portada","item":"https:\/\/www.ull.es\/portal\/noticias\/"},{"@type":"ListItem","position":2,"name":"La ULL da la bienvenida a las 35 nuevas personas funcionarias de carrera de la Escala Administrativa C1"}]},{"@type":"WebSite","@id":"https:\/\/www.ull.es\/portal\/noticias\/#website","url":"https:\/\/www.ull.es\/portal\/noticias\/","name":"ULL - Noticias","description":"","potentialAction":[{"@type":"SearchAction","target":{"@type":"EntryPoint","urlTemplate":"https:\/\/www.ull.es\/portal\/noticias\/?s={search_term_string}"},"query-input":"required name=search_term_string"}],"inLanguage":"es"},{"@type":"Person","@id":"https:\/\/www.ull.es\/portal\/noticias\/#\/schema\/person\/b2b1a89d43ffa609e591f7df8ef3e817","name":"gaprsa","image":{"@type":"ImageObject","inLanguage":"es","@id":"https:\/\/www.ull.es\/portal\/noticias\/#\/schema\/person\/image\/","url":"https:\/\/secure.gravatar.com\/avatar\/443820550921091458b4823867723b3d?s=96&d=mm&r=g","contentUrl":"https:\/\/secure.gravatar.com\/avatar\/443820550921091458b4823867723b3d?s=96&d=mm&r=g","caption":"gaprsa"},"url":"https:\/\/www.ull.es\/portal\/noticias\/author\/gaprsa\/"}]}},"primary_category":{"id":345,"name":"Destacado","slug":"destacado","link":"https:\/\/www.ull.es\/portal\/noticias\/category\/destacado\/"},"featured_image_thumbnail_url":"https:\/\/www.ull.es\/portal\/noticias\/wp-content\/uploads\/sites\/13\/2026\/04\/Nuevos-administrativos-68-300x200.jpg","_links":{"self":[{"href":"https:\/\/www.ull.es\/portal\/noticias\/wp-json\/wp\/v2\/posts\/88371"}],"collection":[{"href":"https:\/\/www.ull.es\/portal\/noticias\/wp-json\/wp\/v2\/posts"}],"about":[{"href":"https:\/\/www.ull.es\/portal\/noticias\/wp-json\/wp\/v2\/types\/post"}],"author":[{"embeddable":true,"href":"https:\/\/www.ull.es\/portal\/noticias\/wp-json\/wp\/v2\/users\/23"}],"replies":[{"embeddable":true,"href":"https:\/\/www.ull.es\/portal\/noticias\/wp-json\/wp\/v2\/comments?post=88371"}],"version-history":[{"count":1,"href":"https:\/\/www.ull.es\/portal\/noticias\/wp-json\/wp\/v2\/posts\/88371\/revisions"}],"predecessor-version":[{"id":88376,"href":"https:\/\/www.ull.es\/portal\/noticias\/wp-json\/wp\/v2\/posts\/88371\/revisions\/88376"}],"wp:featuredmedia":[{"embeddable":true,"href":"https:\/\/www.ull.es\/portal\/noticias\/wp-json\/wp\/v2\/media\/88375"}],"wp:attachment":[{"href":"https:\/\/www.ull.es\/portal\/noticias\/wp-json\/wp\/v2\/media?parent=88371"}],"wp:term":[{"taxonomy":"category","embeddable":true,"href":"https:\/\/www.ull.es\/portal\/noticias\/wp-json\/wp\/v2\/categories?post=88371"},{"taxonomy":"post_tag","embeddable":true,"href":"https:\/\/www.ull.es\/portal\/noticias\/wp-json\/wp\/v2\/tags?post=88371"}],"curies":[{"name":"wp","href":"https:\/\/api.w.org\/{rel}","templated":true}]}}