{"id":88377,"date":"2026-04-30T07:00:56","date_gmt":"2026-04-30T07:00:56","guid":{"rendered":"https:\/\/www.ull.es\/portal\/noticias\/?p=88377"},"modified":"2026-04-30T07:18:50","modified_gmt":"2026-04-30T07:18:50","slug":"la-ull-se-incorpora-como-sede-externa-de-los-cursos-de-verano-de-la-universidad-complutense-de-madrid","status":"publish","type":"post","link":"https:\/\/www.ull.es\/portal\/noticias\/2026\/la-ull-se-incorpora-como-sede-externa-de-los-cursos-de-verano-de-la-universidad-complutense-de-madrid\/","title":{"rendered":"La ULL se incorpora como sede externa de los Cursos de Verano de la Universidad Complutense de Madrid"},"content":{"rendered":"<p>La Universidad de La Laguna se incorpora este a\u00f1o como sede externa de los Cursos de Verano de la Universidad Complutense de Madrid, en el marco de la 39\u00aa edici\u00f3n de una de las citas acad\u00e9micas estivales de mayor prestigio y tradici\u00f3n del panorama universitario espa\u00f1ol.<\/p>\n<p>La programaci\u00f3n de 2026 de los Cursos de Verano de la UCM reunir\u00e1 82 cursos y m\u00e1s de una treintena de actividades culturales entre el 29 de junio y el 24 de julio, con sedes en San Lorenzo de El Escorial, distintas ciudades espa\u00f1olas y enclaves internacionales. En esta edici\u00f3n, la Universidad de Laguna figura entre las sedes externas, reforzando as\u00ed el car\u00e1cter abierto, descentralizado e internacional de esta iniciativa acad\u00e9mica.<\/p>\n<p>La participaci\u00f3n de la Universidad de La Laguna en esta edici\u00f3n se materializar\u00e1 con la celebraci\u00f3n del curso <strong>\u201c<\/strong><a href=\"https:\/\/www.ull.es\/portal\/agenda\/evento\/la-astrofisica-como-ciencia-y-motor-de-desarrollo-economico\/\" target=\"_blank\" rel=\"noopener\">La astrof\u00edsica como ciencia y motor de desarrollo econ\u00f3mico<\/a><strong>\u201d<\/strong>, una propuesta que pone en valor el liderazgo cient\u00edfico de Canarias en este \u00e1mbito y la estrecha relaci\u00f3n entre investigaci\u00f3n, innovaci\u00f3n y progreso territorial.<\/p>\n<p>El curso est\u00e1 dirigido por <a href=\"https:\/\/portalciencia.ull.es\/investigadores\/152340\/tesis\" target=\"_blank\" rel=\"noopener\">Jairo M\u00e9ndez Abreu<\/a>, quien ejerce la direcci\u00f3n acad\u00e9mica de una actividad que abordar\u00e1 una visi\u00f3n actual del Universo a partir de las observaciones realizadas con telescopios terrestres y espaciales, al tiempo que analizar\u00e1 el impacto econ\u00f3mico y estrat\u00e9gico de la astrof\u00edsica y del sector espacial. Canarias ocupa una posici\u00f3n de referencia internacional gracias a la excelencia de sus observatorios astron\u00f3micos y al ecosistema cient\u00edfico-tecnol\u00f3gico vinculado a esta actividad.<\/p>\n<p>De esta forma, esta iniciativa se alinea con el objetivo de Extensi\u00f3n Universitaria de crear nuevas alianzas con el fin de seguir enriqueciendo la oferta actual de extensi\u00f3n, ampliando espacios de formaci\u00f3n, reflexi\u00f3n y transferencia de conocimiento para la sociedad. Con esta colaboraci\u00f3n, la Universidad de La Laguna y la Universidad Complutense de Madrid refuerzan su compromiso compartido con una universidad conectada con la sociedad.<\/p>\n","protected":false},"excerpt":{"rendered":"<p>La Universidad de La Laguna se incorpora este a\u00f1o como sede externa de los Cursos de Verano de la Universidad&#8230;<\/p>\n","protected":false},"author":23,"featured_media":88379,"comment_status":"closed","ping_status":"closed","sticky":false,"template":"","format":"standard","meta":{"inline_featured_image":false,"footnotes":""},"categories":[344,345,2765],"tags":[],"acf":[],"yoast_head":"<!-- This site is optimized with the Yoast SEO plugin v21.3 - https:\/\/yoast.com\/wordpress\/plugins\/seo\/ -->\n<title>La ULL se incorpora como sede externa de los Cursos de Verano de la Universidad Complutense de Madrid - ULL - Noticias<\/title>\n<meta name=\"robots\" content=\"index, follow, max-snippet:-1, max-image-preview:large, max-video-preview:-1\" \/>\n<link rel=\"canonical\" href=\"https:\/\/www.ull.es\/portal\/noticias\/2026\/la-ull-se-incorpora-como-sede-externa-de-los-cursos-de-verano-de-la-universidad-complutense-de-madrid\/\" \/>\n<meta property=\"og:locale\" content=\"es_ES\" \/>\n<meta property=\"og:type\" content=\"article\" \/>\n<meta property=\"og:title\" content=\"La ULL se incorpora como sede externa de los Cursos de Verano de la Universidad Complutense de Madrid - ULL - Noticias\" \/>\n<meta property=\"og:description\" content=\"La Universidad de La Laguna se incorpora este a\u00f1o como sede externa de los Cursos de Verano de la Universidad...\" \/>\n<meta property=\"og:url\" content=\"https:\/\/www.ull.es\/portal\/noticias\/2026\/la-ull-se-incorpora-como-sede-externa-de-los-cursos-de-verano-de-la-universidad-complutense-de-madrid\/\" \/>\n<meta property=\"og:site_name\" content=\"ULL - Noticias\" \/>\n<meta property=\"article:publisher\" content=\"https:\/\/www.facebook.com\/universidaddelalaguna\/\" \/>\n<meta property=\"article:published_time\" content=\"2026-04-30T07:00:56+00:00\" \/>\n<meta property=\"article:modified_time\" content=\"2026-04-30T07:18:50+00:00\" \/>\n<meta property=\"og:image\" content=\"https:\/\/www.ull.es\/portal\/noticias\/wp-content\/uploads\/sites\/13\/2026\/04\/Astrofisica.png\" \/>\n\t<meta property=\"og:image:width\" content=\"750\" \/>\n\t<meta property=\"og:image:height\" content=\"370\" \/>\n\t<meta property=\"og:image:type\" content=\"image\/png\" \/>\n<meta name=\"author\" content=\"gaprsa\" \/>\n<meta name=\"twitter:card\" content=\"summary_large_image\" \/>\n<meta name=\"twitter:creator\" content=\"@CanalULL\" \/>\n<meta name=\"twitter:site\" content=\"@CanalULL\" \/>\n<meta name=\"twitter:label1\" content=\"Escrito por\" \/>\n\t<meta name=\"twitter:data1\" content=\"gaprsa\" \/>\n\t<meta name=\"twitter:label2\" content=\"Tiempo de lectura\" \/>\n\t<meta name=\"twitter:data2\" content=\"2 minutos\" \/>\n<script type=\"application\/ld+json\" class=\"yoast-schema-graph\">{\"@context\":\"https:\/\/schema.org\",\"@graph\":[{\"@type\":\"WebPage\",\"@id\":\"https:\/\/www.ull.es\/portal\/noticias\/2026\/la-ull-se-incorpora-como-sede-externa-de-los-cursos-de-verano-de-la-universidad-complutense-de-madrid\/\",\"url\":\"https:\/\/www.ull.es\/portal\/noticias\/2026\/la-ull-se-incorpora-como-sede-externa-de-los-cursos-de-verano-de-la-universidad-complutense-de-madrid\/\",\"name\":\"La ULL se incorpora como sede externa de los Cursos de Verano de la Universidad Complutense de Madrid - ULL - Noticias\",\"isPartOf\":{\"@id\":\"https:\/\/www.ull.es\/portal\/noticias\/#website\"},\"datePublished\":\"2026-04-30T07:00:56+00:00\",\"dateModified\":\"2026-04-30T07:18:50+00:00\",\"author\":{\"@id\":\"https:\/\/www.ull.es\/portal\/noticias\/#\/schema\/person\/b2b1a89d43ffa609e591f7df8ef3e817\"},\"breadcrumb\":{\"@id\":\"https:\/\/www.ull.es\/portal\/noticias\/2026\/la-ull-se-incorpora-como-sede-externa-de-los-cursos-de-verano-de-la-universidad-complutense-de-madrid\/#breadcrumb\"},\"inLanguage\":\"es\",\"potentialAction\":[{\"@type\":\"ReadAction\",\"target\":[\"https:\/\/www.ull.es\/portal\/noticias\/2026\/la-ull-se-incorpora-como-sede-externa-de-los-cursos-de-verano-de-la-universidad-complutense-de-madrid\/\"]}]},{\"@type\":\"BreadcrumbList\",\"@id\":\"https:\/\/www.ull.es\/portal\/noticias\/2026\/la-ull-se-incorpora-como-sede-externa-de-los-cursos-de-verano-de-la-universidad-complutense-de-madrid\/#breadcrumb\",\"itemListElement\":[{\"@type\":\"ListItem\",\"position\":1,\"name\":\"Portada\",\"item\":\"https:\/\/www.ull.es\/portal\/noticias\/\"},{\"@type\":\"ListItem\",\"position\":2,\"name\":\"La ULL se incorpora como sede externa de los Cursos de Verano de la Universidad Complutense de Madrid\"}]},{\"@type\":\"WebSite\",\"@id\":\"https:\/\/www.ull.es\/portal\/noticias\/#website\",\"url\":\"https:\/\/www.ull.es\/portal\/noticias\/\",\"name\":\"ULL - Noticias\",\"description\":\"\",\"potentialAction\":[{\"@type\":\"SearchAction\",\"target\":{\"@type\":\"EntryPoint\",\"urlTemplate\":\"https:\/\/www.ull.es\/portal\/noticias\/?s={search_term_string}\"},\"query-input\":\"required name=search_term_string\"}],\"inLanguage\":\"es\"},{\"@type\":\"Person\",\"@id\":\"https:\/\/www.ull.es\/portal\/noticias\/#\/schema\/person\/b2b1a89d43ffa609e591f7df8ef3e817\",\"name\":\"gaprsa\",\"image\":{\"@type\":\"ImageObject\",\"inLanguage\":\"es\",\"@id\":\"https:\/\/www.ull.es\/portal\/noticias\/#\/schema\/person\/image\/\",\"url\":\"https:\/\/secure.gravatar.com\/avatar\/443820550921091458b4823867723b3d?s=96&d=mm&r=g\",\"contentUrl\":\"https:\/\/secure.gravatar.com\/avatar\/443820550921091458b4823867723b3d?s=96&d=mm&r=g\",\"caption\":\"gaprsa\"},\"url\":\"https:\/\/www.ull.es\/portal\/noticias\/author\/gaprsa\/\"}]}<\/script>\n<!-- \/ Yoast SEO plugin. -->","yoast_head_json":{"title":"La ULL se incorpora como sede externa de los Cursos de Verano de la Universidad Complutense de Madrid - ULL - Noticias","robots":{"index":"index","follow":"follow","max-snippet":"max-snippet:-1","max-image-preview":"max-image-preview:large","max-video-preview":"max-video-preview:-1"},"canonical":"https:\/\/www.ull.es\/portal\/noticias\/2026\/la-ull-se-incorpora-como-sede-externa-de-los-cursos-de-verano-de-la-universidad-complutense-de-madrid\/","og_locale":"es_ES","og_type":"article","og_title":"La ULL se incorpora como sede externa de los Cursos de Verano de la Universidad Complutense de Madrid - ULL - Noticias","og_description":"La Universidad de La Laguna se incorpora este a\u00f1o como sede externa de los Cursos de Verano de la Universidad...","og_url":"https:\/\/www.ull.es\/portal\/noticias\/2026\/la-ull-se-incorpora-como-sede-externa-de-los-cursos-de-verano-de-la-universidad-complutense-de-madrid\/","og_site_name":"ULL - Noticias","article_publisher":"https:\/\/www.facebook.com\/universidaddelalaguna\/","article_published_time":"2026-04-30T07:00:56+00:00","article_modified_time":"2026-04-30T07:18:50+00:00","og_image":[{"width":750,"height":370,"url":"https:\/\/www.ull.es\/portal\/noticias\/wp-content\/uploads\/sites\/13\/2026\/04\/Astrofisica.png","type":"image\/png"}],"author":"gaprsa","twitter_card":"summary_large_image","twitter_creator":"@CanalULL","twitter_site":"@CanalULL","twitter_misc":{"Escrito por":"gaprsa","Tiempo de lectura":"2 minutos"},"schema":{"@context":"https:\/\/schema.org","@graph":[{"@type":"WebPage","@id":"https:\/\/www.ull.es\/portal\/noticias\/2026\/la-ull-se-incorpora-como-sede-externa-de-los-cursos-de-verano-de-la-universidad-complutense-de-madrid\/","url":"https:\/\/www.ull.es\/portal\/noticias\/2026\/la-ull-se-incorpora-como-sede-externa-de-los-cursos-de-verano-de-la-universidad-complutense-de-madrid\/","name":"La ULL se incorpora como sede externa de los Cursos de Verano de la Universidad Complutense de Madrid - ULL - Noticias","isPartOf":{"@id":"https:\/\/www.ull.es\/portal\/noticias\/#website"},"datePublished":"2026-04-30T07:00:56+00:00","dateModified":"2026-04-30T07:18:50+00:00","author":{"@id":"https:\/\/www.ull.es\/portal\/noticias\/#\/schema\/person\/b2b1a89d43ffa609e591f7df8ef3e817"},"breadcrumb":{"@id":"https:\/\/www.ull.es\/portal\/noticias\/2026\/la-ull-se-incorpora-como-sede-externa-de-los-cursos-de-verano-de-la-universidad-complutense-de-madrid\/#breadcrumb"},"inLanguage":"es","potentialAction":[{"@type":"ReadAction","target":["https:\/\/www.ull.es\/portal\/noticias\/2026\/la-ull-se-incorpora-como-sede-externa-de-los-cursos-de-verano-de-la-universidad-complutense-de-madrid\/"]}]},{"@type":"BreadcrumbList","@id":"https:\/\/www.ull.es\/portal\/noticias\/2026\/la-ull-se-incorpora-como-sede-externa-de-los-cursos-de-verano-de-la-universidad-complutense-de-madrid\/#breadcrumb","itemListElement":[{"@type":"ListItem","position":1,"name":"Portada","item":"https:\/\/www.ull.es\/portal\/noticias\/"},{"@type":"ListItem","position":2,"name":"La ULL se incorpora como sede externa de los Cursos de Verano de la Universidad Complutense de Madrid"}]},{"@type":"WebSite","@id":"https:\/\/www.ull.es\/portal\/noticias\/#website","url":"https:\/\/www.ull.es\/portal\/noticias\/","name":"ULL - Noticias","description":"","potentialAction":[{"@type":"SearchAction","target":{"@type":"EntryPoint","urlTemplate":"https:\/\/www.ull.es\/portal\/noticias\/?s={search_term_string}"},"query-input":"required name=search_term_string"}],"inLanguage":"es"},{"@type":"Person","@id":"https:\/\/www.ull.es\/portal\/noticias\/#\/schema\/person\/b2b1a89d43ffa609e591f7df8ef3e817","name":"gaprsa","image":{"@type":"ImageObject","inLanguage":"es","@id":"https:\/\/www.ull.es\/portal\/noticias\/#\/schema\/person\/image\/","url":"https:\/\/secure.gravatar.com\/avatar\/443820550921091458b4823867723b3d?s=96&d=mm&r=g","contentUrl":"https:\/\/secure.gravatar.com\/avatar\/443820550921091458b4823867723b3d?s=96&d=mm&r=g","caption":"gaprsa"},"url":"https:\/\/www.ull.es\/portal\/noticias\/author\/gaprsa\/"}]}},"primary_category":{"id":345,"name":"Destacado","slug":"destacado","link":"https:\/\/www.ull.es\/portal\/noticias\/category\/destacado\/"},"featured_image_thumbnail_url":"https:\/\/www.ull.es\/portal\/noticias\/wp-content\/uploads\/sites\/13\/2026\/04\/Astrofisica-300x148.png","_links":{"self":[{"href":"https:\/\/www.ull.es\/portal\/noticias\/wp-json\/wp\/v2\/posts\/88377"}],"collection":[{"href":"https:\/\/www.ull.es\/portal\/noticias\/wp-json\/wp\/v2\/posts"}],"about":[{"href":"https:\/\/www.ull.es\/portal\/noticias\/wp-json\/wp\/v2\/types\/post"}],"author":[{"embeddable":true,"href":"https:\/\/www.ull.es\/portal\/noticias\/wp-json\/wp\/v2\/users\/23"}],"replies":[{"embeddable":true,"href":"https:\/\/www.ull.es\/portal\/noticias\/wp-json\/wp\/v2\/comments?post=88377"}],"version-history":[{"count":1,"href":"https:\/\/www.ull.es\/portal\/noticias\/wp-json\/wp\/v2\/posts\/88377\/revisions"}],"predecessor-version":[{"id":88378,"href":"https:\/\/www.ull.es\/portal\/noticias\/wp-json\/wp\/v2\/posts\/88377\/revisions\/88378"}],"wp:featuredmedia":[{"embeddable":true,"href":"https:\/\/www.ull.es\/portal\/noticias\/wp-json\/wp\/v2\/media\/88379"}],"wp:attachment":[{"href":"https:\/\/www.ull.es\/portal\/noticias\/wp-json\/wp\/v2\/media?parent=88377"}],"wp:term":[{"taxonomy":"category","embeddable":true,"href":"https:\/\/www.ull.es\/portal\/noticias\/wp-json\/wp\/v2\/categories?post=88377"},{"taxonomy":"post_tag","embeddable":true,"href":"https:\/\/www.ull.es\/portal\/noticias\/wp-json\/wp\/v2\/tags?post=88377"}],"curies":[{"name":"wp","href":"https:\/\/api.w.org\/{rel}","templated":true}]}}