{"id":88386,"date":"2026-04-30T08:00:36","date_gmt":"2026-04-30T08:00:36","guid":{"rendered":"https:\/\/www.ull.es\/portal\/noticias\/?p=88386"},"modified":"2026-04-30T08:01:48","modified_gmt":"2026-04-30T08:01:48","slug":"el-club-guayota-tenerife-participa-en-la-serie-europea-como-preparacion-para-el-campeonato-del-mundo-de-ultimate","status":"publish","type":"post","link":"https:\/\/www.ull.es\/portal\/noticias\/2026\/el-club-guayota-tenerife-participa-en-la-serie-europea-como-preparacion-para-el-campeonato-del-mundo-de-ultimate\/","title":{"rendered":"El Club Guayota Tenerife participa en la serie europea como preparaci\u00f3n para el campeonato del mundo de Ultimate"},"content":{"rendered":"<div><\/div>\n<div>\n<p>Como parte de la preparaci\u00f3n para la participaci\u00f3n en el <a href=\"https:\/\/wucc.sport\/\" target=\"_blank\" rel=\"noopener\">campeonato del mundo de Ultimate,<\/a> \u00a0que se celebra el pr\u00f3ximo agosto en la ciudad irlandesa de Limerick, el Club Guayota Ultimate Tenerife perteneciente a la Universidad de La Laguna est\u00e1 participando en los torneos de la <a href=\"https:\/\/eucs.ultimatefederation.eu\/\" target=\"_blank\" rel=\"noopener\">Serie Europea<\/a>.<\/p>\n<p>El pasado fin de semana tuvo lugar el\u00a0<a href=\"https:\/\/spring-gre.ultimatefederation.eu\/?view=live\/index\" target=\"_blank\" rel=\"noopener\" data-saferedirecturl=\"https:\/\/www.google.com\/url?q=https:\/\/spring-gre.ultimatefederation.eu\/?view%3Dlive\/index&amp;source=gmail&amp;ust=1777621095957000&amp;usg=AOvVaw2DAQkMN6rogYPp4y1krP6s\" target=\"_blank\" rel=\"noopener\">Spring Tour, en Grenoble<\/a>, primer campeonato de esta temporada. Con mucho esfuerzo, una lista un poco ajustada de jugadores y jugadoras, y sin ranking previo, en la serie Europea, el Club Guayota se present\u00f3 en la ciudad francesa para poner a prueba el trabajo realizado y como parte de la preparaci\u00f3n para el mundial.<\/p>\n<p>Durante los dos d\u00edas de competici\u00f3n, Guayota fue enfrentando a cada rival con mucha solidez, desde la fase de grupos donde terminaron primeros hasta los cruces. En cuartos de final en un partido de infarto contra el equipo franc\u00e9s Sesquidistus, se impusieron por la m\u00ednima, remontando situaciones adversas durante el partido.\u00a0El equipo lleg\u00f3 a la final con confianza, pero encontraron al equipo local, Monkey Grenoble, que fue superior en la mayor parte del encuentro.<\/p>\n<p>La pr\u00f3xima cita en el horizonte es el Campeonato de Espa\u00f1a el 6 y 7 de junio en Burgos.\u00a0A continuaci\u00f3n disputar\u00e1n la Summer Tour (EUCS) en Burdeos el 25 y 26 de julio y WUCC del 15 al 22 de agosto en Limerick<\/p>\n<p>El club Guayota Ultimate Tenerife se cre\u00f3 hace m\u00e1s de veinticinco a\u00f1os en la Universidad de La Laguna con el fin de fomentar la pr\u00e1ctica de este deporte e introducirlo en los colegios e institutos de toda la isla, a trav\u00e9s de talleres, la competici\u00f3n interescolar del Cabildo y el compromiso con el programa \u201cEducar Entrenando\u201d. Adem\u00e1s de una filosof\u00eda deportiva y de competici\u00f3n dentro del equipo, la idea de Guayota sobre el Ultimate va m\u00e1s all\u00e1. Engloba un estilo de vida saludable y contribuye en el d\u00eda a d\u00eda con sus valores: igualdad, integraci\u00f3n, juego limpio, esfuerzo y compa\u00f1erismo, a trav\u00e9s del esp\u00edritu de juego.<\/p>\n<\/div>\n","protected":false},"excerpt":{"rendered":"<p>Como parte de la preparaci\u00f3n para la participaci\u00f3n en el campeonato del mundo de Ultimate, \u00a0que se celebra el pr\u00f3ximo&#8230;<\/p>\n","protected":false},"author":117,"featured_media":88387,"comment_status":"closed","ping_status":"closed","sticky":false,"template":"","format":"standard","meta":{"inline_featured_image":false,"footnotes":""},"categories":[4452],"tags":[],"acf":[],"yoast_head":"<!-- This site is optimized with the Yoast SEO plugin v21.3 - https:\/\/yoast.com\/wordpress\/plugins\/seo\/ -->\n<title>El Club Guayota Tenerife participa en la serie europea como preparaci\u00f3n para el campeonato del mundo de Ultimate - ULL - Noticias<\/title>\n<meta name=\"robots\" content=\"index, follow, max-snippet:-1, max-image-preview:large, max-video-preview:-1\" \/>\n<link rel=\"canonical\" href=\"https:\/\/www.ull.es\/portal\/noticias\/2026\/el-club-guayota-tenerife-participa-en-la-serie-europea-como-preparacion-para-el-campeonato-del-mundo-de-ultimate\/\" \/>\n<meta property=\"og:locale\" content=\"es_ES\" \/>\n<meta property=\"og:type\" content=\"article\" \/>\n<meta property=\"og:title\" content=\"El Club Guayota Tenerife participa en la serie europea como preparaci\u00f3n para el campeonato del mundo de Ultimate - ULL - Noticias\" \/>\n<meta property=\"og:description\" content=\"Como parte de la preparaci\u00f3n para la participaci\u00f3n en el campeonato del mundo de Ultimate, \u00a0que se celebra el pr\u00f3ximo...\" \/>\n<meta property=\"og:url\" content=\"https:\/\/www.ull.es\/portal\/noticias\/2026\/el-club-guayota-tenerife-participa-en-la-serie-europea-como-preparacion-para-el-campeonato-del-mundo-de-ultimate\/\" \/>\n<meta property=\"og:site_name\" content=\"ULL - Noticias\" \/>\n<meta property=\"article:publisher\" content=\"https:\/\/www.facebook.com\/universidaddelalaguna\/\" \/>\n<meta property=\"article:published_time\" content=\"2026-04-30T08:00:36+00:00\" \/>\n<meta property=\"article:modified_time\" content=\"2026-04-30T08:01:48+00:00\" \/>\n<meta property=\"og:image\" content=\"https:\/\/www.ull.es\/portal\/noticias\/wp-content\/uploads\/sites\/13\/2026\/04\/Guayota_SpringTour_2.jpg\" \/>\n\t<meta property=\"og:image:width\" content=\"1016\" \/>\n\t<meta property=\"og:image:height\" content=\"677\" \/>\n\t<meta property=\"og:image:type\" content=\"image\/jpeg\" \/>\n<meta name=\"author\" content=\"fgmgarciap\" \/>\n<meta name=\"twitter:card\" content=\"summary_large_image\" \/>\n<meta name=\"twitter:creator\" content=\"@CanalULL\" \/>\n<meta name=\"twitter:site\" content=\"@CanalULL\" \/>\n<meta name=\"twitter:label1\" content=\"Escrito por\" \/>\n\t<meta name=\"twitter:data1\" content=\"fgmgarciap\" \/>\n\t<meta name=\"twitter:label2\" content=\"Tiempo de lectura\" \/>\n\t<meta name=\"twitter:data2\" content=\"2 minutos\" \/>\n<script type=\"application\/ld+json\" class=\"yoast-schema-graph\">{\"@context\":\"https:\/\/schema.org\",\"@graph\":[{\"@type\":\"WebPage\",\"@id\":\"https:\/\/www.ull.es\/portal\/noticias\/2026\/el-club-guayota-tenerife-participa-en-la-serie-europea-como-preparacion-para-el-campeonato-del-mundo-de-ultimate\/\",\"url\":\"https:\/\/www.ull.es\/portal\/noticias\/2026\/el-club-guayota-tenerife-participa-en-la-serie-europea-como-preparacion-para-el-campeonato-del-mundo-de-ultimate\/\",\"name\":\"El Club Guayota Tenerife participa en la serie europea como preparaci\u00f3n para el campeonato del mundo de Ultimate - ULL - Noticias\",\"isPartOf\":{\"@id\":\"https:\/\/www.ull.es\/portal\/noticias\/#website\"},\"datePublished\":\"2026-04-30T08:00:36+00:00\",\"dateModified\":\"2026-04-30T08:01:48+00:00\",\"author\":{\"@id\":\"https:\/\/www.ull.es\/portal\/noticias\/#\/schema\/person\/846d89d17f66084807e31cc493c050df\"},\"breadcrumb\":{\"@id\":\"https:\/\/www.ull.es\/portal\/noticias\/2026\/el-club-guayota-tenerife-participa-en-la-serie-europea-como-preparacion-para-el-campeonato-del-mundo-de-ultimate\/#breadcrumb\"},\"inLanguage\":\"es\",\"potentialAction\":[{\"@type\":\"ReadAction\",\"target\":[\"https:\/\/www.ull.es\/portal\/noticias\/2026\/el-club-guayota-tenerife-participa-en-la-serie-europea-como-preparacion-para-el-campeonato-del-mundo-de-ultimate\/\"]}]},{\"@type\":\"BreadcrumbList\",\"@id\":\"https:\/\/www.ull.es\/portal\/noticias\/2026\/el-club-guayota-tenerife-participa-en-la-serie-europea-como-preparacion-para-el-campeonato-del-mundo-de-ultimate\/#breadcrumb\",\"itemListElement\":[{\"@type\":\"ListItem\",\"position\":1,\"name\":\"Portada\",\"item\":\"https:\/\/www.ull.es\/portal\/noticias\/\"},{\"@type\":\"ListItem\",\"position\":2,\"name\":\"El Club Guayota Tenerife participa en la serie europea como preparaci\u00f3n para el campeonato del mundo de Ultimate\"}]},{\"@type\":\"WebSite\",\"@id\":\"https:\/\/www.ull.es\/portal\/noticias\/#website\",\"url\":\"https:\/\/www.ull.es\/portal\/noticias\/\",\"name\":\"ULL - Noticias\",\"description\":\"\",\"potentialAction\":[{\"@type\":\"SearchAction\",\"target\":{\"@type\":\"EntryPoint\",\"urlTemplate\":\"https:\/\/www.ull.es\/portal\/noticias\/?s={search_term_string}\"},\"query-input\":\"required name=search_term_string\"}],\"inLanguage\":\"es\"},{\"@type\":\"Person\",\"@id\":\"https:\/\/www.ull.es\/portal\/noticias\/#\/schema\/person\/846d89d17f66084807e31cc493c050df\",\"name\":\"fgmgarciap\",\"image\":{\"@type\":\"ImageObject\",\"inLanguage\":\"es\",\"@id\":\"https:\/\/www.ull.es\/portal\/noticias\/#\/schema\/person\/image\/\",\"url\":\"https:\/\/secure.gravatar.com\/avatar\/9bca052f95fc53ecf42d4bc70ce0618b?s=96&d=mm&r=g\",\"contentUrl\":\"https:\/\/secure.gravatar.com\/avatar\/9bca052f95fc53ecf42d4bc70ce0618b?s=96&d=mm&r=g\",\"caption\":\"fgmgarciap\"},\"url\":\"https:\/\/www.ull.es\/portal\/noticias\/author\/fgmgarciap\/\"}]}<\/script>\n<!-- \/ Yoast SEO plugin. -->","yoast_head_json":{"title":"El Club Guayota Tenerife participa en la serie europea como preparaci\u00f3n para el campeonato del mundo de Ultimate - ULL - Noticias","robots":{"index":"index","follow":"follow","max-snippet":"max-snippet:-1","max-image-preview":"max-image-preview:large","max-video-preview":"max-video-preview:-1"},"canonical":"https:\/\/www.ull.es\/portal\/noticias\/2026\/el-club-guayota-tenerife-participa-en-la-serie-europea-como-preparacion-para-el-campeonato-del-mundo-de-ultimate\/","og_locale":"es_ES","og_type":"article","og_title":"El Club Guayota Tenerife participa en la serie europea como preparaci\u00f3n para el campeonato del mundo de Ultimate - ULL - Noticias","og_description":"Como parte de la preparaci\u00f3n para la participaci\u00f3n en el campeonato del mundo de Ultimate, \u00a0que se celebra el pr\u00f3ximo...","og_url":"https:\/\/www.ull.es\/portal\/noticias\/2026\/el-club-guayota-tenerife-participa-en-la-serie-europea-como-preparacion-para-el-campeonato-del-mundo-de-ultimate\/","og_site_name":"ULL - Noticias","article_publisher":"https:\/\/www.facebook.com\/universidaddelalaguna\/","article_published_time":"2026-04-30T08:00:36+00:00","article_modified_time":"2026-04-30T08:01:48+00:00","og_image":[{"width":1016,"height":677,"url":"https:\/\/www.ull.es\/portal\/noticias\/wp-content\/uploads\/sites\/13\/2026\/04\/Guayota_SpringTour_2.jpg","type":"image\/jpeg"}],"author":"fgmgarciap","twitter_card":"summary_large_image","twitter_creator":"@CanalULL","twitter_site":"@CanalULL","twitter_misc":{"Escrito por":"fgmgarciap","Tiempo de lectura":"2 minutos"},"schema":{"@context":"https:\/\/schema.org","@graph":[{"@type":"WebPage","@id":"https:\/\/www.ull.es\/portal\/noticias\/2026\/el-club-guayota-tenerife-participa-en-la-serie-europea-como-preparacion-para-el-campeonato-del-mundo-de-ultimate\/","url":"https:\/\/www.ull.es\/portal\/noticias\/2026\/el-club-guayota-tenerife-participa-en-la-serie-europea-como-preparacion-para-el-campeonato-del-mundo-de-ultimate\/","name":"El Club Guayota Tenerife participa en la serie europea como preparaci\u00f3n para el campeonato del mundo de Ultimate - ULL - Noticias","isPartOf":{"@id":"https:\/\/www.ull.es\/portal\/noticias\/#website"},"datePublished":"2026-04-30T08:00:36+00:00","dateModified":"2026-04-30T08:01:48+00:00","author":{"@id":"https:\/\/www.ull.es\/portal\/noticias\/#\/schema\/person\/846d89d17f66084807e31cc493c050df"},"breadcrumb":{"@id":"https:\/\/www.ull.es\/portal\/noticias\/2026\/el-club-guayota-tenerife-participa-en-la-serie-europea-como-preparacion-para-el-campeonato-del-mundo-de-ultimate\/#breadcrumb"},"inLanguage":"es","potentialAction":[{"@type":"ReadAction","target":["https:\/\/www.ull.es\/portal\/noticias\/2026\/el-club-guayota-tenerife-participa-en-la-serie-europea-como-preparacion-para-el-campeonato-del-mundo-de-ultimate\/"]}]},{"@type":"BreadcrumbList","@id":"https:\/\/www.ull.es\/portal\/noticias\/2026\/el-club-guayota-tenerife-participa-en-la-serie-europea-como-preparacion-para-el-campeonato-del-mundo-de-ultimate\/#breadcrumb","itemListElement":[{"@type":"ListItem","position":1,"name":"Portada","item":"https:\/\/www.ull.es\/portal\/noticias\/"},{"@type":"ListItem","position":2,"name":"El Club Guayota Tenerife participa en la serie europea como preparaci\u00f3n para el campeonato del mundo de Ultimate"}]},{"@type":"WebSite","@id":"https:\/\/www.ull.es\/portal\/noticias\/#website","url":"https:\/\/www.ull.es\/portal\/noticias\/","name":"ULL - Noticias","description":"","potentialAction":[{"@type":"SearchAction","target":{"@type":"EntryPoint","urlTemplate":"https:\/\/www.ull.es\/portal\/noticias\/?s={search_term_string}"},"query-input":"required name=search_term_string"}],"inLanguage":"es"},{"@type":"Person","@id":"https:\/\/www.ull.es\/portal\/noticias\/#\/schema\/person\/846d89d17f66084807e31cc493c050df","name":"fgmgarciap","image":{"@type":"ImageObject","inLanguage":"es","@id":"https:\/\/www.ull.es\/portal\/noticias\/#\/schema\/person\/image\/","url":"https:\/\/secure.gravatar.com\/avatar\/9bca052f95fc53ecf42d4bc70ce0618b?s=96&d=mm&r=g","contentUrl":"https:\/\/secure.gravatar.com\/avatar\/9bca052f95fc53ecf42d4bc70ce0618b?s=96&d=mm&r=g","caption":"fgmgarciap"},"url":"https:\/\/www.ull.es\/portal\/noticias\/author\/fgmgarciap\/"}]}},"primary_category":{"id":4452,"name":"Servicio de Deportes","slug":"servicio-de-deportes","link":"https:\/\/www.ull.es\/portal\/noticias\/category\/servicios\/servicio-de-deportes\/"},"featured_image_thumbnail_url":"https:\/\/www.ull.es\/portal\/noticias\/wp-content\/uploads\/sites\/13\/2026\/04\/Guayota_SpringTour_2-300x200.jpg","_links":{"self":[{"href":"https:\/\/www.ull.es\/portal\/noticias\/wp-json\/wp\/v2\/posts\/88386"}],"collection":[{"href":"https:\/\/www.ull.es\/portal\/noticias\/wp-json\/wp\/v2\/posts"}],"about":[{"href":"https:\/\/www.ull.es\/portal\/noticias\/wp-json\/wp\/v2\/types\/post"}],"author":[{"embeddable":true,"href":"https:\/\/www.ull.es\/portal\/noticias\/wp-json\/wp\/v2\/users\/117"}],"replies":[{"embeddable":true,"href":"https:\/\/www.ull.es\/portal\/noticias\/wp-json\/wp\/v2\/comments?post=88386"}],"version-history":[{"count":3,"href":"https:\/\/www.ull.es\/portal\/noticias\/wp-json\/wp\/v2\/posts\/88386\/revisions"}],"predecessor-version":[{"id":88391,"href":"https:\/\/www.ull.es\/portal\/noticias\/wp-json\/wp\/v2\/posts\/88386\/revisions\/88391"}],"wp:featuredmedia":[{"embeddable":true,"href":"https:\/\/www.ull.es\/portal\/noticias\/wp-json\/wp\/v2\/media\/88387"}],"wp:attachment":[{"href":"https:\/\/www.ull.es\/portal\/noticias\/wp-json\/wp\/v2\/media?parent=88386"}],"wp:term":[{"taxonomy":"category","embeddable":true,"href":"https:\/\/www.ull.es\/portal\/noticias\/wp-json\/wp\/v2\/categories?post=88386"},{"taxonomy":"post_tag","embeddable":true,"href":"https:\/\/www.ull.es\/portal\/noticias\/wp-json\/wp\/v2\/tags?post=88386"}],"curies":[{"name":"wp","href":"https:\/\/api.w.org\/{rel}","templated":true}]}}