{"id":88392,"date":"2026-04-30T08:44:59","date_gmt":"2026-04-30T08:44:59","guid":{"rendered":"https:\/\/www.ull.es\/portal\/noticias\/?p=88392"},"modified":"2026-04-30T08:50:52","modified_gmt":"2026-04-30T08:50:52","slug":"cabildo-universidad-avanzan-futuro-campus-la-palma","status":"publish","type":"post","link":"https:\/\/www.ull.es\/portal\/noticias\/2026\/cabildo-universidad-avanzan-futuro-campus-la-palma\/","title":{"rendered":"El Cabildo y la Universidad de La Laguna avanzan el dise\u00f1o de un futuro campus en La Palma"},"content":{"rendered":"<p>El Cabildo de La Palma y la Universidad de La Laguna est\u00e1n manteniendo una serie de reuniones para avanzar en el dise\u00f1o de un futuro campus universitario, un proyecto que persigue ampliar la oferta formativa superior en la isla para tratar de fijar en ella a su poblaci\u00f3n joven, as\u00ed como para atraer talento exterior.<\/p>\n<p>El presidente insular, Sergio Rodr\u00edguez, y la consejera de Educaci\u00f3n, Susa Armas, se han reunido esta semana con el rector de la Universidad de La Laguna, Francisco J. Garc\u00eda; el gerente de la Fundaci\u00f3n General de la instituci\u00f3n acad\u00e9mica, Julio Brito; el profesor del \u00e1rea de Derecho Civil <a href=\"https:\/\/portalciencia.ull.es\/investigadores\/80886\/detalle\" target=\"_blank\" rel=\"noopener\" target=\"_blank\" rel=\"noopener\">Francisco D\u00edaz Brito<\/a>; y personal t\u00e9cnico del cabildo.<\/p>\n<p>En este nuevo encuentro se ha avanzado en la definici\u00f3n de c\u00f3mo podr\u00eda funcionar el futuro centro educativo, as\u00ed como el instrumento jur\u00eddico para convertirlo en realidad: un convenio de colaboraci\u00f3n para crear una fundaci\u00f3n liderada por el Cabildo de La Palma en el \u00e1mbito pol\u00edtico-territorial y de la Universidad de La Laguna en el aspecto formativo, con la implicaci\u00f3n de los diferentes agentes que formen parte del proyecto.<\/p>\n<p>Rodr\u00edguez incidi\u00f3 en la importancia de contar con el respaldo y colaboraci\u00f3n de la Universidad de La Laguna para sacar adelante esta iniciativa \u201cque supondr\u00e1 un antes y un despu\u00e9s para el futuro de La Palma\u201d. Tambi\u00e9n ha detallado las conversaciones con la Universidad de La Laguna para contar con futuras plazas espec\u00edficas para el profesorado en la isla.<\/p>\n<p>Record\u00f3, asimismo, que este campus tendr\u00eda una clara vocaci\u00f3n de integraci\u00f3n institucional, para lo cual se espera contar con la participaci\u00f3n de las entidades cient\u00edficas con presencia en La Palma: el Instituto de Astrof\u00edsica de Canarias (IAC), el Involcan, Plocan y el Instituto Geogr\u00e1fico Nacional (IGN). El objetivo es crear de manera progresiva este campus universitario que contar\u00e1 en un primer momento con posgrados y m\u00e1steres, e incorporar\u00e1 grados oficiales en los siguientes cursos.<\/p>\n<p>Por su parte, el rector de la Universidad de La Laguna, Francisco Garc\u00eda, defendi\u00f3 la responsabilidad que asume la entidad para abordar este proyecto: \u201cEl futuro espacio universitario refleja la vocaci\u00f3n de nuestra Universidad de fortalecer nuestra presencia en el conjunto del territorio insular y singularmente en la isla de La Palma, a la cual nos une una ampl\u00edsima e intensa relaci\u00f3n de colaboraci\u00f3n\u201d.<\/p>\n<p>En esta l\u00ednea, el rector afirm\u00f3 el compromiso de avanzar a la presencialidad total de los estudios de enfermer\u00eda, que ser\u00e1 progresiva y plena en el plazo de tres a\u00f1os. Asimismo, indic\u00f3 que se est\u00e1 trabajando en el dise\u00f1o de dos titulaciones oficiales de m\u00e1ster, uno vinculado a la ingenier\u00eda para la observaci\u00f3n cient\u00edfica y otro de vulcanolog\u00eda, de car\u00e1cter interuniversitario, en el que participar\u00edan otras universidades, como la de Las Palmas de Gran Canaria.<\/p>\n","protected":false},"excerpt":{"rendered":"<p>El Cabildo de La Palma y la Universidad de La Laguna est\u00e1n manteniendo una serie de reuniones para avanzar en&#8230;<\/p>\n","protected":false},"author":21,"featured_media":88393,"comment_status":"closed","ping_status":"closed","sticky":false,"template":"","format":"standard","meta":{"inline_featured_image":false,"footnotes":""},"categories":[345,348,2765],"tags":[12636,3252,1729,12637,8125],"acf":[],"yoast_head":"<!-- This site is optimized with the Yoast SEO plugin v21.3 - https:\/\/yoast.com\/wordpress\/plugins\/seo\/ -->\n<title>Cabildo y ULL avanzan el dise\u00f1o de un futuro campus en La Palma<\/title>\n<meta name=\"description\" content=\"El rector y el presidente del cabildo insular han mantenido varias reuniones para perfilar un proyecto que incorporar\u00e1 grados y posgrados.\" \/>\n<meta name=\"robots\" content=\"index, follow, max-snippet:-1, max-image-preview:large, max-video-preview:-1\" \/>\n<link rel=\"canonical\" href=\"https:\/\/www.ull.es\/portal\/noticias\/2026\/cabildo-universidad-avanzan-futuro-campus-la-palma\/\" \/>\n<meta property=\"og:locale\" content=\"es_ES\" \/>\n<meta property=\"og:type\" content=\"article\" \/>\n<meta property=\"og:title\" content=\"Cabildo y ULL avanzan el dise\u00f1o de un futuro campus en La Palma\" \/>\n<meta property=\"og:description\" content=\"El rector y el presidente del cabildo insular han mantenido varias reuniones para perfilar un proyecto que incorporar\u00e1 grados y posgrados.\" \/>\n<meta property=\"og:url\" content=\"https:\/\/www.ull.es\/portal\/noticias\/2026\/cabildo-universidad-avanzan-futuro-campus-la-palma\/\" \/>\n<meta property=\"og:site_name\" content=\"ULL - Noticias\" \/>\n<meta property=\"article:publisher\" content=\"https:\/\/www.facebook.com\/universidaddelalaguna\/\" \/>\n<meta property=\"article:published_time\" content=\"2026-04-30T08:44:59+00:00\" \/>\n<meta property=\"article:modified_time\" content=\"2026-04-30T08:50:52+00:00\" \/>\n<meta property=\"og:image\" content=\"https:\/\/www.ull.es\/portal\/noticias\/wp-content\/uploads\/sites\/13\/2026\/04\/reunion-rector-ull-presidente-cabildo-la-palma.jpg\" \/>\n\t<meta property=\"og:image:width\" content=\"1200\" \/>\n\t<meta property=\"og:image:height\" content=\"800\" \/>\n\t<meta property=\"og:image:type\" content=\"image\/jpeg\" \/>\n<meta name=\"author\" content=\"prensa2\" \/>\n<meta name=\"twitter:card\" content=\"summary_large_image\" \/>\n<meta name=\"twitter:creator\" content=\"@CanalULL\" \/>\n<meta name=\"twitter:site\" content=\"@CanalULL\" \/>\n<meta name=\"twitter:label1\" content=\"Escrito por\" \/>\n\t<meta name=\"twitter:data1\" content=\"prensa2\" \/>\n\t<meta name=\"twitter:label2\" content=\"Tiempo de lectura\" \/>\n\t<meta name=\"twitter:data2\" content=\"3 minutos\" \/>\n<script type=\"application\/ld+json\" class=\"yoast-schema-graph\">{\"@context\":\"https:\/\/schema.org\",\"@graph\":[{\"@type\":\"WebPage\",\"@id\":\"https:\/\/www.ull.es\/portal\/noticias\/2026\/cabildo-universidad-avanzan-futuro-campus-la-palma\/\",\"url\":\"https:\/\/www.ull.es\/portal\/noticias\/2026\/cabildo-universidad-avanzan-futuro-campus-la-palma\/\",\"name\":\"Cabildo y ULL avanzan el dise\u00f1o de un futuro campus en La Palma\",\"isPartOf\":{\"@id\":\"https:\/\/www.ull.es\/portal\/noticias\/#website\"},\"datePublished\":\"2026-04-30T08:44:59+00:00\",\"dateModified\":\"2026-04-30T08:50:52+00:00\",\"author\":{\"@id\":\"https:\/\/www.ull.es\/portal\/noticias\/#\/schema\/person\/c3b2aa857797592927a03740d6664376\"},\"description\":\"El rector y el presidente del cabildo insular han mantenido varias reuniones para perfilar un proyecto que incorporar\u00e1 grados y posgrados.\",\"breadcrumb\":{\"@id\":\"https:\/\/www.ull.es\/portal\/noticias\/2026\/cabildo-universidad-avanzan-futuro-campus-la-palma\/#breadcrumb\"},\"inLanguage\":\"es\",\"potentialAction\":[{\"@type\":\"ReadAction\",\"target\":[\"https:\/\/www.ull.es\/portal\/noticias\/2026\/cabildo-universidad-avanzan-futuro-campus-la-palma\/\"]}]},{\"@type\":\"BreadcrumbList\",\"@id\":\"https:\/\/www.ull.es\/portal\/noticias\/2026\/cabildo-universidad-avanzan-futuro-campus-la-palma\/#breadcrumb\",\"itemListElement\":[{\"@type\":\"ListItem\",\"position\":1,\"name\":\"Portada\",\"item\":\"https:\/\/www.ull.es\/portal\/noticias\/\"},{\"@type\":\"ListItem\",\"position\":2,\"name\":\"El Cabildo y la Universidad de La Laguna avanzan el dise\u00f1o de un futuro campus en La Palma\"}]},{\"@type\":\"WebSite\",\"@id\":\"https:\/\/www.ull.es\/portal\/noticias\/#website\",\"url\":\"https:\/\/www.ull.es\/portal\/noticias\/\",\"name\":\"ULL - Noticias\",\"description\":\"\",\"potentialAction\":[{\"@type\":\"SearchAction\",\"target\":{\"@type\":\"EntryPoint\",\"urlTemplate\":\"https:\/\/www.ull.es\/portal\/noticias\/?s={search_term_string}\"},\"query-input\":\"required name=search_term_string\"}],\"inLanguage\":\"es\"},{\"@type\":\"Person\",\"@id\":\"https:\/\/www.ull.es\/portal\/noticias\/#\/schema\/person\/c3b2aa857797592927a03740d6664376\",\"name\":\"prensa2\",\"image\":{\"@type\":\"ImageObject\",\"inLanguage\":\"es\",\"@id\":\"https:\/\/www.ull.es\/portal\/noticias\/#\/schema\/person\/image\/\",\"url\":\"https:\/\/secure.gravatar.com\/avatar\/b58f310a5de5feb33d1e026d2493f23c?s=96&d=mm&r=g\",\"contentUrl\":\"https:\/\/secure.gravatar.com\/avatar\/b58f310a5de5feb33d1e026d2493f23c?s=96&d=mm&r=g\",\"caption\":\"prensa2\"},\"url\":\"https:\/\/www.ull.es\/portal\/noticias\/author\/prensa2\/\"}]}<\/script>\n<!-- \/ Yoast SEO plugin. -->","yoast_head_json":{"title":"Cabildo y ULL avanzan el dise\u00f1o de un futuro campus en La Palma","description":"El rector y el presidente del cabildo insular han mantenido varias reuniones para perfilar un proyecto que incorporar\u00e1 grados y posgrados.","robots":{"index":"index","follow":"follow","max-snippet":"max-snippet:-1","max-image-preview":"max-image-preview:large","max-video-preview":"max-video-preview:-1"},"canonical":"https:\/\/www.ull.es\/portal\/noticias\/2026\/cabildo-universidad-avanzan-futuro-campus-la-palma\/","og_locale":"es_ES","og_type":"article","og_title":"Cabildo y ULL avanzan el dise\u00f1o de un futuro campus en La Palma","og_description":"El rector y el presidente del cabildo insular han mantenido varias reuniones para perfilar un proyecto que incorporar\u00e1 grados y posgrados.","og_url":"https:\/\/www.ull.es\/portal\/noticias\/2026\/cabildo-universidad-avanzan-futuro-campus-la-palma\/","og_site_name":"ULL - Noticias","article_publisher":"https:\/\/www.facebook.com\/universidaddelalaguna\/","article_published_time":"2026-04-30T08:44:59+00:00","article_modified_time":"2026-04-30T08:50:52+00:00","og_image":[{"width":1200,"height":800,"url":"https:\/\/www.ull.es\/portal\/noticias\/wp-content\/uploads\/sites\/13\/2026\/04\/reunion-rector-ull-presidente-cabildo-la-palma.jpg","type":"image\/jpeg"}],"author":"prensa2","twitter_card":"summary_large_image","twitter_creator":"@CanalULL","twitter_site":"@CanalULL","twitter_misc":{"Escrito por":"prensa2","Tiempo de lectura":"3 minutos"},"schema":{"@context":"https:\/\/schema.org","@graph":[{"@type":"WebPage","@id":"https:\/\/www.ull.es\/portal\/noticias\/2026\/cabildo-universidad-avanzan-futuro-campus-la-palma\/","url":"https:\/\/www.ull.es\/portal\/noticias\/2026\/cabildo-universidad-avanzan-futuro-campus-la-palma\/","name":"Cabildo y ULL avanzan el dise\u00f1o de un futuro campus en La Palma","isPartOf":{"@id":"https:\/\/www.ull.es\/portal\/noticias\/#website"},"datePublished":"2026-04-30T08:44:59+00:00","dateModified":"2026-04-30T08:50:52+00:00","author":{"@id":"https:\/\/www.ull.es\/portal\/noticias\/#\/schema\/person\/c3b2aa857797592927a03740d6664376"},"description":"El rector y el presidente del cabildo insular han mantenido varias reuniones para perfilar un proyecto que incorporar\u00e1 grados y posgrados.","breadcrumb":{"@id":"https:\/\/www.ull.es\/portal\/noticias\/2026\/cabildo-universidad-avanzan-futuro-campus-la-palma\/#breadcrumb"},"inLanguage":"es","potentialAction":[{"@type":"ReadAction","target":["https:\/\/www.ull.es\/portal\/noticias\/2026\/cabildo-universidad-avanzan-futuro-campus-la-palma\/"]}]},{"@type":"BreadcrumbList","@id":"https:\/\/www.ull.es\/portal\/noticias\/2026\/cabildo-universidad-avanzan-futuro-campus-la-palma\/#breadcrumb","itemListElement":[{"@type":"ListItem","position":1,"name":"Portada","item":"https:\/\/www.ull.es\/portal\/noticias\/"},{"@type":"ListItem","position":2,"name":"El Cabildo y la Universidad de La Laguna avanzan el dise\u00f1o de un futuro campus en La Palma"}]},{"@type":"WebSite","@id":"https:\/\/www.ull.es\/portal\/noticias\/#website","url":"https:\/\/www.ull.es\/portal\/noticias\/","name":"ULL - Noticias","description":"","potentialAction":[{"@type":"SearchAction","target":{"@type":"EntryPoint","urlTemplate":"https:\/\/www.ull.es\/portal\/noticias\/?s={search_term_string}"},"query-input":"required name=search_term_string"}],"inLanguage":"es"},{"@type":"Person","@id":"https:\/\/www.ull.es\/portal\/noticias\/#\/schema\/person\/c3b2aa857797592927a03740d6664376","name":"prensa2","image":{"@type":"ImageObject","inLanguage":"es","@id":"https:\/\/www.ull.es\/portal\/noticias\/#\/schema\/person\/image\/","url":"https:\/\/secure.gravatar.com\/avatar\/b58f310a5de5feb33d1e026d2493f23c?s=96&d=mm&r=g","contentUrl":"https:\/\/secure.gravatar.com\/avatar\/b58f310a5de5feb33d1e026d2493f23c?s=96&d=mm&r=g","caption":"prensa2"},"url":"https:\/\/www.ull.es\/portal\/noticias\/author\/prensa2\/"}]}},"primary_category":{"id":345,"name":"Destacado","slug":"destacado","link":"https:\/\/www.ull.es\/portal\/noticias\/category\/destacado\/"},"featured_image_thumbnail_url":"https:\/\/www.ull.es\/portal\/noticias\/wp-content\/uploads\/sites\/13\/2026\/04\/reunion-rector-ull-presidente-cabildo-la-palma-300x200.jpg","_links":{"self":[{"href":"https:\/\/www.ull.es\/portal\/noticias\/wp-json\/wp\/v2\/posts\/88392"}],"collection":[{"href":"https:\/\/www.ull.es\/portal\/noticias\/wp-json\/wp\/v2\/posts"}],"about":[{"href":"https:\/\/www.ull.es\/portal\/noticias\/wp-json\/wp\/v2\/types\/post"}],"author":[{"embeddable":true,"href":"https:\/\/www.ull.es\/portal\/noticias\/wp-json\/wp\/v2\/users\/21"}],"replies":[{"embeddable":true,"href":"https:\/\/www.ull.es\/portal\/noticias\/wp-json\/wp\/v2\/comments?post=88392"}],"version-history":[{"count":1,"href":"https:\/\/www.ull.es\/portal\/noticias\/wp-json\/wp\/v2\/posts\/88392\/revisions"}],"predecessor-version":[{"id":88394,"href":"https:\/\/www.ull.es\/portal\/noticias\/wp-json\/wp\/v2\/posts\/88392\/revisions\/88394"}],"wp:featuredmedia":[{"embeddable":true,"href":"https:\/\/www.ull.es\/portal\/noticias\/wp-json\/wp\/v2\/media\/88393"}],"wp:attachment":[{"href":"https:\/\/www.ull.es\/portal\/noticias\/wp-json\/wp\/v2\/media?parent=88392"}],"wp:term":[{"taxonomy":"category","embeddable":true,"href":"https:\/\/www.ull.es\/portal\/noticias\/wp-json\/wp\/v2\/categories?post=88392"},{"taxonomy":"post_tag","embeddable":true,"href":"https:\/\/www.ull.es\/portal\/noticias\/wp-json\/wp\/v2\/tags?post=88392"}],"curies":[{"name":"wp","href":"https:\/\/api.w.org\/{rel}","templated":true}]}}