{"id":88395,"date":"2026-04-30T09:03:19","date_gmt":"2026-04-30T09:03:19","guid":{"rendered":"https:\/\/www.ull.es\/portal\/noticias\/?p=88395"},"modified":"2026-04-30T09:03:19","modified_gmt":"2026-04-30T09:03:19","slug":"la-ull-participa-en-la-creacion-de-materiales-educativos-para-un-curso-sobre-el-trio-de-eclipses-2026-2027-2028","status":"publish","type":"post","link":"https:\/\/www.ull.es\/portal\/noticias\/2026\/la-ull-participa-en-la-creacion-de-materiales-educativos-para-un-curso-sobre-el-trio-de-eclipses-2026-2027-2028\/","title":{"rendered":"La ULL participa en la creaci\u00f3n de materiales educativos para un curso sobre el tr\u00edo de eclipses 2026-2027-2028"},"content":{"rendered":"<p>La Universidad de La Laguna participa en la creaci\u00f3n de materiales educativos para el curso masivo y abierto en l\u00ednea (MOOC) titulado <a href=\"https:\/\/formacion.intef.es\/abierta\/login\/index.php\" target=\"_blank\" rel=\"noopener\">\u201cEl Sol y el tr\u00edo de eclipses 2026-2027-2028\u201d<\/a>. Este curso surge ante los pr\u00f3ximos tres eclipses solares que ser\u00e1n visibles desde Espa\u00f1a: dos eclipses totales, previstos para el 12 de agosto de 2026 y el 2 de agosto de 2027, y un eclipse anular que tendr\u00e1 lugar el 26 de enero de 2028.<\/p>\n<p>El objetivo del MOOC es aprovechar el inter\u00e9s educativo de estos fen\u00f3menos astron\u00f3micos para usarlos en el aula. El curso se desarrollar\u00e1 del 5 de mayo al 12 de junio y las inscripciones permanecer\u00e1n abiertas hasta el 23 de mayo. Est\u00e1 organizado por el Grupo de Trabajo de Educaci\u00f3n del Tr\u00edo de Eclipses, los Coordinadores Nacionales de Astronom\u00eda para la Educaci\u00f3n de la IAU en Espa\u00f1a y el Instituto Nacional de Tecnolog\u00edas Educativas y de Formaci\u00f3n del Profesorado (INTEF).<\/p>\n<p><a href=\"https:\/\/portalciencia.ull.es\/investigadores\/81521\/detalle\" target=\"_blank\" rel=\"noopener\">Antonio Darwich<\/a>, profesor del Departamento de Did\u00e1cticas Espec\u00edficas de la Universidad de La Laguna y director cient\u00edfico de la Unidad de Cultura Cient\u00edfica y de la Innovaci\u00f3n de la Universidad de La Laguna (Cienci@ULL), ha contribuido, junto con m\u00e1s expertos y expertas en divulgaci\u00f3n cient\u00edfica, al dise\u00f1o de recursos did\u00e1cticos pr\u00e1cticos, accesibles y basados en evidencia cient\u00edfica. Estos materiales incluyen propuestas para actividades educativas dirigidas a distintos niveles escolares.<\/p>\n<p>El curso, impartido a trav\u00e9s de la plataforma de Formaci\u00f3n Abierta del INTEF, aborda contenidos como la observaci\u00f3n segura de los eclipses, la mejor forma de planificar su observaci\u00f3n, la identificaci\u00f3n de la corona solar, la comprensi\u00f3n de la naturaleza del Sol y el an\u00e1lisis de c\u00f3mo su actividad puede influir en las comunicaciones y los sat\u00e9lites.<\/p>\n<p>La formaci\u00f3n est\u00e1 dirigida principalmente a docentes y profesionales de la educaci\u00f3n, aunque puede participar cualquier persona interesada. Tiene una duraci\u00f3n aproximada de 30 horas, repartidas en un m\u00f3dulo introductorio y cuatro bloques tem\u00e1ticos. Al finalizar, las personas participantes recibir\u00e1n una insignia digital del INTEF como acreditaci\u00f3n del aprendizaje.<\/p>\n","protected":false},"excerpt":{"rendered":"<p>La Universidad de La Laguna participa en la creaci\u00f3n de materiales educativos para el curso masivo y abierto en l\u00ednea&#8230;<\/p>\n","protected":false},"author":23,"featured_media":88396,"comment_status":"closed","ping_status":"closed","sticky":false,"template":"","format":"standard","meta":{"inline_featured_image":false,"footnotes":""},"categories":[3785],"tags":[],"acf":[],"yoast_head":"<!-- This site is optimized with the Yoast SEO plugin v21.3 - https:\/\/yoast.com\/wordpress\/plugins\/seo\/ -->\n<title>La ULL participa en la creaci\u00f3n de materiales educativos para un curso sobre el tr\u00edo de eclipses 2026-2027-2028 - ULL - Noticias<\/title>\n<meta name=\"robots\" content=\"index, follow, max-snippet:-1, max-image-preview:large, max-video-preview:-1\" \/>\n<link rel=\"canonical\" href=\"https:\/\/www.ull.es\/portal\/noticias\/2026\/la-ull-participa-en-la-creacion-de-materiales-educativos-para-un-curso-sobre-el-trio-de-eclipses-2026-2027-2028\/\" \/>\n<meta property=\"og:locale\" content=\"es_ES\" \/>\n<meta property=\"og:type\" content=\"article\" \/>\n<meta property=\"og:title\" content=\"La ULL participa en la creaci\u00f3n de materiales educativos para un curso sobre el tr\u00edo de eclipses 2026-2027-2028 - ULL - Noticias\" \/>\n<meta property=\"og:description\" content=\"La Universidad de La Laguna participa en la creaci\u00f3n de materiales educativos para el curso masivo y abierto en l\u00ednea...\" \/>\n<meta property=\"og:url\" content=\"https:\/\/www.ull.es\/portal\/noticias\/2026\/la-ull-participa-en-la-creacion-de-materiales-educativos-para-un-curso-sobre-el-trio-de-eclipses-2026-2027-2028\/\" \/>\n<meta property=\"og:site_name\" content=\"ULL - Noticias\" \/>\n<meta property=\"article:publisher\" content=\"https:\/\/www.facebook.com\/universidaddelalaguna\/\" \/>\n<meta property=\"article:published_time\" content=\"2026-04-30T09:03:19+00:00\" \/>\n<meta property=\"og:image\" content=\"https:\/\/www.ull.es\/portal\/noticias\/wp-content\/uploads\/sites\/13\/2026\/04\/Imagen-MOC.png\" \/>\n\t<meta property=\"og:image:width\" content=\"1024\" \/>\n\t<meta property=\"og:image:height\" content=\"380\" \/>\n\t<meta property=\"og:image:type\" content=\"image\/png\" \/>\n<meta name=\"author\" content=\"gaprsa\" \/>\n<meta name=\"twitter:card\" content=\"summary_large_image\" \/>\n<meta name=\"twitter:creator\" content=\"@CanalULL\" \/>\n<meta name=\"twitter:site\" content=\"@CanalULL\" \/>\n<meta name=\"twitter:label1\" content=\"Escrito por\" \/>\n\t<meta name=\"twitter:data1\" content=\"gaprsa\" \/>\n\t<meta name=\"twitter:label2\" content=\"Tiempo de lectura\" \/>\n\t<meta name=\"twitter:data2\" content=\"2 minutos\" \/>\n<script type=\"application\/ld+json\" class=\"yoast-schema-graph\">{\"@context\":\"https:\/\/schema.org\",\"@graph\":[{\"@type\":\"WebPage\",\"@id\":\"https:\/\/www.ull.es\/portal\/noticias\/2026\/la-ull-participa-en-la-creacion-de-materiales-educativos-para-un-curso-sobre-el-trio-de-eclipses-2026-2027-2028\/\",\"url\":\"https:\/\/www.ull.es\/portal\/noticias\/2026\/la-ull-participa-en-la-creacion-de-materiales-educativos-para-un-curso-sobre-el-trio-de-eclipses-2026-2027-2028\/\",\"name\":\"La ULL participa en la creaci\u00f3n de materiales educativos para un curso sobre el tr\u00edo de eclipses 2026-2027-2028 - ULL - Noticias\",\"isPartOf\":{\"@id\":\"https:\/\/www.ull.es\/portal\/noticias\/#website\"},\"datePublished\":\"2026-04-30T09:03:19+00:00\",\"dateModified\":\"2026-04-30T09:03:19+00:00\",\"author\":{\"@id\":\"https:\/\/www.ull.es\/portal\/noticias\/#\/schema\/person\/b2b1a89d43ffa609e591f7df8ef3e817\"},\"breadcrumb\":{\"@id\":\"https:\/\/www.ull.es\/portal\/noticias\/2026\/la-ull-participa-en-la-creacion-de-materiales-educativos-para-un-curso-sobre-el-trio-de-eclipses-2026-2027-2028\/#breadcrumb\"},\"inLanguage\":\"es\",\"potentialAction\":[{\"@type\":\"ReadAction\",\"target\":[\"https:\/\/www.ull.es\/portal\/noticias\/2026\/la-ull-participa-en-la-creacion-de-materiales-educativos-para-un-curso-sobre-el-trio-de-eclipses-2026-2027-2028\/\"]}]},{\"@type\":\"BreadcrumbList\",\"@id\":\"https:\/\/www.ull.es\/portal\/noticias\/2026\/la-ull-participa-en-la-creacion-de-materiales-educativos-para-un-curso-sobre-el-trio-de-eclipses-2026-2027-2028\/#breadcrumb\",\"itemListElement\":[{\"@type\":\"ListItem\",\"position\":1,\"name\":\"Portada\",\"item\":\"https:\/\/www.ull.es\/portal\/noticias\/\"},{\"@type\":\"ListItem\",\"position\":2,\"name\":\"La ULL participa en la creaci\u00f3n de materiales educativos para un curso sobre el tr\u00edo de eclipses 2026-2027-2028\"}]},{\"@type\":\"WebSite\",\"@id\":\"https:\/\/www.ull.es\/portal\/noticias\/#website\",\"url\":\"https:\/\/www.ull.es\/portal\/noticias\/\",\"name\":\"ULL - Noticias\",\"description\":\"\",\"potentialAction\":[{\"@type\":\"SearchAction\",\"target\":{\"@type\":\"EntryPoint\",\"urlTemplate\":\"https:\/\/www.ull.es\/portal\/noticias\/?s={search_term_string}\"},\"query-input\":\"required name=search_term_string\"}],\"inLanguage\":\"es\"},{\"@type\":\"Person\",\"@id\":\"https:\/\/www.ull.es\/portal\/noticias\/#\/schema\/person\/b2b1a89d43ffa609e591f7df8ef3e817\",\"name\":\"gaprsa\",\"image\":{\"@type\":\"ImageObject\",\"inLanguage\":\"es\",\"@id\":\"https:\/\/www.ull.es\/portal\/noticias\/#\/schema\/person\/image\/\",\"url\":\"https:\/\/secure.gravatar.com\/avatar\/443820550921091458b4823867723b3d?s=96&d=mm&r=g\",\"contentUrl\":\"https:\/\/secure.gravatar.com\/avatar\/443820550921091458b4823867723b3d?s=96&d=mm&r=g\",\"caption\":\"gaprsa\"},\"url\":\"https:\/\/www.ull.es\/portal\/noticias\/author\/gaprsa\/\"}]}<\/script>\n<!-- \/ Yoast SEO plugin. -->","yoast_head_json":{"title":"La ULL participa en la creaci\u00f3n de materiales educativos para un curso sobre el tr\u00edo de eclipses 2026-2027-2028 - ULL - Noticias","robots":{"index":"index","follow":"follow","max-snippet":"max-snippet:-1","max-image-preview":"max-image-preview:large","max-video-preview":"max-video-preview:-1"},"canonical":"https:\/\/www.ull.es\/portal\/noticias\/2026\/la-ull-participa-en-la-creacion-de-materiales-educativos-para-un-curso-sobre-el-trio-de-eclipses-2026-2027-2028\/","og_locale":"es_ES","og_type":"article","og_title":"La ULL participa en la creaci\u00f3n de materiales educativos para un curso sobre el tr\u00edo de eclipses 2026-2027-2028 - ULL - Noticias","og_description":"La Universidad de La Laguna participa en la creaci\u00f3n de materiales educativos para el curso masivo y abierto en l\u00ednea...","og_url":"https:\/\/www.ull.es\/portal\/noticias\/2026\/la-ull-participa-en-la-creacion-de-materiales-educativos-para-un-curso-sobre-el-trio-de-eclipses-2026-2027-2028\/","og_site_name":"ULL - Noticias","article_publisher":"https:\/\/www.facebook.com\/universidaddelalaguna\/","article_published_time":"2026-04-30T09:03:19+00:00","og_image":[{"width":1024,"height":380,"url":"https:\/\/www.ull.es\/portal\/noticias\/wp-content\/uploads\/sites\/13\/2026\/04\/Imagen-MOC.png","type":"image\/png"}],"author":"gaprsa","twitter_card":"summary_large_image","twitter_creator":"@CanalULL","twitter_site":"@CanalULL","twitter_misc":{"Escrito por":"gaprsa","Tiempo de lectura":"2 minutos"},"schema":{"@context":"https:\/\/schema.org","@graph":[{"@type":"WebPage","@id":"https:\/\/www.ull.es\/portal\/noticias\/2026\/la-ull-participa-en-la-creacion-de-materiales-educativos-para-un-curso-sobre-el-trio-de-eclipses-2026-2027-2028\/","url":"https:\/\/www.ull.es\/portal\/noticias\/2026\/la-ull-participa-en-la-creacion-de-materiales-educativos-para-un-curso-sobre-el-trio-de-eclipses-2026-2027-2028\/","name":"La ULL participa en la creaci\u00f3n de materiales educativos para un curso sobre el tr\u00edo de eclipses 2026-2027-2028 - ULL - Noticias","isPartOf":{"@id":"https:\/\/www.ull.es\/portal\/noticias\/#website"},"datePublished":"2026-04-30T09:03:19+00:00","dateModified":"2026-04-30T09:03:19+00:00","author":{"@id":"https:\/\/www.ull.es\/portal\/noticias\/#\/schema\/person\/b2b1a89d43ffa609e591f7df8ef3e817"},"breadcrumb":{"@id":"https:\/\/www.ull.es\/portal\/noticias\/2026\/la-ull-participa-en-la-creacion-de-materiales-educativos-para-un-curso-sobre-el-trio-de-eclipses-2026-2027-2028\/#breadcrumb"},"inLanguage":"es","potentialAction":[{"@type":"ReadAction","target":["https:\/\/www.ull.es\/portal\/noticias\/2026\/la-ull-participa-en-la-creacion-de-materiales-educativos-para-un-curso-sobre-el-trio-de-eclipses-2026-2027-2028\/"]}]},{"@type":"BreadcrumbList","@id":"https:\/\/www.ull.es\/portal\/noticias\/2026\/la-ull-participa-en-la-creacion-de-materiales-educativos-para-un-curso-sobre-el-trio-de-eclipses-2026-2027-2028\/#breadcrumb","itemListElement":[{"@type":"ListItem","position":1,"name":"Portada","item":"https:\/\/www.ull.es\/portal\/noticias\/"},{"@type":"ListItem","position":2,"name":"La ULL participa en la creaci\u00f3n de materiales educativos para un curso sobre el tr\u00edo de eclipses 2026-2027-2028"}]},{"@type":"WebSite","@id":"https:\/\/www.ull.es\/portal\/noticias\/#website","url":"https:\/\/www.ull.es\/portal\/noticias\/","name":"ULL - Noticias","description":"","potentialAction":[{"@type":"SearchAction","target":{"@type":"EntryPoint","urlTemplate":"https:\/\/www.ull.es\/portal\/noticias\/?s={search_term_string}"},"query-input":"required name=search_term_string"}],"inLanguage":"es"},{"@type":"Person","@id":"https:\/\/www.ull.es\/portal\/noticias\/#\/schema\/person\/b2b1a89d43ffa609e591f7df8ef3e817","name":"gaprsa","image":{"@type":"ImageObject","inLanguage":"es","@id":"https:\/\/www.ull.es\/portal\/noticias\/#\/schema\/person\/image\/","url":"https:\/\/secure.gravatar.com\/avatar\/443820550921091458b4823867723b3d?s=96&d=mm&r=g","contentUrl":"https:\/\/secure.gravatar.com\/avatar\/443820550921091458b4823867723b3d?s=96&d=mm&r=g","caption":"gaprsa"},"url":"https:\/\/www.ull.es\/portal\/noticias\/author\/gaprsa\/"}]}},"primary_category":{"id":3785,"name":"Ciencia ULL","slug":"ciencia-ull","link":"https:\/\/www.ull.es\/portal\/noticias\/category\/ciencia-ull\/"},"featured_image_thumbnail_url":"https:\/\/www.ull.es\/portal\/noticias\/wp-content\/uploads\/sites\/13\/2026\/04\/Imagen-MOC-300x111.png","_links":{"self":[{"href":"https:\/\/www.ull.es\/portal\/noticias\/wp-json\/wp\/v2\/posts\/88395"}],"collection":[{"href":"https:\/\/www.ull.es\/portal\/noticias\/wp-json\/wp\/v2\/posts"}],"about":[{"href":"https:\/\/www.ull.es\/portal\/noticias\/wp-json\/wp\/v2\/types\/post"}],"author":[{"embeddable":true,"href":"https:\/\/www.ull.es\/portal\/noticias\/wp-json\/wp\/v2\/users\/23"}],"replies":[{"embeddable":true,"href":"https:\/\/www.ull.es\/portal\/noticias\/wp-json\/wp\/v2\/comments?post=88395"}],"version-history":[{"count":1,"href":"https:\/\/www.ull.es\/portal\/noticias\/wp-json\/wp\/v2\/posts\/88395\/revisions"}],"predecessor-version":[{"id":88397,"href":"https:\/\/www.ull.es\/portal\/noticias\/wp-json\/wp\/v2\/posts\/88395\/revisions\/88397"}],"wp:featuredmedia":[{"embeddable":true,"href":"https:\/\/www.ull.es\/portal\/noticias\/wp-json\/wp\/v2\/media\/88396"}],"wp:attachment":[{"href":"https:\/\/www.ull.es\/portal\/noticias\/wp-json\/wp\/v2\/media?parent=88395"}],"wp:term":[{"taxonomy":"category","embeddable":true,"href":"https:\/\/www.ull.es\/portal\/noticias\/wp-json\/wp\/v2\/categories?post=88395"},{"taxonomy":"post_tag","embeddable":true,"href":"https:\/\/www.ull.es\/portal\/noticias\/wp-json\/wp\/v2\/tags?post=88395"}],"curies":[{"name":"wp","href":"https:\/\/api.w.org\/{rel}","templated":true}]}}