{"id":88405,"date":"2026-04-30T12:00:27","date_gmt":"2026-04-30T12:00:27","guid":{"rendered":"https:\/\/www.ull.es\/portal\/noticias\/?p=88405"},"modified":"2026-04-30T12:00:27","modified_gmt":"2026-04-30T12:00:27","slug":"contaminacion-aire-consolida-segundo-mortalidad-eleva-peligro-cardiovascular","status":"publish","type":"post","link":"https:\/\/www.ull.es\/portal\/noticias\/2026\/contaminacion-aire-consolida-segundo-mortalidad-eleva-peligro-cardiovascular\/","title":{"rendered":"La contaminaci\u00f3n a\u00e9rea se consolida como segundo factor de riesgo de mortalidad y eleva el peligro cardiovascular"},"content":{"rendered":"<p>La contaminaci\u00f3n del aire se ha convertido en un riesgo sanitario global de gran relevancia, seg\u00fan un editorial reciente publicado en la <a href=\"https:\/\/www.sciencedirect.com\/science\/article\/pii\/S1885585725002233?via%3Dihub\" target=\"_blank\" rel=\"noopener\"><em>Revista Espa\u00f1ola de Cardiolog\u00eda<\/em><\/a>. Los investigadores destacan que la exposici\u00f3n a aire contaminado se ha consolidado como uno de los principales factores de riesgo de mortalidad a nivel mundial, situ\u00e1ndose entre los primeros puestos junto a factores cl\u00e1sicos como la hipertensi\u00f3n arterial, el tabaquismo o la obesidad.<\/p>\n<p>El editorial fue realizado por un equipo liderado por el profesor e investigador <a href=\"https:\/\/portalciencia.ull.es\/investigadores\/98811\/detalle\" target=\"_blank\" rel=\"noopener\">Alberto Dom\u00ednguez<\/a>, del \u00e1rea de Cardiolog\u00eda de la Universidad de La Laguna, con la colaboraci\u00f3n de Daniel Hern\u00e1ndez, del Instituto de Investigaci\u00f3n Sanitaria del Principado de Asturias, y N\u00e9stor Ba\u00e9z, del servicio de Cardiolog\u00eda del Hospital Universitario de Canarias.<\/p>\n<p>Seg\u00fan la Organizaci\u00f3n Mundial de la Salud (OMS) y el informe Estado del Aire Global del Instituto de Efectos sobre la Salud de Estados Unidos, la contaminaci\u00f3n atmosf\u00e9rica es responsable de alrededor de 8,1 millones de muertes al a\u00f1o, equivalente a m\u00e1s de una de cada ocho muertes en todo el mundo. Gran parte de estos contaminantes se encuentran en zonas urbanas, donde vive m\u00e1s de la mitad de la poblaci\u00f3n mundial, y proviene principalmente de la quema y uso de combustibles f\u00f3siles, biomasa y procesos industriales.<\/p>\n<p>Adem\u00e1s de las emisiones humanas, fen\u00f3menos naturales como tormentas de polvo, incendios forestales y olas de calor extremas aumentan la presencia de part\u00edculas en suspensi\u00f3n y gases nocivos. Entre los contaminantes m\u00e1s peligrosos se encuentran las part\u00edculas PM2.5 y PM10, el mon\u00f3xido de carbono (CO), los \u00f3xidos de nitr\u00f3geno (NO<sub>x<\/sub>), el di\u00f3xido de azufre (SO<sub>2<\/sub>) y el ozono troposf\u00e9rico (O<sub>3<\/sub>). Estas part\u00edculas son capaces de penetrar profundamente en los pulmones, alcanzando incluso los alv\u00e9olos, y desencadenar problemas respiratorios y cardiovasculares graves.<\/p>\n<p>La evidencia cient\u00edfica demuestra que estos contaminantes incrementan significativamente el riesgo de infarto agudo de miocardio (IAM) y otras enfermedades cardiovasculares. Por ejemplo, en Madrid, un aumento de PM2.5 se relacion\u00f3 con un incremento del 6,6% en la mortalidad por IAM. Estudios recientes en toda Espa\u00f1a muestran que niveles elevados de PM2.5 durante los tres d\u00edas previos a un ingreso hospitalario aumentan un 7,1% la probabilidad de muerte intrahospitalaria tras un infarto.<\/p>\n<p>El editorial tambi\u00e9n subraya la importancia de factores ambientales como temperatura y humedad, que pueden amplificar la respuesta fisiol\u00f3gica del organismo al estr\u00e9s ambiental, aumentando el riesgo cardiovascular durante olas de calor, fr\u00edo extremo o alta humedad.<\/p>\n<p>Los expertos destacan que la contaminaci\u00f3n del aire no puede considerarse un riesgo secundario. De hecho, se estima que es responsable de 28% de las muertes por cardiopat\u00eda isqu\u00e9mica, afectando especialmente a poblaciones urbanas y vulnerables. Por ello, las estrategias de prevenci\u00f3n cardiovascular deben incorporar expl\u00edcitamente medidas contra la contaminaci\u00f3n ambiental, al mismo nivel que se hace con la hipertensi\u00f3n, la diabetes, la obesidad o el tabaquismo.<\/p>\n","protected":false},"excerpt":{"rendered":"<p>La contaminaci\u00f3n del aire se ha convertido en un riesgo sanitario global de gran relevancia, seg\u00fan un editorial reciente publicado&#8230;<\/p>\n","protected":false},"author":21,"featured_media":88406,"comment_status":"closed","ping_status":"closed","sticky":false,"template":"","format":"standard","meta":{"inline_featured_image":false,"footnotes":""},"categories":[345,350,2765],"tags":[6923,5734,12640,12642,12643,12641],"acf":[],"yoast_head":"<!-- This site is optimized with the Yoast SEO plugin v21.3 - https:\/\/yoast.com\/wordpress\/plugins\/seo\/ -->\n<title>La contaminaci\u00f3n del aire, segundo factor de riesgo de mortalidad<\/title>\n<meta name=\"description\" content=\"Los investigadores destacan que la exposici\u00f3n a aire contaminado se consolid\u00f3 como un factor principal de riesgo de mortalidad mundial.\" \/>\n<meta name=\"robots\" content=\"index, follow, max-snippet:-1, max-image-preview:large, max-video-preview:-1\" \/>\n<link rel=\"canonical\" href=\"https:\/\/www.ull.es\/portal\/noticias\/2026\/contaminacion-aire-consolida-segundo-mortalidad-eleva-peligro-cardiovascular\/\" \/>\n<meta property=\"og:locale\" content=\"es_ES\" \/>\n<meta property=\"og:type\" content=\"article\" \/>\n<meta property=\"og:title\" content=\"La contaminaci\u00f3n del aire, segundo factor de riesgo de mortalidad\" \/>\n<meta property=\"og:description\" content=\"Los investigadores destacan que la exposici\u00f3n a aire contaminado se consolid\u00f3 como un factor principal de riesgo de mortalidad mundial.\" \/>\n<meta property=\"og:url\" content=\"https:\/\/www.ull.es\/portal\/noticias\/2026\/contaminacion-aire-consolida-segundo-mortalidad-eleva-peligro-cardiovascular\/\" \/>\n<meta property=\"og:site_name\" content=\"ULL - Noticias\" \/>\n<meta property=\"article:publisher\" content=\"https:\/\/www.facebook.com\/universidaddelalaguna\/\" \/>\n<meta property=\"article:published_time\" content=\"2026-04-30T12:00:27+00:00\" \/>\n<meta property=\"og:image\" content=\"https:\/\/www.ull.es\/portal\/noticias\/wp-content\/uploads\/sites\/13\/2026\/04\/riesgos-contaminacion-aire.jpg\" \/>\n\t<meta property=\"og:image:width\" content=\"1200\" \/>\n\t<meta property=\"og:image:height\" content=\"782\" \/>\n\t<meta property=\"og:image:type\" content=\"image\/jpeg\" \/>\n<meta name=\"author\" content=\"prensa2\" \/>\n<meta name=\"twitter:card\" content=\"summary_large_image\" \/>\n<meta name=\"twitter:creator\" content=\"@CanalULL\" \/>\n<meta name=\"twitter:site\" content=\"@CanalULL\" \/>\n<meta name=\"twitter:label1\" content=\"Escrito por\" \/>\n\t<meta name=\"twitter:data1\" content=\"prensa2\" \/>\n\t<meta name=\"twitter:label2\" content=\"Tiempo de lectura\" \/>\n\t<meta name=\"twitter:data2\" content=\"3 minutos\" \/>\n<script type=\"application\/ld+json\" class=\"yoast-schema-graph\">{\"@context\":\"https:\/\/schema.org\",\"@graph\":[{\"@type\":\"WebPage\",\"@id\":\"https:\/\/www.ull.es\/portal\/noticias\/2026\/contaminacion-aire-consolida-segundo-mortalidad-eleva-peligro-cardiovascular\/\",\"url\":\"https:\/\/www.ull.es\/portal\/noticias\/2026\/contaminacion-aire-consolida-segundo-mortalidad-eleva-peligro-cardiovascular\/\",\"name\":\"La contaminaci\u00f3n del aire, segundo factor de riesgo de mortalidad\",\"isPartOf\":{\"@id\":\"https:\/\/www.ull.es\/portal\/noticias\/#website\"},\"datePublished\":\"2026-04-30T12:00:27+00:00\",\"dateModified\":\"2026-04-30T12:00:27+00:00\",\"author\":{\"@id\":\"https:\/\/www.ull.es\/portal\/noticias\/#\/schema\/person\/c3b2aa857797592927a03740d6664376\"},\"description\":\"Los investigadores destacan que la exposici\u00f3n a aire contaminado se consolid\u00f3 como un factor principal de riesgo de mortalidad mundial.\",\"breadcrumb\":{\"@id\":\"https:\/\/www.ull.es\/portal\/noticias\/2026\/contaminacion-aire-consolida-segundo-mortalidad-eleva-peligro-cardiovascular\/#breadcrumb\"},\"inLanguage\":\"es\",\"potentialAction\":[{\"@type\":\"ReadAction\",\"target\":[\"https:\/\/www.ull.es\/portal\/noticias\/2026\/contaminacion-aire-consolida-segundo-mortalidad-eleva-peligro-cardiovascular\/\"]}]},{\"@type\":\"BreadcrumbList\",\"@id\":\"https:\/\/www.ull.es\/portal\/noticias\/2026\/contaminacion-aire-consolida-segundo-mortalidad-eleva-peligro-cardiovascular\/#breadcrumb\",\"itemListElement\":[{\"@type\":\"ListItem\",\"position\":1,\"name\":\"Portada\",\"item\":\"https:\/\/www.ull.es\/portal\/noticias\/\"},{\"@type\":\"ListItem\",\"position\":2,\"name\":\"La contaminaci\u00f3n a\u00e9rea se consolida como segundo factor de riesgo de mortalidad y eleva el peligro cardiovascular\"}]},{\"@type\":\"WebSite\",\"@id\":\"https:\/\/www.ull.es\/portal\/noticias\/#website\",\"url\":\"https:\/\/www.ull.es\/portal\/noticias\/\",\"name\":\"ULL - Noticias\",\"description\":\"\",\"potentialAction\":[{\"@type\":\"SearchAction\",\"target\":{\"@type\":\"EntryPoint\",\"urlTemplate\":\"https:\/\/www.ull.es\/portal\/noticias\/?s={search_term_string}\"},\"query-input\":\"required name=search_term_string\"}],\"inLanguage\":\"es\"},{\"@type\":\"Person\",\"@id\":\"https:\/\/www.ull.es\/portal\/noticias\/#\/schema\/person\/c3b2aa857797592927a03740d6664376\",\"name\":\"prensa2\",\"image\":{\"@type\":\"ImageObject\",\"inLanguage\":\"es\",\"@id\":\"https:\/\/www.ull.es\/portal\/noticias\/#\/schema\/person\/image\/\",\"url\":\"https:\/\/secure.gravatar.com\/avatar\/b58f310a5de5feb33d1e026d2493f23c?s=96&d=mm&r=g\",\"contentUrl\":\"https:\/\/secure.gravatar.com\/avatar\/b58f310a5de5feb33d1e026d2493f23c?s=96&d=mm&r=g\",\"caption\":\"prensa2\"},\"url\":\"https:\/\/www.ull.es\/portal\/noticias\/author\/prensa2\/\"}]}<\/script>\n<!-- \/ Yoast SEO plugin. -->","yoast_head_json":{"title":"La contaminaci\u00f3n del aire, segundo factor de riesgo de mortalidad","description":"Los investigadores destacan que la exposici\u00f3n a aire contaminado se consolid\u00f3 como un factor principal de riesgo de mortalidad mundial.","robots":{"index":"index","follow":"follow","max-snippet":"max-snippet:-1","max-image-preview":"max-image-preview:large","max-video-preview":"max-video-preview:-1"},"canonical":"https:\/\/www.ull.es\/portal\/noticias\/2026\/contaminacion-aire-consolida-segundo-mortalidad-eleva-peligro-cardiovascular\/","og_locale":"es_ES","og_type":"article","og_title":"La contaminaci\u00f3n del aire, segundo factor de riesgo de mortalidad","og_description":"Los investigadores destacan que la exposici\u00f3n a aire contaminado se consolid\u00f3 como un factor principal de riesgo de mortalidad mundial.","og_url":"https:\/\/www.ull.es\/portal\/noticias\/2026\/contaminacion-aire-consolida-segundo-mortalidad-eleva-peligro-cardiovascular\/","og_site_name":"ULL - Noticias","article_publisher":"https:\/\/www.facebook.com\/universidaddelalaguna\/","article_published_time":"2026-04-30T12:00:27+00:00","og_image":[{"width":1200,"height":782,"url":"https:\/\/www.ull.es\/portal\/noticias\/wp-content\/uploads\/sites\/13\/2026\/04\/riesgos-contaminacion-aire.jpg","type":"image\/jpeg"}],"author":"prensa2","twitter_card":"summary_large_image","twitter_creator":"@CanalULL","twitter_site":"@CanalULL","twitter_misc":{"Escrito por":"prensa2","Tiempo de lectura":"3 minutos"},"schema":{"@context":"https:\/\/schema.org","@graph":[{"@type":"WebPage","@id":"https:\/\/www.ull.es\/portal\/noticias\/2026\/contaminacion-aire-consolida-segundo-mortalidad-eleva-peligro-cardiovascular\/","url":"https:\/\/www.ull.es\/portal\/noticias\/2026\/contaminacion-aire-consolida-segundo-mortalidad-eleva-peligro-cardiovascular\/","name":"La contaminaci\u00f3n del aire, segundo factor de riesgo de mortalidad","isPartOf":{"@id":"https:\/\/www.ull.es\/portal\/noticias\/#website"},"datePublished":"2026-04-30T12:00:27+00:00","dateModified":"2026-04-30T12:00:27+00:00","author":{"@id":"https:\/\/www.ull.es\/portal\/noticias\/#\/schema\/person\/c3b2aa857797592927a03740d6664376"},"description":"Los investigadores destacan que la exposici\u00f3n a aire contaminado se consolid\u00f3 como un factor principal de riesgo de mortalidad mundial.","breadcrumb":{"@id":"https:\/\/www.ull.es\/portal\/noticias\/2026\/contaminacion-aire-consolida-segundo-mortalidad-eleva-peligro-cardiovascular\/#breadcrumb"},"inLanguage":"es","potentialAction":[{"@type":"ReadAction","target":["https:\/\/www.ull.es\/portal\/noticias\/2026\/contaminacion-aire-consolida-segundo-mortalidad-eleva-peligro-cardiovascular\/"]}]},{"@type":"BreadcrumbList","@id":"https:\/\/www.ull.es\/portal\/noticias\/2026\/contaminacion-aire-consolida-segundo-mortalidad-eleva-peligro-cardiovascular\/#breadcrumb","itemListElement":[{"@type":"ListItem","position":1,"name":"Portada","item":"https:\/\/www.ull.es\/portal\/noticias\/"},{"@type":"ListItem","position":2,"name":"La contaminaci\u00f3n a\u00e9rea se consolida como segundo factor de riesgo de mortalidad y eleva el peligro cardiovascular"}]},{"@type":"WebSite","@id":"https:\/\/www.ull.es\/portal\/noticias\/#website","url":"https:\/\/www.ull.es\/portal\/noticias\/","name":"ULL - Noticias","description":"","potentialAction":[{"@type":"SearchAction","target":{"@type":"EntryPoint","urlTemplate":"https:\/\/www.ull.es\/portal\/noticias\/?s={search_term_string}"},"query-input":"required name=search_term_string"}],"inLanguage":"es"},{"@type":"Person","@id":"https:\/\/www.ull.es\/portal\/noticias\/#\/schema\/person\/c3b2aa857797592927a03740d6664376","name":"prensa2","image":{"@type":"ImageObject","inLanguage":"es","@id":"https:\/\/www.ull.es\/portal\/noticias\/#\/schema\/person\/image\/","url":"https:\/\/secure.gravatar.com\/avatar\/b58f310a5de5feb33d1e026d2493f23c?s=96&d=mm&r=g","contentUrl":"https:\/\/secure.gravatar.com\/avatar\/b58f310a5de5feb33d1e026d2493f23c?s=96&d=mm&r=g","caption":"prensa2"},"url":"https:\/\/www.ull.es\/portal\/noticias\/author\/prensa2\/"}]}},"primary_category":{"id":345,"name":"Destacado","slug":"destacado","link":"https:\/\/www.ull.es\/portal\/noticias\/category\/destacado\/"},"featured_image_thumbnail_url":"https:\/\/www.ull.es\/portal\/noticias\/wp-content\/uploads\/sites\/13\/2026\/04\/riesgos-contaminacion-aire-300x196.jpg","_links":{"self":[{"href":"https:\/\/www.ull.es\/portal\/noticias\/wp-json\/wp\/v2\/posts\/88405"}],"collection":[{"href":"https:\/\/www.ull.es\/portal\/noticias\/wp-json\/wp\/v2\/posts"}],"about":[{"href":"https:\/\/www.ull.es\/portal\/noticias\/wp-json\/wp\/v2\/types\/post"}],"author":[{"embeddable":true,"href":"https:\/\/www.ull.es\/portal\/noticias\/wp-json\/wp\/v2\/users\/21"}],"replies":[{"embeddable":true,"href":"https:\/\/www.ull.es\/portal\/noticias\/wp-json\/wp\/v2\/comments?post=88405"}],"version-history":[{"count":1,"href":"https:\/\/www.ull.es\/portal\/noticias\/wp-json\/wp\/v2\/posts\/88405\/revisions"}],"predecessor-version":[{"id":88407,"href":"https:\/\/www.ull.es\/portal\/noticias\/wp-json\/wp\/v2\/posts\/88405\/revisions\/88407"}],"wp:featuredmedia":[{"embeddable":true,"href":"https:\/\/www.ull.es\/portal\/noticias\/wp-json\/wp\/v2\/media\/88406"}],"wp:attachment":[{"href":"https:\/\/www.ull.es\/portal\/noticias\/wp-json\/wp\/v2\/media?parent=88405"}],"wp:term":[{"taxonomy":"category","embeddable":true,"href":"https:\/\/www.ull.es\/portal\/noticias\/wp-json\/wp\/v2\/categories?post=88405"},{"taxonomy":"post_tag","embeddable":true,"href":"https:\/\/www.ull.es\/portal\/noticias\/wp-json\/wp\/v2\/tags?post=88405"}],"curies":[{"name":"wp","href":"https:\/\/api.w.org\/{rel}","templated":true}]}}