{"id":88409,"date":"2026-04-30T12:48:24","date_gmt":"2026-04-30T12:48:24","guid":{"rendered":"https:\/\/www.ull.es\/portal\/noticias\/?p=88409"},"modified":"2026-04-30T12:48:50","modified_gmt":"2026-04-30T12:48:50","slug":"el-consejo-social-aprueba-las-cuentas-anuales-de-la-universidad-de-la-laguna","status":"publish","type":"post","link":"https:\/\/www.ull.es\/portal\/noticias\/2026\/el-consejo-social-aprueba-las-cuentas-anuales-de-la-universidad-de-la-laguna\/","title":{"rendered":"El Consejo Social aprueba las cuentas anuales de la Universidad de La Laguna"},"content":{"rendered":"<p>El Consejo Social de la Universidad de La Laguna ha celebrado hoy 30 de abril una sesi\u00f3n telem\u00e1tica para avanzar en distintas materias y aprobar varios asuntos que afectan al d\u00eda a d\u00eda de la instituci\u00f3n.<\/p>\n<p>Uno de ellos fue el \u00faltimo paso dado para la aprobaci\u00f3n de la memoria de liquidaci\u00f3n del ejercicio de 2025, que ya ha sido conocida por el Claustro de la instituci\u00f3n y tambi\u00e9n por el Consejo de Gobierno. La gerenta de la instituci\u00f3n, Lidia Pereira, fue la encargada de su presentaci\u00f3n, al tiempo que tambi\u00e9n expuso el resumen de las cuentas anuales de la Fundaci\u00f3n General.<\/p>\n<p>Pereira expuso que el centro docente tiene cada vez mayor monitorizaci\u00f3n sobre su gasto p\u00fablico, con m\u00e1s trazabilidad de la actividad acad\u00e9mica y mejores tiempos de respuesta y ejecuci\u00f3n, a\u00f1adi\u00f3. Adem\u00e1s, se est\u00e1n ejecutando medidas que redundan en la agilizaci\u00f3n de la tramitaci\u00f3n y en su automatizaci\u00f3n.<\/p>\n<p>Explic\u00f3 que las previsiones iniciales de ingreso del ejercicio fueron de 174.452.000 euros y las definitivas se cerraron en 281.282.137 euros. En cuanto al gasto, el cr\u00e9dito inicial era de 173.819.000, sobre los que hubo modificaciones por valor de 100.726.779, lo que ofreci\u00f3 un cr\u00e9dito final de 273.329.779 euros.<\/p>\n<p>Pereira tambi\u00e9n adelant\u00f3 las cuentas anuales de la Fundaci\u00f3n General, que disponen de informe favorable de auditor\u00eda. Se ha producido un incremento de la actividad propia, captando m\u00e1s ingresos, lo que ha procurado resultados favorables algo superiores al ejercicio anterior, dado que se presupuestaron inicialmente 16 millones de euros y finalmente se llegaron a ejecutar m\u00e1s de 20. La actividad de la Fundaci\u00f3n General se cierne en torno a los grandes cap\u00edtulos de formaci\u00f3n, innovaci\u00f3n y transferencia, empleabilidad y encargos.<\/p>\n<p>Por otra parte, en la sesi\u00f3n plenaria se inform\u00f3 del avance del grupo de trabajo para la elaboraci\u00f3n de un plan estrat\u00e9gico de patrocinio y mecenazgo de la instituci\u00f3n acad\u00e9mica, y de hecho se present\u00f3 al pleno un documento sobre la creaci\u00f3n de un modelo de oficina para este fin y se dieron algunas claves para su puesta en marcha. Sera ahora la Gerencia del Rectorado quien contin\u00fae con este proceso hasta su consolidaci\u00f3n definitiva.<\/p>\n<p>Igualmente, se trat\u00f3 la actualizaci\u00f3n de la colaboraci\u00f3n econ\u00f3mica del Consejo Social a la asociaci\u00f3n Alumni para la realizaci\u00f3n de actividades con motivo del 25 aniversario de su constituci\u00f3n, as\u00ed como otra aportaci\u00f3n de este \u00f3rgano de gobierno a la Olimpiada de Econom\u00eda y Empresa de la Facultad de Econom\u00eda, Empresa y Turismo de la Universidad de La Laguna, para la convocatoria 2026\/27.<\/p>\n<p><strong>\u00a0<\/strong><\/p>\n","protected":false},"excerpt":{"rendered":"<p>El Consejo Social de la Universidad de La Laguna ha celebrado hoy 30 de abril una sesi\u00f3n telem\u00e1tica para avanzar&#8230;<\/p>\n","protected":false},"author":23,"featured_media":85090,"comment_status":"closed","ping_status":"closed","sticky":false,"template":"","format":"standard","meta":{"inline_featured_image":false,"footnotes":""},"categories":[345,347,2765],"tags":[],"acf":[],"yoast_head":"<!-- This site is optimized with the Yoast SEO plugin v21.3 - https:\/\/yoast.com\/wordpress\/plugins\/seo\/ -->\n<title>El Consejo Social aprueba las cuentas anuales de la Universidad de La Laguna - ULL - Noticias<\/title>\n<meta name=\"robots\" content=\"index, follow, max-snippet:-1, max-image-preview:large, max-video-preview:-1\" \/>\n<link rel=\"canonical\" href=\"https:\/\/www.ull.es\/portal\/noticias\/2026\/el-consejo-social-aprueba-las-cuentas-anuales-de-la-universidad-de-la-laguna\/\" \/>\n<meta property=\"og:locale\" content=\"es_ES\" \/>\n<meta property=\"og:type\" content=\"article\" \/>\n<meta property=\"og:title\" content=\"El Consejo Social aprueba las cuentas anuales de la Universidad de La Laguna - ULL - Noticias\" \/>\n<meta property=\"og:description\" content=\"El Consejo Social de la Universidad de La Laguna ha celebrado hoy 30 de abril una sesi\u00f3n telem\u00e1tica para avanzar...\" \/>\n<meta property=\"og:url\" content=\"https:\/\/www.ull.es\/portal\/noticias\/2026\/el-consejo-social-aprueba-las-cuentas-anuales-de-la-universidad-de-la-laguna\/\" \/>\n<meta property=\"og:site_name\" content=\"ULL - Noticias\" \/>\n<meta property=\"article:publisher\" content=\"https:\/\/www.facebook.com\/universidaddelalaguna\/\" \/>\n<meta property=\"article:published_time\" content=\"2026-04-30T12:48:24+00:00\" \/>\n<meta property=\"article:modified_time\" content=\"2026-04-30T12:48:50+00:00\" \/>\n<meta property=\"og:image\" content=\"https:\/\/www.ull.es\/portal\/noticias\/wp-content\/uploads\/sites\/13\/2025\/10\/consejo-social-23-octubre-2025.jpg\" \/>\n\t<meta property=\"og:image:width\" content=\"1200\" \/>\n\t<meta property=\"og:image:height\" content=\"715\" \/>\n\t<meta property=\"og:image:type\" content=\"image\/jpeg\" \/>\n<meta name=\"author\" content=\"gaprsa\" \/>\n<meta name=\"twitter:card\" content=\"summary_large_image\" \/>\n<meta name=\"twitter:creator\" content=\"@CanalULL\" \/>\n<meta name=\"twitter:site\" content=\"@CanalULL\" \/>\n<meta name=\"twitter:label1\" content=\"Escrito por\" \/>\n\t<meta name=\"twitter:data1\" content=\"gaprsa\" \/>\n\t<meta name=\"twitter:label2\" content=\"Tiempo de lectura\" \/>\n\t<meta name=\"twitter:data2\" content=\"2 minutos\" \/>\n<script type=\"application\/ld+json\" class=\"yoast-schema-graph\">{\"@context\":\"https:\/\/schema.org\",\"@graph\":[{\"@type\":\"WebPage\",\"@id\":\"https:\/\/www.ull.es\/portal\/noticias\/2026\/el-consejo-social-aprueba-las-cuentas-anuales-de-la-universidad-de-la-laguna\/\",\"url\":\"https:\/\/www.ull.es\/portal\/noticias\/2026\/el-consejo-social-aprueba-las-cuentas-anuales-de-la-universidad-de-la-laguna\/\",\"name\":\"El Consejo Social aprueba las cuentas anuales de la Universidad de La Laguna - ULL - Noticias\",\"isPartOf\":{\"@id\":\"https:\/\/www.ull.es\/portal\/noticias\/#website\"},\"datePublished\":\"2026-04-30T12:48:24+00:00\",\"dateModified\":\"2026-04-30T12:48:50+00:00\",\"author\":{\"@id\":\"https:\/\/www.ull.es\/portal\/noticias\/#\/schema\/person\/b2b1a89d43ffa609e591f7df8ef3e817\"},\"breadcrumb\":{\"@id\":\"https:\/\/www.ull.es\/portal\/noticias\/2026\/el-consejo-social-aprueba-las-cuentas-anuales-de-la-universidad-de-la-laguna\/#breadcrumb\"},\"inLanguage\":\"es\",\"potentialAction\":[{\"@type\":\"ReadAction\",\"target\":[\"https:\/\/www.ull.es\/portal\/noticias\/2026\/el-consejo-social-aprueba-las-cuentas-anuales-de-la-universidad-de-la-laguna\/\"]}]},{\"@type\":\"BreadcrumbList\",\"@id\":\"https:\/\/www.ull.es\/portal\/noticias\/2026\/el-consejo-social-aprueba-las-cuentas-anuales-de-la-universidad-de-la-laguna\/#breadcrumb\",\"itemListElement\":[{\"@type\":\"ListItem\",\"position\":1,\"name\":\"Portada\",\"item\":\"https:\/\/www.ull.es\/portal\/noticias\/\"},{\"@type\":\"ListItem\",\"position\":2,\"name\":\"El Consejo Social aprueba las cuentas anuales de la Universidad de La Laguna\"}]},{\"@type\":\"WebSite\",\"@id\":\"https:\/\/www.ull.es\/portal\/noticias\/#website\",\"url\":\"https:\/\/www.ull.es\/portal\/noticias\/\",\"name\":\"ULL - Noticias\",\"description\":\"\",\"potentialAction\":[{\"@type\":\"SearchAction\",\"target\":{\"@type\":\"EntryPoint\",\"urlTemplate\":\"https:\/\/www.ull.es\/portal\/noticias\/?s={search_term_string}\"},\"query-input\":\"required name=search_term_string\"}],\"inLanguage\":\"es\"},{\"@type\":\"Person\",\"@id\":\"https:\/\/www.ull.es\/portal\/noticias\/#\/schema\/person\/b2b1a89d43ffa609e591f7df8ef3e817\",\"name\":\"gaprsa\",\"image\":{\"@type\":\"ImageObject\",\"inLanguage\":\"es\",\"@id\":\"https:\/\/www.ull.es\/portal\/noticias\/#\/schema\/person\/image\/\",\"url\":\"https:\/\/secure.gravatar.com\/avatar\/443820550921091458b4823867723b3d?s=96&d=mm&r=g\",\"contentUrl\":\"https:\/\/secure.gravatar.com\/avatar\/443820550921091458b4823867723b3d?s=96&d=mm&r=g\",\"caption\":\"gaprsa\"},\"url\":\"https:\/\/www.ull.es\/portal\/noticias\/author\/gaprsa\/\"}]}<\/script>\n<!-- \/ Yoast SEO plugin. -->","yoast_head_json":{"title":"El Consejo Social aprueba las cuentas anuales de la Universidad de La Laguna - ULL - Noticias","robots":{"index":"index","follow":"follow","max-snippet":"max-snippet:-1","max-image-preview":"max-image-preview:large","max-video-preview":"max-video-preview:-1"},"canonical":"https:\/\/www.ull.es\/portal\/noticias\/2026\/el-consejo-social-aprueba-las-cuentas-anuales-de-la-universidad-de-la-laguna\/","og_locale":"es_ES","og_type":"article","og_title":"El Consejo Social aprueba las cuentas anuales de la Universidad de La Laguna - ULL - Noticias","og_description":"El Consejo Social de la Universidad de La Laguna ha celebrado hoy 30 de abril una sesi\u00f3n telem\u00e1tica para avanzar...","og_url":"https:\/\/www.ull.es\/portal\/noticias\/2026\/el-consejo-social-aprueba-las-cuentas-anuales-de-la-universidad-de-la-laguna\/","og_site_name":"ULL - Noticias","article_publisher":"https:\/\/www.facebook.com\/universidaddelalaguna\/","article_published_time":"2026-04-30T12:48:24+00:00","article_modified_time":"2026-04-30T12:48:50+00:00","og_image":[{"width":1200,"height":715,"url":"https:\/\/www.ull.es\/portal\/noticias\/wp-content\/uploads\/sites\/13\/2025\/10\/consejo-social-23-octubre-2025.jpg","type":"image\/jpeg"}],"author":"gaprsa","twitter_card":"summary_large_image","twitter_creator":"@CanalULL","twitter_site":"@CanalULL","twitter_misc":{"Escrito por":"gaprsa","Tiempo de lectura":"2 minutos"},"schema":{"@context":"https:\/\/schema.org","@graph":[{"@type":"WebPage","@id":"https:\/\/www.ull.es\/portal\/noticias\/2026\/el-consejo-social-aprueba-las-cuentas-anuales-de-la-universidad-de-la-laguna\/","url":"https:\/\/www.ull.es\/portal\/noticias\/2026\/el-consejo-social-aprueba-las-cuentas-anuales-de-la-universidad-de-la-laguna\/","name":"El Consejo Social aprueba las cuentas anuales de la Universidad de La Laguna - ULL - Noticias","isPartOf":{"@id":"https:\/\/www.ull.es\/portal\/noticias\/#website"},"datePublished":"2026-04-30T12:48:24+00:00","dateModified":"2026-04-30T12:48:50+00:00","author":{"@id":"https:\/\/www.ull.es\/portal\/noticias\/#\/schema\/person\/b2b1a89d43ffa609e591f7df8ef3e817"},"breadcrumb":{"@id":"https:\/\/www.ull.es\/portal\/noticias\/2026\/el-consejo-social-aprueba-las-cuentas-anuales-de-la-universidad-de-la-laguna\/#breadcrumb"},"inLanguage":"es","potentialAction":[{"@type":"ReadAction","target":["https:\/\/www.ull.es\/portal\/noticias\/2026\/el-consejo-social-aprueba-las-cuentas-anuales-de-la-universidad-de-la-laguna\/"]}]},{"@type":"BreadcrumbList","@id":"https:\/\/www.ull.es\/portal\/noticias\/2026\/el-consejo-social-aprueba-las-cuentas-anuales-de-la-universidad-de-la-laguna\/#breadcrumb","itemListElement":[{"@type":"ListItem","position":1,"name":"Portada","item":"https:\/\/www.ull.es\/portal\/noticias\/"},{"@type":"ListItem","position":2,"name":"El Consejo Social aprueba las cuentas anuales de la Universidad de La Laguna"}]},{"@type":"WebSite","@id":"https:\/\/www.ull.es\/portal\/noticias\/#website","url":"https:\/\/www.ull.es\/portal\/noticias\/","name":"ULL - Noticias","description":"","potentialAction":[{"@type":"SearchAction","target":{"@type":"EntryPoint","urlTemplate":"https:\/\/www.ull.es\/portal\/noticias\/?s={search_term_string}"},"query-input":"required name=search_term_string"}],"inLanguage":"es"},{"@type":"Person","@id":"https:\/\/www.ull.es\/portal\/noticias\/#\/schema\/person\/b2b1a89d43ffa609e591f7df8ef3e817","name":"gaprsa","image":{"@type":"ImageObject","inLanguage":"es","@id":"https:\/\/www.ull.es\/portal\/noticias\/#\/schema\/person\/image\/","url":"https:\/\/secure.gravatar.com\/avatar\/443820550921091458b4823867723b3d?s=96&d=mm&r=g","contentUrl":"https:\/\/secure.gravatar.com\/avatar\/443820550921091458b4823867723b3d?s=96&d=mm&r=g","caption":"gaprsa"},"url":"https:\/\/www.ull.es\/portal\/noticias\/author\/gaprsa\/"}]}},"primary_category":{"id":345,"name":"Destacado","slug":"destacado","link":"https:\/\/www.ull.es\/portal\/noticias\/category\/destacado\/"},"featured_image_thumbnail_url":"https:\/\/www.ull.es\/portal\/noticias\/wp-content\/uploads\/sites\/13\/2025\/10\/consejo-social-23-octubre-2025-300x179.jpg","_links":{"self":[{"href":"https:\/\/www.ull.es\/portal\/noticias\/wp-json\/wp\/v2\/posts\/88409"}],"collection":[{"href":"https:\/\/www.ull.es\/portal\/noticias\/wp-json\/wp\/v2\/posts"}],"about":[{"href":"https:\/\/www.ull.es\/portal\/noticias\/wp-json\/wp\/v2\/types\/post"}],"author":[{"embeddable":true,"href":"https:\/\/www.ull.es\/portal\/noticias\/wp-json\/wp\/v2\/users\/23"}],"replies":[{"embeddable":true,"href":"https:\/\/www.ull.es\/portal\/noticias\/wp-json\/wp\/v2\/comments?post=88409"}],"version-history":[{"count":1,"href":"https:\/\/www.ull.es\/portal\/noticias\/wp-json\/wp\/v2\/posts\/88409\/revisions"}],"predecessor-version":[{"id":88410,"href":"https:\/\/www.ull.es\/portal\/noticias\/wp-json\/wp\/v2\/posts\/88409\/revisions\/88410"}],"wp:featuredmedia":[{"embeddable":true,"href":"https:\/\/www.ull.es\/portal\/noticias\/wp-json\/wp\/v2\/media\/85090"}],"wp:attachment":[{"href":"https:\/\/www.ull.es\/portal\/noticias\/wp-json\/wp\/v2\/media?parent=88409"}],"wp:term":[{"taxonomy":"category","embeddable":true,"href":"https:\/\/www.ull.es\/portal\/noticias\/wp-json\/wp\/v2\/categories?post=88409"},{"taxonomy":"post_tag","embeddable":true,"href":"https:\/\/www.ull.es\/portal\/noticias\/wp-json\/wp\/v2\/tags?post=88409"}],"curies":[{"name":"wp","href":"https:\/\/api.w.org\/{rel}","templated":true}]}}