{"id":90167,"date":"2026-08-31T12:20:21","date_gmt":"2026-08-31T12:20:21","guid":{"rendered":"https:\/\/www.ull.es\/portal\/noticias\/?p=90167"},"modified":"2026-08-31T12:20:21","modified_gmt":"2026-08-31T12:20:21","slug":"sicma-canarias-finalista-vii-premios-magallanes-elcano","status":"publish","type":"post","link":"https:\/\/www.ull.es\/portal\/noticias\/2026\/sicma-canarias-finalista-vii-premios-magallanes-elcano\/","title":{"rendered":"La plataforma de inteligencia clim\u00e1tica SICMA Canarias es finalista de los VII Premios Magallanes-Elcano de Innovaci\u00f3n Social 2026"},"content":{"rendered":"<p>La plataforma de informaci\u00f3n clim\u00e1tica de alta resoluci\u00f3n para territorios insulares <a href=\"https:\/\/canarias.sicma.red\/\" target=\"_blank\" rel=\"noopener\" target=\"_blank\" rel=\"noopener\">SICMA Canarias<\/a>, coordinada por el catedr\u00e1tico <a href=\"https:\/\/portalciencia.ull.es\/investigadores\/81246\/detalle\" target=\"_blank\" rel=\"noopener\" target=\"_blank\" rel=\"noopener\">Juan Carlos Santamarta Cerezal<\/a> y la profesora <a href=\"https:\/\/portalciencia.ull.es\/investigadores\/82630\/detalle\" target=\"_blank\" rel=\"noopener\" target=\"_blank\" rel=\"noopener\">Noelia Cruz P\u00e9rez<\/a>, ambos del Departamento de Ingenier\u00eda Agraria y del Medio Natural de la de la Universidad de La Laguna, ha llegado a la fase final de los <a href=\"https:\/\/premiosmagallaneselcano.com\/\" target=\"_blank\" rel=\"noopener\" target=\"_blank\" rel=\"noopener\">VII Premios Magallanes-Elcano de Innovaci\u00f3n Social<\/a>.<\/p>\n<p>Estos premios, promovidos por la Fundaci\u00f3n LABME reconocen iniciativas, organizaciones e instituciones que est\u00e1n generando un impacto positivo y transformador en sus territorios y visibiliza soluciones innovadoras capaces de mejorar la vida de las personas y fortalecer comunidades m\u00e1s sostenibles, inclusivas y resilientes.<\/p>\n<p>En esta s\u00e9ptima convocatoria ha registrado la mayor participaci\u00f3n de su historia, con 234 candidaturas de 15 pa\u00edses iberoamericanos, de las que solo 36 proyectos han pasado a la fase final en las distintas categor\u00edas. Un comit\u00e9 t\u00e9cnico y un Jurado formados por profesionales de universidades, empresas, administraciones p\u00fablicas y organizaciones de Espa\u00f1a y Portugal evaluar\u00e1n ahora a los finalistas.<\/p>\n<p>La gala de entrega de estos galardones se celebrar\u00e1 el 16 de septiembre en Sevilla, donde se conocer\u00e1 qu\u00e9 proyectos resultan ganadores en cada categor\u00eda. SICMA Canarias competir\u00e1 en la correspondiente a \u201cCiudades, Smart City y Territorio\u201d, dedicada a iniciativas de transformaci\u00f3n, sostenibilidad y resiliencia de dichos espacios.<\/p>\n<p><strong>Una plataforma clim\u00e1tica de alta resoluci\u00f3n hasta 2100<\/strong><\/p>\n<p>SICMA Canarias es un proyecto que permite consultar y analizar c\u00f3mo evolucionar\u00e1 el clima del archipi\u00e9lago a lo largo del siglo XXI, con proyecciones de una resoluci\u00f3n espacial de hasta 100 por 100 metros. Esa escala de detalle resulta clave en Canarias, donde la orograf\u00eda y la diversidad microclim\u00e1tica cambian de una isla a otra e, incluso, dentro de una misma isla.<\/p>\n<p>El sistema, desarrollado por la Universidad de La Laguna junto con la Fundaci\u00f3n para la Investigaci\u00f3n del Clima (<a href=\"https:\/\/ficlima.org\/\" target=\"_blank\" rel=\"noopener\" target=\"_blank\" rel=\"noopener\">FICLIMA<\/a>) y la empresa <a href=\"https:\/\/meteogrid.com\/\" target=\"_blank\" rel=\"noopener\" target=\"_blank\" rel=\"noopener\">Meteogrid<\/a>, naci\u00f3 como uno de los principales resultados de innovaci\u00f3n de ARSINOE. Incorpora datos de temperatura m\u00e1xima y m\u00ednima, precipitaci\u00f3n, evapotranspiraci\u00f3n potencial y real, balance h\u00eddrico, \u00edndice SPEI, aridez y olas de calor, con proyecciones hasta finales de siglo bajo distintos escenarios clim\u00e1ticos y socioecon\u00f3micos. Para construirlo se han combinado diez modelos clim\u00e1ticos CMIP6 con cuatro escenarios socioecon\u00f3micos SSP.<\/p>\n<p>La plataforma traduce informaci\u00f3n cient\u00edfica compleja en una herramienta de apoyo a la planificaci\u00f3n hidrol\u00f3gica, la gesti\u00f3n de los recursos h\u00eddricos, la agricultura, la ordenaci\u00f3n territorial, la conservaci\u00f3n de espacios naturales y las pol\u00edticas de adaptaci\u00f3n al cambio clim\u00e1tico. La Universidad de La Laguna ya ha se\u00f1alado su utilidad para que consejos insulares de aguas, gestores ambientales, el sector agr\u00edcola y las administraciones incorporen escenarios clim\u00e1ticos futuros a sus procesos de planificaci\u00f3n.<\/p>\n<p>Santamarta y Cruz P\u00e9rez, coordinadores de SICMA Canarias, consideran que la selecci\u00f3n como finalista en estos premios supone un reconocimiento a una forma de investigaci\u00f3n clim\u00e1tica que busca, adem\u00e1s de generar conocimiento cient\u00edfico, convertirlo en informaci\u00f3n aplicable a problemas reales del territorio.<\/p>\n<p>SICMA Canarias surgi\u00f3 como resultado del programa europeo <a href=\"https:\/\/arsinoe-project.eu\/\" target=\"_blank\" rel=\"noopener\" target=\"_blank\" rel=\"noopener\">ARSINOE<\/a> (<em>Climate-resilient regions through systemic solutions and innovations<\/em>) que, con financiaci\u00f3n del marco Horizonte 2020, reuni\u00f3 a m\u00e1s de cuarenta socios y desarroll\u00f3 distintos casos de estudio para reforzar la resiliencia de regiones europeas frente al cambio clim\u00e1tico. La Universidad de La Laguna lider\u00f3 durante tres a\u00f1os el caso de Canarias, que ha generado m\u00e1s de 25 estudios, comunicaciones en congresos nacionales e internacionales y publicaciones en revistas de alto impacto, con trabajos pioneros sobre las aguas y el medioambiente del archipi\u00e9lago.<\/p>\n<p>Adem\u00e1s de la Universidad de La Laguna, en el desarrollo de SICMA han participado FICLIMA y Meteogrid, combinando investigaci\u00f3n universitaria, modelizaci\u00f3n clim\u00e1tica y desarrollo tecnol\u00f3gico. El proyecto traslada conocimiento cient\u00edfico a la gesti\u00f3n p\u00fablica y territorial, un aspecto especialmente relevante para regiones insulares vulnerables a los efectos del cambio clim\u00e1tico.<\/p>\n","protected":false},"excerpt":{"rendered":"<p>La plataforma de informaci\u00f3n clim\u00e1tica de alta resoluci\u00f3n para territorios insulares SICMA Canarias, coordinada por el catedr\u00e1tico Juan Carlos Santamarta&#8230;<\/p>\n","protected":false},"author":21,"featured_media":90168,"comment_status":"closed","ping_status":"closed","sticky":false,"template":"","format":"standard","meta":{"inline_featured_image":false,"footnotes":""},"categories":[345,8033,350,2765],"tags":[680,4820,1685,8124,12924,11432],"acf":[],"yoast_head":"<!-- This site is optimized with the Yoast SEO plugin v21.3 - https:\/\/yoast.com\/wordpress\/plugins\/seo\/ -->\n<title>SICMA Canarias es finalista de los VII Premios Magallanes-Elcano<\/title>\n<meta name=\"description\" content=\"Esta plataforma sobre inteligencia clim\u00e1tica coordinada desde la ULL opta a este galard\u00f3n en la categor\u00eda Ciudades, Smart City y Territorio.\" \/>\n<meta name=\"robots\" content=\"index, follow, max-snippet:-1, max-image-preview:large, max-video-preview:-1\" \/>\n<link rel=\"canonical\" href=\"https:\/\/www.ull.es\/portal\/noticias\/2026\/sicma-canarias-finalista-vii-premios-magallanes-elcano\/\" \/>\n<meta property=\"og:locale\" content=\"es_ES\" \/>\n<meta property=\"og:type\" content=\"article\" \/>\n<meta property=\"og:title\" content=\"SICMA Canarias es finalista de los VII Premios Magallanes-Elcano\" \/>\n<meta property=\"og:description\" content=\"Esta plataforma sobre inteligencia clim\u00e1tica coordinada desde la ULL opta a este galard\u00f3n en la categor\u00eda Ciudades, Smart City y Territorio.\" \/>\n<meta property=\"og:url\" content=\"https:\/\/www.ull.es\/portal\/noticias\/2026\/sicma-canarias-finalista-vii-premios-magallanes-elcano\/\" \/>\n<meta property=\"og:site_name\" content=\"ULL - Noticias\" \/>\n<meta property=\"article:publisher\" content=\"https:\/\/www.facebook.com\/universidaddelalaguna\/\" \/>\n<meta property=\"article:published_time\" content=\"2026-08-31T12:20:21+00:00\" \/>\n<meta property=\"og:image\" content=\"https:\/\/www.ull.es\/portal\/noticias\/wp-content\/uploads\/sites\/13\/2026\/08\/equipo-sicma-canarias.jpg\" \/>\n\t<meta property=\"og:image:width\" content=\"1200\" \/>\n\t<meta property=\"og:image:height\" content=\"800\" \/>\n\t<meta property=\"og:image:type\" content=\"image\/jpeg\" \/>\n<meta name=\"author\" content=\"prensa2\" \/>\n<meta name=\"twitter:card\" content=\"summary_large_image\" \/>\n<meta name=\"twitter:creator\" content=\"@CanalULL\" \/>\n<meta name=\"twitter:site\" content=\"@CanalULL\" \/>\n<meta name=\"twitter:label1\" content=\"Escrito por\" \/>\n\t<meta name=\"twitter:data1\" content=\"prensa2\" \/>\n\t<meta name=\"twitter:label2\" content=\"Tiempo de lectura\" \/>\n\t<meta name=\"twitter:data2\" content=\"3 minutos\" \/>\n<script type=\"application\/ld+json\" class=\"yoast-schema-graph\">{\"@context\":\"https:\/\/schema.org\",\"@graph\":[{\"@type\":\"WebPage\",\"@id\":\"https:\/\/www.ull.es\/portal\/noticias\/2026\/sicma-canarias-finalista-vii-premios-magallanes-elcano\/\",\"url\":\"https:\/\/www.ull.es\/portal\/noticias\/2026\/sicma-canarias-finalista-vii-premios-magallanes-elcano\/\",\"name\":\"SICMA Canarias es finalista de los VII Premios Magallanes-Elcano\",\"isPartOf\":{\"@id\":\"https:\/\/www.ull.es\/portal\/noticias\/#website\"},\"datePublished\":\"2026-08-31T12:20:21+00:00\",\"dateModified\":\"2026-08-31T12:20:21+00:00\",\"author\":{\"@id\":\"https:\/\/www.ull.es\/portal\/noticias\/#\/schema\/person\/c3b2aa857797592927a03740d6664376\"},\"description\":\"Esta plataforma sobre inteligencia clim\u00e1tica coordinada desde la ULL opta a este galard\u00f3n en la categor\u00eda Ciudades, Smart City y Territorio.\",\"breadcrumb\":{\"@id\":\"https:\/\/www.ull.es\/portal\/noticias\/2026\/sicma-canarias-finalista-vii-premios-magallanes-elcano\/#breadcrumb\"},\"inLanguage\":\"es\",\"potentialAction\":[{\"@type\":\"ReadAction\",\"target\":[\"https:\/\/www.ull.es\/portal\/noticias\/2026\/sicma-canarias-finalista-vii-premios-magallanes-elcano\/\"]}]},{\"@type\":\"BreadcrumbList\",\"@id\":\"https:\/\/www.ull.es\/portal\/noticias\/2026\/sicma-canarias-finalista-vii-premios-magallanes-elcano\/#breadcrumb\",\"itemListElement\":[{\"@type\":\"ListItem\",\"position\":1,\"name\":\"Portada\",\"item\":\"https:\/\/www.ull.es\/portal\/noticias\/\"},{\"@type\":\"ListItem\",\"position\":2,\"name\":\"La plataforma de inteligencia clim\u00e1tica SICMA Canarias es finalista de los VII Premios Magallanes-Elcano de Innovaci\u00f3n Social 2026\"}]},{\"@type\":\"WebSite\",\"@id\":\"https:\/\/www.ull.es\/portal\/noticias\/#website\",\"url\":\"https:\/\/www.ull.es\/portal\/noticias\/\",\"name\":\"ULL - Noticias\",\"description\":\"\",\"potentialAction\":[{\"@type\":\"SearchAction\",\"target\":{\"@type\":\"EntryPoint\",\"urlTemplate\":\"https:\/\/www.ull.es\/portal\/noticias\/?s={search_term_string}\"},\"query-input\":\"required name=search_term_string\"}],\"inLanguage\":\"es\"},{\"@type\":\"Person\",\"@id\":\"https:\/\/www.ull.es\/portal\/noticias\/#\/schema\/person\/c3b2aa857797592927a03740d6664376\",\"name\":\"prensa2\",\"image\":{\"@type\":\"ImageObject\",\"inLanguage\":\"es\",\"@id\":\"https:\/\/www.ull.es\/portal\/noticias\/#\/schema\/person\/image\/\",\"url\":\"https:\/\/secure.gravatar.com\/avatar\/b58f310a5de5feb33d1e026d2493f23c?s=96&d=mm&r=g\",\"contentUrl\":\"https:\/\/secure.gravatar.com\/avatar\/b58f310a5de5feb33d1e026d2493f23c?s=96&d=mm&r=g\",\"caption\":\"prensa2\"},\"url\":\"https:\/\/www.ull.es\/portal\/noticias\/author\/prensa2\/\"}]}<\/script>\n<!-- \/ Yoast SEO plugin. -->","yoast_head_json":{"title":"SICMA Canarias es finalista de los VII Premios Magallanes-Elcano","description":"Esta plataforma sobre inteligencia clim\u00e1tica coordinada desde la ULL opta a este galard\u00f3n en la categor\u00eda Ciudades, Smart City y Territorio.","robots":{"index":"index","follow":"follow","max-snippet":"max-snippet:-1","max-image-preview":"max-image-preview:large","max-video-preview":"max-video-preview:-1"},"canonical":"https:\/\/www.ull.es\/portal\/noticias\/2026\/sicma-canarias-finalista-vii-premios-magallanes-elcano\/","og_locale":"es_ES","og_type":"article","og_title":"SICMA Canarias es finalista de los VII Premios Magallanes-Elcano","og_description":"Esta plataforma sobre inteligencia clim\u00e1tica coordinada desde la ULL opta a este galard\u00f3n en la categor\u00eda Ciudades, Smart City y Territorio.","og_url":"https:\/\/www.ull.es\/portal\/noticias\/2026\/sicma-canarias-finalista-vii-premios-magallanes-elcano\/","og_site_name":"ULL - Noticias","article_publisher":"https:\/\/www.facebook.com\/universidaddelalaguna\/","article_published_time":"2026-08-31T12:20:21+00:00","og_image":[{"width":1200,"height":800,"url":"https:\/\/www.ull.es\/portal\/noticias\/wp-content\/uploads\/sites\/13\/2026\/08\/equipo-sicma-canarias.jpg","type":"image\/jpeg"}],"author":"prensa2","twitter_card":"summary_large_image","twitter_creator":"@CanalULL","twitter_site":"@CanalULL","twitter_misc":{"Escrito por":"prensa2","Tiempo de lectura":"3 minutos"},"schema":{"@context":"https:\/\/schema.org","@graph":[{"@type":"WebPage","@id":"https:\/\/www.ull.es\/portal\/noticias\/2026\/sicma-canarias-finalista-vii-premios-magallanes-elcano\/","url":"https:\/\/www.ull.es\/portal\/noticias\/2026\/sicma-canarias-finalista-vii-premios-magallanes-elcano\/","name":"SICMA Canarias es finalista de los VII Premios Magallanes-Elcano","isPartOf":{"@id":"https:\/\/www.ull.es\/portal\/noticias\/#website"},"datePublished":"2026-08-31T12:20:21+00:00","dateModified":"2026-08-31T12:20:21+00:00","author":{"@id":"https:\/\/www.ull.es\/portal\/noticias\/#\/schema\/person\/c3b2aa857797592927a03740d6664376"},"description":"Esta plataforma sobre inteligencia clim\u00e1tica coordinada desde la ULL opta a este galard\u00f3n en la categor\u00eda Ciudades, Smart City y Territorio.","breadcrumb":{"@id":"https:\/\/www.ull.es\/portal\/noticias\/2026\/sicma-canarias-finalista-vii-premios-magallanes-elcano\/#breadcrumb"},"inLanguage":"es","potentialAction":[{"@type":"ReadAction","target":["https:\/\/www.ull.es\/portal\/noticias\/2026\/sicma-canarias-finalista-vii-premios-magallanes-elcano\/"]}]},{"@type":"BreadcrumbList","@id":"https:\/\/www.ull.es\/portal\/noticias\/2026\/sicma-canarias-finalista-vii-premios-magallanes-elcano\/#breadcrumb","itemListElement":[{"@type":"ListItem","position":1,"name":"Portada","item":"https:\/\/www.ull.es\/portal\/noticias\/"},{"@type":"ListItem","position":2,"name":"La plataforma de inteligencia clim\u00e1tica SICMA Canarias es finalista de los VII Premios Magallanes-Elcano de Innovaci\u00f3n Social 2026"}]},{"@type":"WebSite","@id":"https:\/\/www.ull.es\/portal\/noticias\/#website","url":"https:\/\/www.ull.es\/portal\/noticias\/","name":"ULL - Noticias","description":"","potentialAction":[{"@type":"SearchAction","target":{"@type":"EntryPoint","urlTemplate":"https:\/\/www.ull.es\/portal\/noticias\/?s={search_term_string}"},"query-input":"required name=search_term_string"}],"inLanguage":"es"},{"@type":"Person","@id":"https:\/\/www.ull.es\/portal\/noticias\/#\/schema\/person\/c3b2aa857797592927a03740d6664376","name":"prensa2","image":{"@type":"ImageObject","inLanguage":"es","@id":"https:\/\/www.ull.es\/portal\/noticias\/#\/schema\/person\/image\/","url":"https:\/\/secure.gravatar.com\/avatar\/b58f310a5de5feb33d1e026d2493f23c?s=96&d=mm&r=g","contentUrl":"https:\/\/secure.gravatar.com\/avatar\/b58f310a5de5feb33d1e026d2493f23c?s=96&d=mm&r=g","caption":"prensa2"},"url":"https:\/\/www.ull.es\/portal\/noticias\/author\/prensa2\/"}]}},"primary_category":{"id":345,"name":"Destacado","slug":"destacado","link":"https:\/\/www.ull.es\/portal\/noticias\/category\/destacado\/"},"featured_image_thumbnail_url":"https:\/\/www.ull.es\/portal\/noticias\/wp-content\/uploads\/sites\/13\/2026\/08\/equipo-sicma-canarias-300x200.jpg","_links":{"self":[{"href":"https:\/\/www.ull.es\/portal\/noticias\/wp-json\/wp\/v2\/posts\/90167"}],"collection":[{"href":"https:\/\/www.ull.es\/portal\/noticias\/wp-json\/wp\/v2\/posts"}],"about":[{"href":"https:\/\/www.ull.es\/portal\/noticias\/wp-json\/wp\/v2\/types\/post"}],"author":[{"embeddable":true,"href":"https:\/\/www.ull.es\/portal\/noticias\/wp-json\/wp\/v2\/users\/21"}],"replies":[{"embeddable":true,"href":"https:\/\/www.ull.es\/portal\/noticias\/wp-json\/wp\/v2\/comments?post=90167"}],"version-history":[{"count":1,"href":"https:\/\/www.ull.es\/portal\/noticias\/wp-json\/wp\/v2\/posts\/90167\/revisions"}],"predecessor-version":[{"id":90169,"href":"https:\/\/www.ull.es\/portal\/noticias\/wp-json\/wp\/v2\/posts\/90167\/revisions\/90169"}],"wp:featuredmedia":[{"embeddable":true,"href":"https:\/\/www.ull.es\/portal\/noticias\/wp-json\/wp\/v2\/media\/90168"}],"wp:attachment":[{"href":"https:\/\/www.ull.es\/portal\/noticias\/wp-json\/wp\/v2\/media?parent=90167"}],"wp:term":[{"taxonomy":"category","embeddable":true,"href":"https:\/\/www.ull.es\/portal\/noticias\/wp-json\/wp\/v2\/categories?post=90167"},{"taxonomy":"post_tag","embeddable":true,"href":"https:\/\/www.ull.es\/portal\/noticias\/wp-json\/wp\/v2\/tags?post=90167"}],"curies":[{"name":"wp","href":"https:\/\/api.w.org\/{rel}","templated":true}]}}