{"id":90170,"date":"2026-08-31T13:20:21","date_gmt":"2026-08-31T13:20:21","guid":{"rendered":"https:\/\/www.ull.es\/portal\/noticias\/?p=90170"},"modified":"2026-08-31T13:20:21","modified_gmt":"2026-08-31T13:20:21","slug":"ull-identifica-alteraciones-tempranas-lenguaje-narrativo-parkinson","status":"publish","type":"post","link":"https:\/\/www.ull.es\/portal\/noticias\/2026\/ull-identifica-alteraciones-tempranas-lenguaje-narrativo-parkinson\/","title":{"rendered":"Una investigaci\u00f3n de la ULL identifica alteraciones tempranas del lenguaje narrativo en pacientes con Parkinson"},"content":{"rendered":"<p><a href=\"https:\/\/www.ull.es\/portal\/noticias\/wp-content\/uploads\/sites\/13\/2026\/08\/portada-archives-clinical-neuropsychology-g.jpeg\" target=\"_blank\" rel=\"noopener\" target=\"_blank\" rel=\"noopener\"><img decoding=\"async\" loading=\"lazy\" class=\"alignleft wp-image-90172 size-medium\" src=\"https:\/\/www.ull.es\/portal\/noticias\/wp-content\/uploads\/sites\/13\/2026\/08\/portada-archives-clinical-neuropsychology-g-228x300.jpeg\" alt=\"\" width=\"228\" height=\"300\" srcset=\"https:\/\/www.ull.es\/portal\/noticias\/wp-content\/uploads\/sites\/13\/2026\/08\/portada-archives-clinical-neuropsychology-g-228x300.jpeg 228w, https:\/\/www.ull.es\/portal\/noticias\/wp-content\/uploads\/sites\/13\/2026\/08\/portada-archives-clinical-neuropsychology-g-375x493.jpeg 375w, https:\/\/www.ull.es\/portal\/noticias\/wp-content\/uploads\/sites\/13\/2026\/08\/portada-archives-clinical-neuropsychology-g.jpeg 520w\" sizes=\"(max-width: 228px) 100vw, 228px\" \/><\/a>Un estudio desarrollado por un grupo de investigaci\u00f3n de la Facultad de Psicolog\u00eda y Logopedia\u00a0 de la Universidad de La Laguna formado por Mar\u00eda Garc\u00eda P\u00e9rez, <a href=\"https:\/\/portalciencia.ull.es\/investigadores\/81419\/detalle\" target=\"_blank\" rel=\"noopener\" target=\"_blank\" rel=\"noopener\">Mar\u00eda Antonia Nieto<\/a> e <a href=\"https:\/\/portalciencia.ull.es\/investigadores\/81659\/detalle\" target=\"_blank\" rel=\"noopener\" target=\"_blank\" rel=\"noopener\">Iv\u00e1n Galtier<\/a>, ha identificado alteraciones tempranas en la complejidad del discurso narrativo con enfermedad de Parkinson, incluso antes de que aparezcan signos claros de deterioro cognitivo leve. La investigaci\u00f3n, publicada en la revista <a href=\"https:\/\/academic.oup.com\/acn\/article-abstract\/41\/3\/acag024\/8651023?redirectedFrom=fulltext\" target=\"_blank\" rel=\"noopener\"><em>Archives of Clinical Neuropsychology<\/em><\/a>, analiz\u00f3 las capacidades ling\u00fc\u00edsticas de 27 pacientes con Parkinson y las compar\u00f3 con las 24 personas sanas. Para esto, el equipo investigador cont\u00f3 con la colaboraci\u00f3n de la Asociaci\u00f3n de Parkinson de Tenerife.<\/p>\n<p>El Parkinson constituye actualmente la segunda enfermedad neurodegenerativa m\u00e1s frecuente del mundo, solo por detr\u00e1s del Alzheimer. Aunque suele asociarse principalmente a s\u00edntomas motores como temblores, lentitud de movimientos o problemas de equilibrio, tambi\u00e9n puede provocar alteraciones cognitivas y del lenguaje que afectan significativamente a la calidad de vida de quienes la padecen.<\/p>\n<p>Uno de los principales retos cient\u00edficos consiste precisamente en identificar qu\u00e9 cambios cognitivos aparecen en las primeras etapas de la enfermedad y cu\u00e1les pueden anticipar un mayor riesgo de desarrollar deterioro cognitivo leve o demencia. Diversas investigaciones indican que entre un 30 % y un 50 % de los pacientes con Parkinson presentan deterioro cognitivo leve durante la evoluci\u00f3n de la enfermedad y que, con el paso de los a\u00f1os, entre el 70 % y el 80 % podr\u00eda desarrollar demencia.<\/p>\n<p>Con el objetivo de profundizar en estas fases iniciales, los investigadores trabajaron con una muestra formada por 51 participantes. De ellos, 27 hab\u00edan sido diagnosticados con Parkinson y 24 formaban parte del grupo de control, compuesto por personas sanas sin patolog\u00edas neurol\u00f3gicas. Entre los pacientes diagnosticados, 14 no presentaban deterioro cognitivo leve y 13 s\u00ed cumpl\u00edan criterios cl\u00ednicos para este diagn\u00f3stico.<\/p>\n<p>La evaluaci\u00f3n se llev\u00f3 a cabo mediante diversas pruebas ling\u00fc\u00edsticas dise\u00f1adas para medir diferentes aspectos de la producci\u00f3n del lenguaje. Entre ellas se incluy\u00f3 la conocida imagen del \u201cRobo de Galletas\u201d, una herramienta ampliamente utilizada en neuropsicolog\u00eda que permite evaluar la capacidad narrativa de una persona a partir de la descripci\u00f3n detallada de una escena cotidiana.<\/p>\n<p>Los resultados mostraron diferencias significativas entre los pacientes con Parkinson y los participantes sanos. Tanto los pacientes con deterioro cognitivo leve como aquellos que a\u00fan no lo presentaban produjeron un mayor n\u00famero de oraciones simples y una menor cantidad de estructuras complejas formadas por varias cl\u00e1usulas.<\/p>\n<p>Adem\u00e1s, los autores del art\u00edculo detectaron que el \u00edndice de complejidad ling\u00fc\u00edstica fue inferior en los pacientes con la enfermedad, indicando una menor capacidad para conectar ideas y articular estructuras narrativas m\u00e1s elaboradas. Los investigadores tambi\u00e9n observaron una menor velocidad de producci\u00f3n verbal, si bien el n\u00famero total de palabras utilizadas y el tiempo total empleado en la tarea no mostraron diferencias importantes respecto al grupo control.<\/p>\n<p>Uno de los hallazgos m\u00e1s destacados del estudio fue la comprobaci\u00f3n de que estas alteraciones narrativas parec\u00edan producirse independientemente del estado cognitivo general de los pacientes o del grado de progresi\u00f3n motora de la enfermedad. Mientras que otras pruebas cl\u00e1sicas del lenguaje, como la fluidez verbal o la capacidad para nombrar objetos, s\u00ed mostraban una relaci\u00f3n con el deterioro cognitivo y con la evoluci\u00f3n cl\u00ednica, se observ\u00f3 que el discurso narrativo presentaba un comportamiento diferente.<\/p>\n<p>Con todo, los pacientes con deterioro cognitivo leve asociado al Parkinson s\u00ed obtuvieron peores resultados en tareas de fluidez sem\u00e1ntica y denominaci\u00f3n de palabras, lo que confirma investigaciones anteriores sobre las dificultades ling\u00fc\u00edsticas relacionadas con etapas m\u00e1s avanzadas del deterioro cognitivo. Sin embargo, los investigadores se percataron de que la reducci\u00f3n en la complejidad narrativa aparec\u00eda incluso en pacientes que todav\u00eda no mostraban otros signos cognitivos relevantes.<\/p>\n<p>De este modo, los autores subrayan que la investigaci\u00f3n desarrollada abre nuevas l\u00edneas de estudio sobre el papel del lenguaje narrativo como posible marcador temprano de alteraciones cognitivas en pacientes con enfermedades neurodegenerativas y plantea la necesidad de continuar desarrollando herramientas que permitan detectar cambios sutiles antes de que aparezcan otros s\u00edntomas cl\u00ednicos m\u00e1s evidentes.<\/p>\n","protected":false},"excerpt":{"rendered":"<p>Un estudio desarrollado por un grupo de investigaci\u00f3n de la Facultad de Psicolog\u00eda y Logopedia\u00a0 de la Universidad de La&#8230;<\/p>\n","protected":false},"author":21,"featured_media":90171,"comment_status":"closed","ping_status":"closed","sticky":false,"template":"","format":"image","meta":{"inline_featured_image":false,"footnotes":""},"categories":[345,350,2765],"tags":[10841,7396,12925,4610],"acf":[],"yoast_head":"<!-- This site is optimized with the Yoast SEO plugin v21.3 - https:\/\/yoast.com\/wordpress\/plugins\/seo\/ -->\n<title>Hallan alteraciones tempranas del lenguaje narrativo en Parkinson<\/title>\n<meta name=\"description\" content=\"Un grupo de la ULL analiz\u00f3 las capacidades ling\u00fc\u00edsticas de 27 pacientes con Parkinson y las compar\u00f3 con las 24 personas sanas.\" \/>\n<meta name=\"robots\" content=\"index, follow, max-snippet:-1, max-image-preview:large, max-video-preview:-1\" \/>\n<link rel=\"canonical\" href=\"https:\/\/www.ull.es\/portal\/noticias\/2026\/ull-identifica-alteraciones-tempranas-lenguaje-narrativo-parkinson\/\" \/>\n<meta property=\"og:locale\" content=\"es_ES\" \/>\n<meta property=\"og:type\" content=\"article\" \/>\n<meta property=\"og:title\" content=\"Hallan alteraciones tempranas del lenguaje narrativo en Parkinson\" \/>\n<meta property=\"og:description\" content=\"Un grupo de la ULL analiz\u00f3 las capacidades ling\u00fc\u00edsticas de 27 pacientes con Parkinson y las compar\u00f3 con las 24 personas sanas.\" \/>\n<meta property=\"og:url\" content=\"https:\/\/www.ull.es\/portal\/noticias\/2026\/ull-identifica-alteraciones-tempranas-lenguaje-narrativo-parkinson\/\" \/>\n<meta property=\"og:site_name\" content=\"ULL - Noticias\" \/>\n<meta property=\"article:publisher\" content=\"https:\/\/www.facebook.com\/universidaddelalaguna\/\" \/>\n<meta property=\"article:published_time\" content=\"2026-08-31T13:20:21+00:00\" \/>\n<meta property=\"og:image\" content=\"https:\/\/www.ull.es\/portal\/noticias\/wp-content\/uploads\/sites\/13\/2026\/08\/portada-archives-clinical-neuropsychology-p.jpg\" \/>\n\t<meta property=\"og:image:width\" content=\"520\" \/>\n\t<meta property=\"og:image:height\" content=\"388\" \/>\n\t<meta property=\"og:image:type\" content=\"image\/jpeg\" \/>\n<meta name=\"author\" content=\"prensa2\" \/>\n<meta name=\"twitter:card\" content=\"summary_large_image\" \/>\n<meta name=\"twitter:creator\" content=\"@CanalULL\" \/>\n<meta name=\"twitter:site\" content=\"@CanalULL\" \/>\n<meta name=\"twitter:label1\" content=\"Escrito por\" \/>\n\t<meta name=\"twitter:data1\" content=\"prensa2\" \/>\n\t<meta name=\"twitter:label2\" content=\"Tiempo de lectura\" \/>\n\t<meta name=\"twitter:data2\" content=\"4 minutos\" \/>\n<script type=\"application\/ld+json\" class=\"yoast-schema-graph\">{\"@context\":\"https:\/\/schema.org\",\"@graph\":[{\"@type\":\"WebPage\",\"@id\":\"https:\/\/www.ull.es\/portal\/noticias\/2026\/ull-identifica-alteraciones-tempranas-lenguaje-narrativo-parkinson\/\",\"url\":\"https:\/\/www.ull.es\/portal\/noticias\/2026\/ull-identifica-alteraciones-tempranas-lenguaje-narrativo-parkinson\/\",\"name\":\"Hallan alteraciones tempranas del lenguaje narrativo en Parkinson\",\"isPartOf\":{\"@id\":\"https:\/\/www.ull.es\/portal\/noticias\/#website\"},\"datePublished\":\"2026-08-31T13:20:21+00:00\",\"dateModified\":\"2026-08-31T13:20:21+00:00\",\"author\":{\"@id\":\"https:\/\/www.ull.es\/portal\/noticias\/#\/schema\/person\/c3b2aa857797592927a03740d6664376\"},\"description\":\"Un grupo de la ULL analiz\u00f3 las capacidades ling\u00fc\u00edsticas de 27 pacientes con Parkinson y las compar\u00f3 con las 24 personas sanas.\",\"breadcrumb\":{\"@id\":\"https:\/\/www.ull.es\/portal\/noticias\/2026\/ull-identifica-alteraciones-tempranas-lenguaje-narrativo-parkinson\/#breadcrumb\"},\"inLanguage\":\"es\",\"potentialAction\":[{\"@type\":\"ReadAction\",\"target\":[\"https:\/\/www.ull.es\/portal\/noticias\/2026\/ull-identifica-alteraciones-tempranas-lenguaje-narrativo-parkinson\/\"]}]},{\"@type\":\"BreadcrumbList\",\"@id\":\"https:\/\/www.ull.es\/portal\/noticias\/2026\/ull-identifica-alteraciones-tempranas-lenguaje-narrativo-parkinson\/#breadcrumb\",\"itemListElement\":[{\"@type\":\"ListItem\",\"position\":1,\"name\":\"Portada\",\"item\":\"https:\/\/www.ull.es\/portal\/noticias\/\"},{\"@type\":\"ListItem\",\"position\":2,\"name\":\"Una investigaci\u00f3n de la ULL identifica alteraciones tempranas del lenguaje narrativo en pacientes con Parkinson\"}]},{\"@type\":\"WebSite\",\"@id\":\"https:\/\/www.ull.es\/portal\/noticias\/#website\",\"url\":\"https:\/\/www.ull.es\/portal\/noticias\/\",\"name\":\"ULL - Noticias\",\"description\":\"\",\"potentialAction\":[{\"@type\":\"SearchAction\",\"target\":{\"@type\":\"EntryPoint\",\"urlTemplate\":\"https:\/\/www.ull.es\/portal\/noticias\/?s={search_term_string}\"},\"query-input\":\"required name=search_term_string\"}],\"inLanguage\":\"es\"},{\"@type\":\"Person\",\"@id\":\"https:\/\/www.ull.es\/portal\/noticias\/#\/schema\/person\/c3b2aa857797592927a03740d6664376\",\"name\":\"prensa2\",\"image\":{\"@type\":\"ImageObject\",\"inLanguage\":\"es\",\"@id\":\"https:\/\/www.ull.es\/portal\/noticias\/#\/schema\/person\/image\/\",\"url\":\"https:\/\/secure.gravatar.com\/avatar\/b58f310a5de5feb33d1e026d2493f23c?s=96&d=mm&r=g\",\"contentUrl\":\"https:\/\/secure.gravatar.com\/avatar\/b58f310a5de5feb33d1e026d2493f23c?s=96&d=mm&r=g\",\"caption\":\"prensa2\"},\"url\":\"https:\/\/www.ull.es\/portal\/noticias\/author\/prensa2\/\"}]}<\/script>\n<!-- \/ Yoast SEO plugin. -->","yoast_head_json":{"title":"Hallan alteraciones tempranas del lenguaje narrativo en Parkinson","description":"Un grupo de la ULL analiz\u00f3 las capacidades ling\u00fc\u00edsticas de 27 pacientes con Parkinson y las compar\u00f3 con las 24 personas sanas.","robots":{"index":"index","follow":"follow","max-snippet":"max-snippet:-1","max-image-preview":"max-image-preview:large","max-video-preview":"max-video-preview:-1"},"canonical":"https:\/\/www.ull.es\/portal\/noticias\/2026\/ull-identifica-alteraciones-tempranas-lenguaje-narrativo-parkinson\/","og_locale":"es_ES","og_type":"article","og_title":"Hallan alteraciones tempranas del lenguaje narrativo en Parkinson","og_description":"Un grupo de la ULL analiz\u00f3 las capacidades ling\u00fc\u00edsticas de 27 pacientes con Parkinson y las compar\u00f3 con las 24 personas sanas.","og_url":"https:\/\/www.ull.es\/portal\/noticias\/2026\/ull-identifica-alteraciones-tempranas-lenguaje-narrativo-parkinson\/","og_site_name":"ULL - Noticias","article_publisher":"https:\/\/www.facebook.com\/universidaddelalaguna\/","article_published_time":"2026-08-31T13:20:21+00:00","og_image":[{"width":520,"height":388,"url":"https:\/\/www.ull.es\/portal\/noticias\/wp-content\/uploads\/sites\/13\/2026\/08\/portada-archives-clinical-neuropsychology-p.jpg","type":"image\/jpeg"}],"author":"prensa2","twitter_card":"summary_large_image","twitter_creator":"@CanalULL","twitter_site":"@CanalULL","twitter_misc":{"Escrito por":"prensa2","Tiempo de lectura":"4 minutos"},"schema":{"@context":"https:\/\/schema.org","@graph":[{"@type":"WebPage","@id":"https:\/\/www.ull.es\/portal\/noticias\/2026\/ull-identifica-alteraciones-tempranas-lenguaje-narrativo-parkinson\/","url":"https:\/\/www.ull.es\/portal\/noticias\/2026\/ull-identifica-alteraciones-tempranas-lenguaje-narrativo-parkinson\/","name":"Hallan alteraciones tempranas del lenguaje narrativo en Parkinson","isPartOf":{"@id":"https:\/\/www.ull.es\/portal\/noticias\/#website"},"datePublished":"2026-08-31T13:20:21+00:00","dateModified":"2026-08-31T13:20:21+00:00","author":{"@id":"https:\/\/www.ull.es\/portal\/noticias\/#\/schema\/person\/c3b2aa857797592927a03740d6664376"},"description":"Un grupo de la ULL analiz\u00f3 las capacidades ling\u00fc\u00edsticas de 27 pacientes con Parkinson y las compar\u00f3 con las 24 personas sanas.","breadcrumb":{"@id":"https:\/\/www.ull.es\/portal\/noticias\/2026\/ull-identifica-alteraciones-tempranas-lenguaje-narrativo-parkinson\/#breadcrumb"},"inLanguage":"es","potentialAction":[{"@type":"ReadAction","target":["https:\/\/www.ull.es\/portal\/noticias\/2026\/ull-identifica-alteraciones-tempranas-lenguaje-narrativo-parkinson\/"]}]},{"@type":"BreadcrumbList","@id":"https:\/\/www.ull.es\/portal\/noticias\/2026\/ull-identifica-alteraciones-tempranas-lenguaje-narrativo-parkinson\/#breadcrumb","itemListElement":[{"@type":"ListItem","position":1,"name":"Portada","item":"https:\/\/www.ull.es\/portal\/noticias\/"},{"@type":"ListItem","position":2,"name":"Una investigaci\u00f3n de la ULL identifica alteraciones tempranas del lenguaje narrativo en pacientes con Parkinson"}]},{"@type":"WebSite","@id":"https:\/\/www.ull.es\/portal\/noticias\/#website","url":"https:\/\/www.ull.es\/portal\/noticias\/","name":"ULL - Noticias","description":"","potentialAction":[{"@type":"SearchAction","target":{"@type":"EntryPoint","urlTemplate":"https:\/\/www.ull.es\/portal\/noticias\/?s={search_term_string}"},"query-input":"required name=search_term_string"}],"inLanguage":"es"},{"@type":"Person","@id":"https:\/\/www.ull.es\/portal\/noticias\/#\/schema\/person\/c3b2aa857797592927a03740d6664376","name":"prensa2","image":{"@type":"ImageObject","inLanguage":"es","@id":"https:\/\/www.ull.es\/portal\/noticias\/#\/schema\/person\/image\/","url":"https:\/\/secure.gravatar.com\/avatar\/b58f310a5de5feb33d1e026d2493f23c?s=96&d=mm&r=g","contentUrl":"https:\/\/secure.gravatar.com\/avatar\/b58f310a5de5feb33d1e026d2493f23c?s=96&d=mm&r=g","caption":"prensa2"},"url":"https:\/\/www.ull.es\/portal\/noticias\/author\/prensa2\/"}]}},"primary_category":{"id":345,"name":"Destacado","slug":"destacado","link":"https:\/\/www.ull.es\/portal\/noticias\/category\/destacado\/"},"featured_image_thumbnail_url":"https:\/\/www.ull.es\/portal\/noticias\/wp-content\/uploads\/sites\/13\/2026\/08\/portada-archives-clinical-neuropsychology-p-300x224.jpg","_links":{"self":[{"href":"https:\/\/www.ull.es\/portal\/noticias\/wp-json\/wp\/v2\/posts\/90170"}],"collection":[{"href":"https:\/\/www.ull.es\/portal\/noticias\/wp-json\/wp\/v2\/posts"}],"about":[{"href":"https:\/\/www.ull.es\/portal\/noticias\/wp-json\/wp\/v2\/types\/post"}],"author":[{"embeddable":true,"href":"https:\/\/www.ull.es\/portal\/noticias\/wp-json\/wp\/v2\/users\/21"}],"replies":[{"embeddable":true,"href":"https:\/\/www.ull.es\/portal\/noticias\/wp-json\/wp\/v2\/comments?post=90170"}],"version-history":[{"count":1,"href":"https:\/\/www.ull.es\/portal\/noticias\/wp-json\/wp\/v2\/posts\/90170\/revisions"}],"predecessor-version":[{"id":90173,"href":"https:\/\/www.ull.es\/portal\/noticias\/wp-json\/wp\/v2\/posts\/90170\/revisions\/90173"}],"wp:featuredmedia":[{"embeddable":true,"href":"https:\/\/www.ull.es\/portal\/noticias\/wp-json\/wp\/v2\/media\/90171"}],"wp:attachment":[{"href":"https:\/\/www.ull.es\/portal\/noticias\/wp-json\/wp\/v2\/media?parent=90170"}],"wp:term":[{"taxonomy":"category","embeddable":true,"href":"https:\/\/www.ull.es\/portal\/noticias\/wp-json\/wp\/v2\/categories?post=90170"},{"taxonomy":"post_tag","embeddable":true,"href":"https:\/\/www.ull.es\/portal\/noticias\/wp-json\/wp\/v2\/tags?post=90170"}],"curies":[{"name":"wp","href":"https:\/\/api.w.org\/{rel}","templated":true}]}}