{"id":90180,"date":"2026-09-01T09:10:08","date_gmt":"2026-09-01T09:10:08","guid":{"rendered":"https:\/\/www.ull.es\/portal\/noticias\/?p=90180"},"modified":"2026-09-01T09:10:08","modified_gmt":"2026-09-01T09:10:08","slug":"vicerrector-investigacion-visita-yacimiento-el-salt","status":"publish","type":"post","link":"https:\/\/www.ull.es\/portal\/noticias\/2026\/vicerrector-investigacion-visita-yacimiento-el-salt\/","title":{"rendered":"El vicerrector de Investigaci\u00f3n visita el yacimiento de El Salt, referente en el estudio de los neandertales"},"content":{"rendered":"<p>El vicerrector de Investigaci\u00f3n y Transferencia de la Universidad de La Laguna, Antonio Aparicio, ha visitado recientemente el yacimiento arqueol\u00f3gico de El Salt en Alcoy (Alicante), donde un equipo vinculado a la instituci\u00f3n acad\u00e9mica desarrolla desde hace cuatro d\u00e9cadas una destacada l\u00ednea de investigaci\u00f3n sobre las poblaciones neandertales. La visita coincide con el 40 aniversario del inicio de estas excavaciones por la profesora <a href=\"https:\/\/portalciencia.ull.es\/investigadores\/81947\/detalle\" target=\"_blank\" rel=\"noopener\" target=\"_blank\" rel=\"noopener\">Bertila Galv\u00e1n<\/a>, un proyecto de larga trayectoria que actualmente dirigen los investigadores del departamento de Geograf\u00eda e Historia <a href=\"https:\/\/portalciencia.ull.es\/investigadores\/81077\/detalle\" target=\"_blank\" rel=\"noopener\" target=\"_blank\" rel=\"noopener\">Carolina Mallol<\/a> y <a href=\"https:\/\/portalciencia.ull.es\/investigadores\/81139\/detalle\" target=\"_blank\" rel=\"noopener\" target=\"_blank\" rel=\"noopener\">Cristo Hern\u00e1ndez<\/a>.<\/p>\n<p>Durante la visita, el vicerrector estuvo acompa\u00f1ado por el director de secretariado de Institutos Universitarios y Publicaciones, Roberto Gonz\u00e1lez. En ella pudieron conocer de primera mano el trabajo que desarrolla el equipo y los principales objetivos de una investigaci\u00f3n que ha mantenido una actividad continuada y una marcada proyecci\u00f3n cient\u00edfica.<\/p>\n<div id=\"attachment_90182\" style=\"width: 310px\" class=\"wp-caption alignleft\"><a href=\"https:\/\/www.ull.es\/portal\/noticias\/wp-content\/uploads\/sites\/13\/2026\/09\/visita-yacimiento-alcoy-cristo-hernandez.jpg\" target=\"_blank\" rel=\"noopener\" target=\"_blank\" rel=\"noopener\"><img aria-describedby=\"caption-attachment-90182\" decoding=\"async\" loading=\"lazy\" class=\"wp-image-90182 size-medium\" src=\"https:\/\/www.ull.es\/portal\/noticias\/wp-content\/uploads\/sites\/13\/2026\/09\/visita-yacimiento-alcoy-cristo-hernandez-300x200.jpg\" alt=\"Cristo Hern\u00e1ndez (sentado) durante la visita.\" width=\"300\" height=\"200\" srcset=\"https:\/\/www.ull.es\/portal\/noticias\/wp-content\/uploads\/sites\/13\/2026\/09\/visita-yacimiento-alcoy-cristo-hernandez-300x200.jpg 300w, https:\/\/www.ull.es\/portal\/noticias\/wp-content\/uploads\/sites\/13\/2026\/09\/visita-yacimiento-alcoy-cristo-hernandez-1024x683.jpg 1024w, https:\/\/www.ull.es\/portal\/noticias\/wp-content\/uploads\/sites\/13\/2026\/09\/visita-yacimiento-alcoy-cristo-hernandez-768x512.jpg 768w, https:\/\/www.ull.es\/portal\/noticias\/wp-content\/uploads\/sites\/13\/2026\/09\/visita-yacimiento-alcoy-cristo-hernandez-375x250.jpg 375w, https:\/\/www.ull.es\/portal\/noticias\/wp-content\/uploads\/sites\/13\/2026\/09\/visita-yacimiento-alcoy-cristo-hernandez-750x500.jpg 750w, https:\/\/www.ull.es\/portal\/noticias\/wp-content\/uploads\/sites\/13\/2026\/09\/visita-yacimiento-alcoy-cristo-hernandez-1140x760.jpg 1140w, https:\/\/www.ull.es\/portal\/noticias\/wp-content\/uploads\/sites\/13\/2026\/09\/visita-yacimiento-alcoy-cristo-hernandez.jpg 1200w\" sizes=\"(max-width: 300px) 100vw, 300px\" \/><\/a><p id=\"caption-attachment-90182\" class=\"wp-caption-text\">Cristo Hern\u00e1ndez (sentado) durante la visita.<\/p><\/div>\n<p>El Salt constituye uno de los enclaves de referencia para el conocimiento de los neandertales y de sus formas de vida, gracias a la calidad de su registro arqueol\u00f3gico y al car\u00e1cter interdisciplinar de las investigaciones realizadas en el yacimiento, argumentos que motivaron la concesi\u00f3n al proyecto del <a href=\"https:\/\/www.ull.es\/portal\/noticias\/2025\/investigacion-ull-neandertales-alcoy-premio-nacional-palarq\/\" target=\"_blank\" rel=\"noopener\" target=\"_blank\" rel=\"noopener\">Premio Palarq 2025<\/a>.<\/p>\n<p>Esta trayectoria ha contribuido a situar a la arqueolog\u00eda de la Universidad de La Laguna en una posici\u00f3n destacada dentro de los estudios nacionales e internacionales sobre estas poblaciones humanas. La visita de Aparicio supone, adem\u00e1s, un respaldo institucional al trabajo sostenido por varias generaciones de investigadoras e investigadores y al valor de los proyectos cient\u00edficos de largo recorrido.<\/p>\n<p>La Universidad de La Laguna reafirma as\u00ed su apoyo a una l\u00ednea de investigaci\u00f3n que combina excelencia cient\u00edfica, el impulso a nuevas vocaciones investigadoras y proyecci\u00f3n internacional desde el \u00e1mbito de la arqueolog\u00eda prehist\u00f3rica.<\/p>\n","protected":false},"excerpt":{"rendered":"<p>El vicerrector de Investigaci\u00f3n y Transferencia de la Universidad de La Laguna, Antonio Aparicio, ha visitado recientemente el yacimiento arqueol\u00f3gico&#8230;<\/p>\n","protected":false},"author":21,"featured_media":90181,"comment_status":"closed","ping_status":"closed","sticky":false,"template":"","format":"standard","meta":{"inline_featured_image":false,"footnotes":""},"categories":[345,3428,350,2765],"tags":[9097,735,9098,9099,10606,3532,12188],"acf":[],"yoast_head":"<!-- This site is optimized with the Yoast SEO plugin v21.3 - https:\/\/yoast.com\/wordpress\/plugins\/seo\/ -->\n<title>El vicerrector de Investigaci\u00f3n visita el yacimiento de El Salt<\/title>\n<meta name=\"description\" content=\"Un equipo de la ULL desarrolla una destacada l\u00ednea de investigaci\u00f3n sobre las poblaciones neandertales que recibi\u00f1o el Peemio Palarq en 2025.\" \/>\n<meta name=\"robots\" content=\"index, follow, max-snippet:-1, max-image-preview:large, max-video-preview:-1\" \/>\n<link rel=\"canonical\" href=\"https:\/\/www.ull.es\/portal\/noticias\/2026\/vicerrector-investigacion-visita-yacimiento-el-salt\/\" \/>\n<meta property=\"og:locale\" content=\"es_ES\" \/>\n<meta property=\"og:type\" content=\"article\" \/>\n<meta property=\"og:title\" content=\"El vicerrector de Investigaci\u00f3n visita el yacimiento de El Salt\" \/>\n<meta property=\"og:description\" content=\"Un equipo de la ULL desarrolla una destacada l\u00ednea de investigaci\u00f3n sobre las poblaciones neandertales que recibi\u00f1o el Peemio Palarq en 2025.\" \/>\n<meta property=\"og:url\" content=\"https:\/\/www.ull.es\/portal\/noticias\/2026\/vicerrector-investigacion-visita-yacimiento-el-salt\/\" \/>\n<meta property=\"og:site_name\" content=\"ULL - Noticias\" \/>\n<meta property=\"article:publisher\" content=\"https:\/\/www.facebook.com\/universidaddelalaguna\/\" \/>\n<meta property=\"article:published_time\" content=\"2026-09-01T09:10:08+00:00\" \/>\n<meta property=\"og:image\" content=\"https:\/\/www.ull.es\/portal\/noticias\/wp-content\/uploads\/sites\/13\/2026\/09\/visita-yacimiento-alcoy-carolina-mallol.jpg\" \/>\n\t<meta property=\"og:image:width\" content=\"1200\" \/>\n\t<meta property=\"og:image:height\" content=\"800\" \/>\n\t<meta property=\"og:image:type\" content=\"image\/jpeg\" \/>\n<meta name=\"author\" content=\"prensa2\" \/>\n<meta name=\"twitter:card\" content=\"summary_large_image\" \/>\n<meta name=\"twitter:creator\" content=\"@CanalULL\" \/>\n<meta name=\"twitter:site\" content=\"@CanalULL\" \/>\n<meta name=\"twitter:label1\" content=\"Escrito por\" \/>\n\t<meta name=\"twitter:data1\" content=\"prensa2\" \/>\n\t<meta name=\"twitter:label2\" content=\"Tiempo de lectura\" \/>\n\t<meta name=\"twitter:data2\" content=\"2 minutos\" \/>\n<script type=\"application\/ld+json\" class=\"yoast-schema-graph\">{\"@context\":\"https:\/\/schema.org\",\"@graph\":[{\"@type\":\"WebPage\",\"@id\":\"https:\/\/www.ull.es\/portal\/noticias\/2026\/vicerrector-investigacion-visita-yacimiento-el-salt\/\",\"url\":\"https:\/\/www.ull.es\/portal\/noticias\/2026\/vicerrector-investigacion-visita-yacimiento-el-salt\/\",\"name\":\"El vicerrector de Investigaci\u00f3n visita el yacimiento de El Salt\",\"isPartOf\":{\"@id\":\"https:\/\/www.ull.es\/portal\/noticias\/#website\"},\"datePublished\":\"2026-09-01T09:10:08+00:00\",\"dateModified\":\"2026-09-01T09:10:08+00:00\",\"author\":{\"@id\":\"https:\/\/www.ull.es\/portal\/noticias\/#\/schema\/person\/c3b2aa857797592927a03740d6664376\"},\"description\":\"Un equipo de la ULL desarrolla una destacada l\u00ednea de investigaci\u00f3n sobre las poblaciones neandertales que recibi\u00f1o el Peemio Palarq en 2025.\",\"breadcrumb\":{\"@id\":\"https:\/\/www.ull.es\/portal\/noticias\/2026\/vicerrector-investigacion-visita-yacimiento-el-salt\/#breadcrumb\"},\"inLanguage\":\"es\",\"potentialAction\":[{\"@type\":\"ReadAction\",\"target\":[\"https:\/\/www.ull.es\/portal\/noticias\/2026\/vicerrector-investigacion-visita-yacimiento-el-salt\/\"]}]},{\"@type\":\"BreadcrumbList\",\"@id\":\"https:\/\/www.ull.es\/portal\/noticias\/2026\/vicerrector-investigacion-visita-yacimiento-el-salt\/#breadcrumb\",\"itemListElement\":[{\"@type\":\"ListItem\",\"position\":1,\"name\":\"Portada\",\"item\":\"https:\/\/www.ull.es\/portal\/noticias\/\"},{\"@type\":\"ListItem\",\"position\":2,\"name\":\"El vicerrector de Investigaci\u00f3n visita el yacimiento de El Salt, referente en el estudio de los neandertales\"}]},{\"@type\":\"WebSite\",\"@id\":\"https:\/\/www.ull.es\/portal\/noticias\/#website\",\"url\":\"https:\/\/www.ull.es\/portal\/noticias\/\",\"name\":\"ULL - Noticias\",\"description\":\"\",\"potentialAction\":[{\"@type\":\"SearchAction\",\"target\":{\"@type\":\"EntryPoint\",\"urlTemplate\":\"https:\/\/www.ull.es\/portal\/noticias\/?s={search_term_string}\"},\"query-input\":\"required name=search_term_string\"}],\"inLanguage\":\"es\"},{\"@type\":\"Person\",\"@id\":\"https:\/\/www.ull.es\/portal\/noticias\/#\/schema\/person\/c3b2aa857797592927a03740d6664376\",\"name\":\"prensa2\",\"image\":{\"@type\":\"ImageObject\",\"inLanguage\":\"es\",\"@id\":\"https:\/\/www.ull.es\/portal\/noticias\/#\/schema\/person\/image\/\",\"url\":\"https:\/\/secure.gravatar.com\/avatar\/b58f310a5de5feb33d1e026d2493f23c?s=96&d=mm&r=g\",\"contentUrl\":\"https:\/\/secure.gravatar.com\/avatar\/b58f310a5de5feb33d1e026d2493f23c?s=96&d=mm&r=g\",\"caption\":\"prensa2\"},\"url\":\"https:\/\/www.ull.es\/portal\/noticias\/author\/prensa2\/\"}]}<\/script>\n<!-- \/ Yoast SEO plugin. -->","yoast_head_json":{"title":"El vicerrector de Investigaci\u00f3n visita el yacimiento de El Salt","description":"Un equipo de la ULL desarrolla una destacada l\u00ednea de investigaci\u00f3n sobre las poblaciones neandertales que recibi\u00f1o el Peemio Palarq en 2025.","robots":{"index":"index","follow":"follow","max-snippet":"max-snippet:-1","max-image-preview":"max-image-preview:large","max-video-preview":"max-video-preview:-1"},"canonical":"https:\/\/www.ull.es\/portal\/noticias\/2026\/vicerrector-investigacion-visita-yacimiento-el-salt\/","og_locale":"es_ES","og_type":"article","og_title":"El vicerrector de Investigaci\u00f3n visita el yacimiento de El Salt","og_description":"Un equipo de la ULL desarrolla una destacada l\u00ednea de investigaci\u00f3n sobre las poblaciones neandertales que recibi\u00f1o el Peemio Palarq en 2025.","og_url":"https:\/\/www.ull.es\/portal\/noticias\/2026\/vicerrector-investigacion-visita-yacimiento-el-salt\/","og_site_name":"ULL - Noticias","article_publisher":"https:\/\/www.facebook.com\/universidaddelalaguna\/","article_published_time":"2026-09-01T09:10:08+00:00","og_image":[{"width":1200,"height":800,"url":"https:\/\/www.ull.es\/portal\/noticias\/wp-content\/uploads\/sites\/13\/2026\/09\/visita-yacimiento-alcoy-carolina-mallol.jpg","type":"image\/jpeg"}],"author":"prensa2","twitter_card":"summary_large_image","twitter_creator":"@CanalULL","twitter_site":"@CanalULL","twitter_misc":{"Escrito por":"prensa2","Tiempo de lectura":"2 minutos"},"schema":{"@context":"https:\/\/schema.org","@graph":[{"@type":"WebPage","@id":"https:\/\/www.ull.es\/portal\/noticias\/2026\/vicerrector-investigacion-visita-yacimiento-el-salt\/","url":"https:\/\/www.ull.es\/portal\/noticias\/2026\/vicerrector-investigacion-visita-yacimiento-el-salt\/","name":"El vicerrector de Investigaci\u00f3n visita el yacimiento de El Salt","isPartOf":{"@id":"https:\/\/www.ull.es\/portal\/noticias\/#website"},"datePublished":"2026-09-01T09:10:08+00:00","dateModified":"2026-09-01T09:10:08+00:00","author":{"@id":"https:\/\/www.ull.es\/portal\/noticias\/#\/schema\/person\/c3b2aa857797592927a03740d6664376"},"description":"Un equipo de la ULL desarrolla una destacada l\u00ednea de investigaci\u00f3n sobre las poblaciones neandertales que recibi\u00f1o el Peemio Palarq en 2025.","breadcrumb":{"@id":"https:\/\/www.ull.es\/portal\/noticias\/2026\/vicerrector-investigacion-visita-yacimiento-el-salt\/#breadcrumb"},"inLanguage":"es","potentialAction":[{"@type":"ReadAction","target":["https:\/\/www.ull.es\/portal\/noticias\/2026\/vicerrector-investigacion-visita-yacimiento-el-salt\/"]}]},{"@type":"BreadcrumbList","@id":"https:\/\/www.ull.es\/portal\/noticias\/2026\/vicerrector-investigacion-visita-yacimiento-el-salt\/#breadcrumb","itemListElement":[{"@type":"ListItem","position":1,"name":"Portada","item":"https:\/\/www.ull.es\/portal\/noticias\/"},{"@type":"ListItem","position":2,"name":"El vicerrector de Investigaci\u00f3n visita el yacimiento de El Salt, referente en el estudio de los neandertales"}]},{"@type":"WebSite","@id":"https:\/\/www.ull.es\/portal\/noticias\/#website","url":"https:\/\/www.ull.es\/portal\/noticias\/","name":"ULL - Noticias","description":"","potentialAction":[{"@type":"SearchAction","target":{"@type":"EntryPoint","urlTemplate":"https:\/\/www.ull.es\/portal\/noticias\/?s={search_term_string}"},"query-input":"required name=search_term_string"}],"inLanguage":"es"},{"@type":"Person","@id":"https:\/\/www.ull.es\/portal\/noticias\/#\/schema\/person\/c3b2aa857797592927a03740d6664376","name":"prensa2","image":{"@type":"ImageObject","inLanguage":"es","@id":"https:\/\/www.ull.es\/portal\/noticias\/#\/schema\/person\/image\/","url":"https:\/\/secure.gravatar.com\/avatar\/b58f310a5de5feb33d1e026d2493f23c?s=96&d=mm&r=g","contentUrl":"https:\/\/secure.gravatar.com\/avatar\/b58f310a5de5feb33d1e026d2493f23c?s=96&d=mm&r=g","caption":"prensa2"},"url":"https:\/\/www.ull.es\/portal\/noticias\/author\/prensa2\/"}]}},"primary_category":{"id":345,"name":"Destacado","slug":"destacado","link":"https:\/\/www.ull.es\/portal\/noticias\/category\/destacado\/"},"featured_image_thumbnail_url":"https:\/\/www.ull.es\/portal\/noticias\/wp-content\/uploads\/sites\/13\/2026\/09\/visita-yacimiento-alcoy-carolina-mallol-300x200.jpg","_links":{"self":[{"href":"https:\/\/www.ull.es\/portal\/noticias\/wp-json\/wp\/v2\/posts\/90180"}],"collection":[{"href":"https:\/\/www.ull.es\/portal\/noticias\/wp-json\/wp\/v2\/posts"}],"about":[{"href":"https:\/\/www.ull.es\/portal\/noticias\/wp-json\/wp\/v2\/types\/post"}],"author":[{"embeddable":true,"href":"https:\/\/www.ull.es\/portal\/noticias\/wp-json\/wp\/v2\/users\/21"}],"replies":[{"embeddable":true,"href":"https:\/\/www.ull.es\/portal\/noticias\/wp-json\/wp\/v2\/comments?post=90180"}],"version-history":[{"count":1,"href":"https:\/\/www.ull.es\/portal\/noticias\/wp-json\/wp\/v2\/posts\/90180\/revisions"}],"predecessor-version":[{"id":90183,"href":"https:\/\/www.ull.es\/portal\/noticias\/wp-json\/wp\/v2\/posts\/90180\/revisions\/90183"}],"wp:featuredmedia":[{"embeddable":true,"href":"https:\/\/www.ull.es\/portal\/noticias\/wp-json\/wp\/v2\/media\/90181"}],"wp:attachment":[{"href":"https:\/\/www.ull.es\/portal\/noticias\/wp-json\/wp\/v2\/media?parent=90180"}],"wp:term":[{"taxonomy":"category","embeddable":true,"href":"https:\/\/www.ull.es\/portal\/noticias\/wp-json\/wp\/v2\/categories?post=90180"},{"taxonomy":"post_tag","embeddable":true,"href":"https:\/\/www.ull.es\/portal\/noticias\/wp-json\/wp\/v2\/tags?post=90180"}],"curies":[{"name":"wp","href":"https:\/\/api.w.org\/{rel}","templated":true}]}}