{"id":90184,"date":"2026-09-01T09:43:17","date_gmt":"2026-09-01T09:43:17","guid":{"rendered":"https:\/\/www.ull.es\/portal\/noticias\/?p=90184"},"modified":"2026-09-01T09:43:17","modified_gmt":"2026-09-01T09:43:17","slug":"la-catedra-de-infancia-y-adolescencia-de-la-ull-participa-en-el-congreso-internacional-sobre-ia-y-derechos-de-la-infancia","status":"publish","type":"post","link":"https:\/\/www.ull.es\/portal\/noticias\/2026\/la-catedra-de-infancia-y-adolescencia-de-la-ull-participa-en-el-congreso-internacional-sobre-ia-y-derechos-de-la-infancia\/","title":{"rendered":"La C\u00e1tedra de Infancia y Adolescencia de la ULL participa en el Congreso Internacional sobre IA y derechos de la infancia"},"content":{"rendered":"<p>La C\u00e1tedra de Infancia y Adolescencia de la Universitat Polit\u00e8cnica de Val\u00e8ncia (UPV) organiza los d\u00edas 29 y 30 de octubre de 2026 el Congreso Internacional \u201cInteligencia artificial y derechos de la infancia y la adolescencia\u201d que contar\u00e1 con la participaci\u00f3n y colaboraci\u00f3n de diversas universidades e instituciones nacionales e internacionales especializadas en la protecci\u00f3n de la infancia y la adolescencia, entre las que se encuentra la C\u00e1tedra Intitucional de Infancia y Adolescencia de la Universidad de La Laguna.<\/p>\n<p>En esta edici\u00f3n, el Congreso centrar\u00e1 su atenci\u00f3n en la inteligencia artificial (IA), una realidad tecnol\u00f3gica que ofrece importantes oportunidades para la sociedad, pero que tambi\u00e9n puede generar riesgos cuando se utiliza de forma inadecuada. En particular, su creciente presencia en la vida de ni\u00f1os, ni\u00f1as y adolescentes plantea nuevos retos para la protecci\u00f3n y garant\u00eda de sus derechos.<\/p>\n<p>El encuentro pretende analizar las posibilidades y riesgos derivados del uso de la IA en relaci\u00f3n con la infancia y la adolescencia, prestando especial atenci\u00f3n a \u00e1mbitos como el derecho a la educaci\u00f3n y a la salud, el ocio, el esparcimiento y el juego, as\u00ed como la intimidad y la privacidad. De este modo, se busca promover una reflexi\u00f3n sobre c\u00f3mo aprovechar los beneficios de estas tecnolog\u00edas sin menoscabar los derechos y la protecci\u00f3n que corresponden a las personas menores de edad.<\/p>\n<p>Asimismo, el Congreso se plantea como un espacio de intercambio de conocimientos, experiencias y perspectivas entre profesionales e investigadores e investigadoras, tanto nacionales como internacionales, favoreciendo el debate interdisciplinar sobre los desaf\u00edos que la inteligencia artificial plantea.<\/p>\n","protected":false},"excerpt":{"rendered":"<p>La C\u00e1tedra de Infancia y Adolescencia de la Universitat Polit\u00e8cnica de Val\u00e8ncia (UPV) organiza los d\u00edas 29 y 30 de&#8230;<\/p>\n","protected":false},"author":117,"featured_media":90190,"comment_status":"closed","ping_status":"closed","sticky":false,"template":"","format":"standard","meta":{"inline_featured_image":false,"footnotes":""},"categories":[10954],"tags":[],"acf":[],"yoast_head":"<!-- This site is optimized with the Yoast SEO plugin v21.3 - https:\/\/yoast.com\/wordpress\/plugins\/seo\/ -->\n<title>La C\u00e1tedra de Infancia y Adolescencia de la ULL participa en el Congreso Internacional sobre IA y derechos de la infancia - ULL - Noticias<\/title>\n<meta name=\"robots\" content=\"index, follow, max-snippet:-1, max-image-preview:large, max-video-preview:-1\" \/>\n<link rel=\"canonical\" href=\"https:\/\/www.ull.es\/portal\/noticias\/2026\/la-catedra-de-infancia-y-adolescencia-de-la-ull-participa-en-el-congreso-internacional-sobre-ia-y-derechos-de-la-infancia\/\" \/>\n<meta property=\"og:locale\" content=\"es_ES\" \/>\n<meta property=\"og:type\" content=\"article\" \/>\n<meta property=\"og:title\" content=\"La C\u00e1tedra de Infancia y Adolescencia de la ULL participa en el Congreso Internacional sobre IA y derechos de la infancia - ULL - Noticias\" \/>\n<meta property=\"og:description\" content=\"La C\u00e1tedra de Infancia y Adolescencia de la Universitat Polit\u00e8cnica de Val\u00e8ncia (UPV) organiza los d\u00edas 29 y 30 de...\" \/>\n<meta property=\"og:url\" content=\"https:\/\/www.ull.es\/portal\/noticias\/2026\/la-catedra-de-infancia-y-adolescencia-de-la-ull-participa-en-el-congreso-internacional-sobre-ia-y-derechos-de-la-infancia\/\" \/>\n<meta property=\"og:site_name\" content=\"ULL - Noticias\" \/>\n<meta property=\"article:publisher\" content=\"https:\/\/www.facebook.com\/universidaddelalaguna\/\" \/>\n<meta property=\"article:published_time\" content=\"2026-09-01T09:43:17+00:00\" \/>\n<meta property=\"og:image\" content=\"https:\/\/www.ull.es\/portal\/noticias\/wp-content\/uploads\/sites\/13\/2026\/09\/Captura-de-pantalla-2026-09-01-102212.jpeg\" \/>\n\t<meta property=\"og:image:width\" content=\"1278\" \/>\n\t<meta property=\"og:image:height\" content=\"737\" \/>\n\t<meta property=\"og:image:type\" content=\"image\/jpeg\" \/>\n<meta name=\"author\" content=\"fgmgarciap\" \/>\n<meta name=\"twitter:card\" content=\"summary_large_image\" \/>\n<meta name=\"twitter:creator\" content=\"@CanalULL\" \/>\n<meta name=\"twitter:site\" content=\"@CanalULL\" \/>\n<meta name=\"twitter:label1\" content=\"Escrito por\" \/>\n\t<meta name=\"twitter:data1\" content=\"fgmgarciap\" \/>\n\t<meta name=\"twitter:label2\" content=\"Tiempo de lectura\" \/>\n\t<meta name=\"twitter:data2\" content=\"2 minutos\" \/>\n<script type=\"application\/ld+json\" class=\"yoast-schema-graph\">{\"@context\":\"https:\/\/schema.org\",\"@graph\":[{\"@type\":\"WebPage\",\"@id\":\"https:\/\/www.ull.es\/portal\/noticias\/2026\/la-catedra-de-infancia-y-adolescencia-de-la-ull-participa-en-el-congreso-internacional-sobre-ia-y-derechos-de-la-infancia\/\",\"url\":\"https:\/\/www.ull.es\/portal\/noticias\/2026\/la-catedra-de-infancia-y-adolescencia-de-la-ull-participa-en-el-congreso-internacional-sobre-ia-y-derechos-de-la-infancia\/\",\"name\":\"La C\u00e1tedra de Infancia y Adolescencia de la ULL participa en el Congreso Internacional sobre IA y derechos de la infancia - ULL - Noticias\",\"isPartOf\":{\"@id\":\"https:\/\/www.ull.es\/portal\/noticias\/#website\"},\"datePublished\":\"2026-09-01T09:43:17+00:00\",\"dateModified\":\"2026-09-01T09:43:17+00:00\",\"author\":{\"@id\":\"https:\/\/www.ull.es\/portal\/noticias\/#\/schema\/person\/846d89d17f66084807e31cc493c050df\"},\"breadcrumb\":{\"@id\":\"https:\/\/www.ull.es\/portal\/noticias\/2026\/la-catedra-de-infancia-y-adolescencia-de-la-ull-participa-en-el-congreso-internacional-sobre-ia-y-derechos-de-la-infancia\/#breadcrumb\"},\"inLanguage\":\"es\",\"potentialAction\":[{\"@type\":\"ReadAction\",\"target\":[\"https:\/\/www.ull.es\/portal\/noticias\/2026\/la-catedra-de-infancia-y-adolescencia-de-la-ull-participa-en-el-congreso-internacional-sobre-ia-y-derechos-de-la-infancia\/\"]}]},{\"@type\":\"BreadcrumbList\",\"@id\":\"https:\/\/www.ull.es\/portal\/noticias\/2026\/la-catedra-de-infancia-y-adolescencia-de-la-ull-participa-en-el-congreso-internacional-sobre-ia-y-derechos-de-la-infancia\/#breadcrumb\",\"itemListElement\":[{\"@type\":\"ListItem\",\"position\":1,\"name\":\"Portada\",\"item\":\"https:\/\/www.ull.es\/portal\/noticias\/\"},{\"@type\":\"ListItem\",\"position\":2,\"name\":\"La C\u00e1tedra de Infancia y Adolescencia de la ULL participa en el Congreso Internacional sobre IA y derechos de la infancia\"}]},{\"@type\":\"WebSite\",\"@id\":\"https:\/\/www.ull.es\/portal\/noticias\/#website\",\"url\":\"https:\/\/www.ull.es\/portal\/noticias\/\",\"name\":\"ULL - Noticias\",\"description\":\"\",\"potentialAction\":[{\"@type\":\"SearchAction\",\"target\":{\"@type\":\"EntryPoint\",\"urlTemplate\":\"https:\/\/www.ull.es\/portal\/noticias\/?s={search_term_string}\"},\"query-input\":\"required name=search_term_string\"}],\"inLanguage\":\"es\"},{\"@type\":\"Person\",\"@id\":\"https:\/\/www.ull.es\/portal\/noticias\/#\/schema\/person\/846d89d17f66084807e31cc493c050df\",\"name\":\"fgmgarciap\",\"image\":{\"@type\":\"ImageObject\",\"inLanguage\":\"es\",\"@id\":\"https:\/\/www.ull.es\/portal\/noticias\/#\/schema\/person\/image\/\",\"url\":\"https:\/\/secure.gravatar.com\/avatar\/9bca052f95fc53ecf42d4bc70ce0618b?s=96&d=mm&r=g\",\"contentUrl\":\"https:\/\/secure.gravatar.com\/avatar\/9bca052f95fc53ecf42d4bc70ce0618b?s=96&d=mm&r=g\",\"caption\":\"fgmgarciap\"},\"url\":\"https:\/\/www.ull.es\/portal\/noticias\/author\/fgmgarciap\/\"}]}<\/script>\n<!-- \/ Yoast SEO plugin. -->","yoast_head_json":{"title":"La C\u00e1tedra de Infancia y Adolescencia de la ULL participa en el Congreso Internacional sobre IA y derechos de la infancia - ULL - Noticias","robots":{"index":"index","follow":"follow","max-snippet":"max-snippet:-1","max-image-preview":"max-image-preview:large","max-video-preview":"max-video-preview:-1"},"canonical":"https:\/\/www.ull.es\/portal\/noticias\/2026\/la-catedra-de-infancia-y-adolescencia-de-la-ull-participa-en-el-congreso-internacional-sobre-ia-y-derechos-de-la-infancia\/","og_locale":"es_ES","og_type":"article","og_title":"La C\u00e1tedra de Infancia y Adolescencia de la ULL participa en el Congreso Internacional sobre IA y derechos de la infancia - ULL - Noticias","og_description":"La C\u00e1tedra de Infancia y Adolescencia de la Universitat Polit\u00e8cnica de Val\u00e8ncia (UPV) organiza los d\u00edas 29 y 30 de...","og_url":"https:\/\/www.ull.es\/portal\/noticias\/2026\/la-catedra-de-infancia-y-adolescencia-de-la-ull-participa-en-el-congreso-internacional-sobre-ia-y-derechos-de-la-infancia\/","og_site_name":"ULL - Noticias","article_publisher":"https:\/\/www.facebook.com\/universidaddelalaguna\/","article_published_time":"2026-09-01T09:43:17+00:00","og_image":[{"width":1278,"height":737,"url":"https:\/\/www.ull.es\/portal\/noticias\/wp-content\/uploads\/sites\/13\/2026\/09\/Captura-de-pantalla-2026-09-01-102212.jpeg","type":"image\/jpeg"}],"author":"fgmgarciap","twitter_card":"summary_large_image","twitter_creator":"@CanalULL","twitter_site":"@CanalULL","twitter_misc":{"Escrito por":"fgmgarciap","Tiempo de lectura":"2 minutos"},"schema":{"@context":"https:\/\/schema.org","@graph":[{"@type":"WebPage","@id":"https:\/\/www.ull.es\/portal\/noticias\/2026\/la-catedra-de-infancia-y-adolescencia-de-la-ull-participa-en-el-congreso-internacional-sobre-ia-y-derechos-de-la-infancia\/","url":"https:\/\/www.ull.es\/portal\/noticias\/2026\/la-catedra-de-infancia-y-adolescencia-de-la-ull-participa-en-el-congreso-internacional-sobre-ia-y-derechos-de-la-infancia\/","name":"La C\u00e1tedra de Infancia y Adolescencia de la ULL participa en el Congreso Internacional sobre IA y derechos de la infancia - ULL - Noticias","isPartOf":{"@id":"https:\/\/www.ull.es\/portal\/noticias\/#website"},"datePublished":"2026-09-01T09:43:17+00:00","dateModified":"2026-09-01T09:43:17+00:00","author":{"@id":"https:\/\/www.ull.es\/portal\/noticias\/#\/schema\/person\/846d89d17f66084807e31cc493c050df"},"breadcrumb":{"@id":"https:\/\/www.ull.es\/portal\/noticias\/2026\/la-catedra-de-infancia-y-adolescencia-de-la-ull-participa-en-el-congreso-internacional-sobre-ia-y-derechos-de-la-infancia\/#breadcrumb"},"inLanguage":"es","potentialAction":[{"@type":"ReadAction","target":["https:\/\/www.ull.es\/portal\/noticias\/2026\/la-catedra-de-infancia-y-adolescencia-de-la-ull-participa-en-el-congreso-internacional-sobre-ia-y-derechos-de-la-infancia\/"]}]},{"@type":"BreadcrumbList","@id":"https:\/\/www.ull.es\/portal\/noticias\/2026\/la-catedra-de-infancia-y-adolescencia-de-la-ull-participa-en-el-congreso-internacional-sobre-ia-y-derechos-de-la-infancia\/#breadcrumb","itemListElement":[{"@type":"ListItem","position":1,"name":"Portada","item":"https:\/\/www.ull.es\/portal\/noticias\/"},{"@type":"ListItem","position":2,"name":"La C\u00e1tedra de Infancia y Adolescencia de la ULL participa en el Congreso Internacional sobre IA y derechos de la infancia"}]},{"@type":"WebSite","@id":"https:\/\/www.ull.es\/portal\/noticias\/#website","url":"https:\/\/www.ull.es\/portal\/noticias\/","name":"ULL - Noticias","description":"","potentialAction":[{"@type":"SearchAction","target":{"@type":"EntryPoint","urlTemplate":"https:\/\/www.ull.es\/portal\/noticias\/?s={search_term_string}"},"query-input":"required name=search_term_string"}],"inLanguage":"es"},{"@type":"Person","@id":"https:\/\/www.ull.es\/portal\/noticias\/#\/schema\/person\/846d89d17f66084807e31cc493c050df","name":"fgmgarciap","image":{"@type":"ImageObject","inLanguage":"es","@id":"https:\/\/www.ull.es\/portal\/noticias\/#\/schema\/person\/image\/","url":"https:\/\/secure.gravatar.com\/avatar\/9bca052f95fc53ecf42d4bc70ce0618b?s=96&d=mm&r=g","contentUrl":"https:\/\/secure.gravatar.com\/avatar\/9bca052f95fc53ecf42d4bc70ce0618b?s=96&d=mm&r=g","caption":"fgmgarciap"},"url":"https:\/\/www.ull.es\/portal\/noticias\/author\/fgmgarciap\/"}]}},"primary_category":{"id":10954,"name":"C\u00e1tedra Infancia y Adolescencia","slug":"catedra-infancia-y-adolescencia","link":"https:\/\/www.ull.es\/portal\/noticias\/category\/catedras-institucionales-y-de-empresa\/catedra-infancia-y-adolescencia\/"},"featured_image_thumbnail_url":"https:\/\/www.ull.es\/portal\/noticias\/wp-content\/uploads\/sites\/13\/2026\/09\/Captura-de-pantalla-2026-09-01-102212-300x173.jpeg","_links":{"self":[{"href":"https:\/\/www.ull.es\/portal\/noticias\/wp-json\/wp\/v2\/posts\/90184"}],"collection":[{"href":"https:\/\/www.ull.es\/portal\/noticias\/wp-json\/wp\/v2\/posts"}],"about":[{"href":"https:\/\/www.ull.es\/portal\/noticias\/wp-json\/wp\/v2\/types\/post"}],"author":[{"embeddable":true,"href":"https:\/\/www.ull.es\/portal\/noticias\/wp-json\/wp\/v2\/users\/117"}],"replies":[{"embeddable":true,"href":"https:\/\/www.ull.es\/portal\/noticias\/wp-json\/wp\/v2\/comments?post=90184"}],"version-history":[{"count":3,"href":"https:\/\/www.ull.es\/portal\/noticias\/wp-json\/wp\/v2\/posts\/90184\/revisions"}],"predecessor-version":[{"id":90193,"href":"https:\/\/www.ull.es\/portal\/noticias\/wp-json\/wp\/v2\/posts\/90184\/revisions\/90193"}],"wp:featuredmedia":[{"embeddable":true,"href":"https:\/\/www.ull.es\/portal\/noticias\/wp-json\/wp\/v2\/media\/90190"}],"wp:attachment":[{"href":"https:\/\/www.ull.es\/portal\/noticias\/wp-json\/wp\/v2\/media?parent=90184"}],"wp:term":[{"taxonomy":"category","embeddable":true,"href":"https:\/\/www.ull.es\/portal\/noticias\/wp-json\/wp\/v2\/categories?post=90184"},{"taxonomy":"post_tag","embeddable":true,"href":"https:\/\/www.ull.es\/portal\/noticias\/wp-json\/wp\/v2\/tags?post=90184"}],"curies":[{"name":"wp","href":"https:\/\/api.w.org\/{rel}","templated":true}]}}