{"id":90185,"date":"2026-09-01T09:33:36","date_gmt":"2026-09-01T09:33:36","guid":{"rendered":"https:\/\/www.ull.es\/portal\/noticias\/?p=90185"},"modified":"2026-09-01T09:33:36","modified_gmt":"2026-09-01T09:33:36","slug":"el-parque-nacional-del-teide-incorpora-80-nuevos-registros-de-artropodos-gracias-a-un-estudio-de-la-ull","status":"publish","type":"post","link":"https:\/\/www.ull.es\/portal\/noticias\/2026\/el-parque-nacional-del-teide-incorpora-80-nuevos-registros-de-artropodos-gracias-a-un-estudio-de-la-ull\/","title":{"rendered":"El Parque Nacional del Teide incorpora 80 nuevos registros de artr\u00f3podos gracias a un estudio de la ULL"},"content":{"rendered":"<p>Un <a href=\"https:\/\/bdj.pensoft.net\/article\/181867\/\" target=\"_blank\" rel=\"noopener\">estudio<\/a> de la Universidad de La Laguna ha actualizado el inventario de artr\u00f3podos del Parque Nacional del Teide mediante muestreos estandarizados realizados entre 2024 y 2025. Este trabajo identific\u00f3 615 taxones, de los cuales 80 no se hab\u00edan citado antes en este espacio protegido, y sienta adem\u00e1s las bases para futuros programa de biomonitorizaci\u00f3n en uno de los ecosistemas de alta monta\u00f1a m\u00e1s singulares y extremos de Canarias.<\/p>\n<p>La cumbre de Tenerife, protegida bajo la figura del Parque Nacional del Teide, cuenta con un clima que se caracteriza por una elevada amplitud t\u00e9rmica anual y diaria, una radiaci\u00f3n solar muy intensa, una humedad baja y la presencia de vientos secos. Como consecuencia de estas duras condiciones ambientales, se encuentra una singular biota con distintas adaptaciones ecofisiol\u00f3gicas. Concretamente, la fauna de invertebrados es bastante rica, con 1.296 especies de artr\u00f3podos registradas hasta la fecha, de las cuales 538 (41,5%) son end\u00e9micas de las Islas Canarias.<\/p>\n<div id=\"attachment_90187\" style=\"width: 235px\" class=\"wp-caption alignleft\"><a href=\"https:\/\/www.ull.es\/portal\/noticias\/wp-content\/uploads\/sites\/13\/2026\/09\/WhatsApp-Image-2026-05-25-at-12.25.47-2.jpeg\" target=\"_blank\" rel=\"noopener\"><img aria-describedby=\"caption-attachment-90187\" decoding=\"async\" loading=\"lazy\" class=\"size-medium wp-image-90187\" src=\"https:\/\/www.ull.es\/portal\/noticias\/wp-content\/uploads\/sites\/13\/2026\/09\/WhatsApp-Image-2026-05-25-at-12.25.47-2-225x300.jpeg\" alt=\"\" width=\"225\" height=\"300\" srcset=\"https:\/\/www.ull.es\/portal\/noticias\/wp-content\/uploads\/sites\/13\/2026\/09\/WhatsApp-Image-2026-05-25-at-12.25.47-2-225x300.jpeg 225w, https:\/\/www.ull.es\/portal\/noticias\/wp-content\/uploads\/sites\/13\/2026\/09\/WhatsApp-Image-2026-05-25-at-12.25.47-2-768x1024.jpeg 768w, https:\/\/www.ull.es\/portal\/noticias\/wp-content\/uploads\/sites\/13\/2026\/09\/WhatsApp-Image-2026-05-25-at-12.25.47-2-1152x1536.jpeg 1152w, https:\/\/www.ull.es\/portal\/noticias\/wp-content\/uploads\/sites\/13\/2026\/09\/WhatsApp-Image-2026-05-25-at-12.25.47-2-375x500.jpeg 375w, https:\/\/www.ull.es\/portal\/noticias\/wp-content\/uploads\/sites\/13\/2026\/09\/WhatsApp-Image-2026-05-25-at-12.25.47-2-750x1000.jpeg 750w, https:\/\/www.ull.es\/portal\/noticias\/wp-content\/uploads\/sites\/13\/2026\/09\/WhatsApp-Image-2026-05-25-at-12.25.47-2-1140x1520.jpeg 1140w, https:\/\/www.ull.es\/portal\/noticias\/wp-content\/uploads\/sites\/13\/2026\/09\/WhatsApp-Image-2026-05-25-at-12.25.47-2.jpeg 1200w\" sizes=\"(max-width: 225px) 100vw, 225px\" \/><\/a><p id=\"caption-attachment-90187\" class=\"wp-caption-text\">Daniel B. Su\u00e1rez, durante el trabajo de campo.<\/p><\/div>\n<p>Pese a la elevada biodiversidad, el \u00fanico inventario de artr\u00f3podos realizado en el Parque Nacional del Teide se llev\u00f3 a cabo entre 1995 y 1996. Aquel trabajo permiti\u00f3 registrar 985 especies y completar el cat\u00e1logo faun\u00edstico de artr\u00f3podos. El estudio, <em>Inventory of arthropods (Arthropoda) through standardised protocols in the Teide National Park (Canary Islands, Spain)<\/em>, publicado en <em>Biodiversity Data Journal<\/em> y liderado por <a href=\"https:\/\/portalciencia.ull.es\/investigadores\/2456804\/detalle\" target=\"_blank\" rel=\"noopener\">Daniel B. Su\u00e1rez Ramos<\/a>, investigador del \u00e1rea de Zoolog\u00eda de la ULL, tiene como objetivo principal caracterizar y actualizar este listado de especies de artr\u00f3podos existente. Adem\u00e1s, busca establecer un protocolo estandarizado para futuros programas de biomonitorizaci\u00f3n.<\/p>\n<p>Para ello, en primer lugar, se muestrearon cinco localidades siguiendo el protocolo COBRA (Conservation Oriented Biodiversity Rapid Assessment). Se trata de una metodolog\u00eda estandarizada dise\u00f1ada para monitorizar la biodiversidad de artr\u00f3podos de forma r\u00e1pida y comparable entre distintos lugares y per\u00edodos de tiempo. Este protocolo combina distintas t\u00e9cnicas de captura activas y pasivas, lo que permite obtener una imagen m\u00e1s completa de la biodiversidad presente y comparar los resultados entre diferentes estudios y campa\u00f1as de seguimiento.<\/p>\n<p>El segundo enfoque aplicado consisti\u00f3 en un muestreo pasivo en doce localidades de la Caldera de Las Ca\u00f1adas. Para ello, se instalaron distintos tipos de trampas que permanecieron varios d\u00edas en el campo, lo que permiti\u00f3 registrar de forma continua la fauna de artr\u00f3podos y mantener la comparabilidad con el inventario realizado entre 1995 y 1996.<\/p>\n<p>En conjunto, ambos m\u00e9todos de muestreo permitieron identificar 45.590 ejemplares pertenecientes a 615 taxones e incorporar 80 nuevas citas para el Parque Nacional del Teide. Adem\u00e1s, ocho de estos registros son nuevos para la isla de Tenerife y catorce para el conjunto del archipi\u00e9lago canario. La mayor parte de las nuevas citas corresponden al orden Diptera (moscas y mosquitos), un grupo que hasta ahora hab\u00eda sido escasamente estudiado en las zonas de alta monta\u00f1a del parque.<\/p>\n<p>Los resultados tambi\u00e9n apuntan a que algunas especies de ara\u00f1as y escarabajos, habituales en zonas m\u00e1s bajas o en bosques de median\u00edas, podr\u00edan estar ampliando su distribuci\u00f3n hacia cotas m\u00e1s elevadas. Aunque su presencia es todav\u00eda reducida, los investigadores subrayan que este patr\u00f3n podr\u00eda reflejar cambios recientes en la distribuci\u00f3n de la fauna, un aspecto que podr\u00eda analizarse con mayor precisi\u00f3n en futuros programas de seguimiento.<\/p>\n<p>Del mismo modo, el estudio demuestra que el protocolo COBRA y el muestreo pasivo son estrategias complementarias. Mientras el primero resulta especialmente \u00fatil para realizar seguimientos estandarizados a largo plazo, el segundo permite obtener inventarios con mayor cobertura espacial de forma m\u00e1s eficiente y detectar con mayor facilidad artr\u00f3podos voladores, como moscas, mosquitos y avispas. Seg\u00fan los autores, la combinaci\u00f3n de ambos m\u00e9todos ofrece as\u00ed una visi\u00f3n m\u00e1s completa de la biodiversidad del Parque Nacional del Teide y establece una base s\u00f3lida para monitorizar su evoluci\u00f3n en los pr\u00f3ximos a\u00f1os.<\/p>\n","protected":false},"excerpt":{"rendered":"<p>Un estudio de la Universidad de La Laguna ha actualizado el inventario de artr\u00f3podos del Parque Nacional del Teide mediante&#8230;<\/p>\n","protected":false},"author":23,"featured_media":90188,"comment_status":"closed","ping_status":"closed","sticky":false,"template":"","format":"standard","meta":{"inline_featured_image":false,"footnotes":""},"categories":[345,350,2765],"tags":[],"acf":[],"yoast_head":"<!-- This site is optimized with the Yoast SEO plugin v21.3 - https:\/\/yoast.com\/wordpress\/plugins\/seo\/ -->\n<title>El Parque Nacional del Teide incorpora 80 nuevos registros de artr\u00f3podos gracias a un estudio de la ULL - ULL - Noticias<\/title>\n<meta name=\"robots\" content=\"index, follow, max-snippet:-1, max-image-preview:large, max-video-preview:-1\" \/>\n<link rel=\"canonical\" href=\"https:\/\/www.ull.es\/portal\/noticias\/2026\/el-parque-nacional-del-teide-incorpora-80-nuevos-registros-de-artropodos-gracias-a-un-estudio-de-la-ull\/\" \/>\n<meta property=\"og:locale\" content=\"es_ES\" \/>\n<meta property=\"og:type\" content=\"article\" \/>\n<meta property=\"og:title\" content=\"El Parque Nacional del Teide incorpora 80 nuevos registros de artr\u00f3podos gracias a un estudio de la ULL - ULL - Noticias\" \/>\n<meta property=\"og:description\" content=\"Un estudio de la Universidad de La Laguna ha actualizado el inventario de artr\u00f3podos del Parque Nacional del Teide mediante...\" \/>\n<meta property=\"og:url\" content=\"https:\/\/www.ull.es\/portal\/noticias\/2026\/el-parque-nacional-del-teide-incorpora-80-nuevos-registros-de-artropodos-gracias-a-un-estudio-de-la-ull\/\" \/>\n<meta property=\"og:site_name\" content=\"ULL - Noticias\" \/>\n<meta property=\"article:publisher\" content=\"https:\/\/www.facebook.com\/universidaddelalaguna\/\" \/>\n<meta property=\"article:published_time\" content=\"2026-09-01T09:33:36+00:00\" \/>\n<meta property=\"og:image\" content=\"https:\/\/www.ull.es\/portal\/noticias\/wp-content\/uploads\/sites\/13\/2026\/09\/IMG_0574-1.jpg\" \/>\n\t<meta property=\"og:image:width\" content=\"1600\" \/>\n\t<meta property=\"og:image:height\" content=\"1200\" \/>\n\t<meta property=\"og:image:type\" content=\"image\/jpeg\" \/>\n<meta name=\"author\" content=\"gaprsa\" \/>\n<meta name=\"twitter:card\" content=\"summary_large_image\" \/>\n<meta name=\"twitter:creator\" content=\"@CanalULL\" \/>\n<meta name=\"twitter:site\" content=\"@CanalULL\" \/>\n<meta name=\"twitter:label1\" content=\"Escrito por\" \/>\n\t<meta name=\"twitter:data1\" content=\"gaprsa\" \/>\n\t<meta name=\"twitter:label2\" content=\"Tiempo de lectura\" \/>\n\t<meta name=\"twitter:data2\" content=\"4 minutos\" \/>\n<script type=\"application\/ld+json\" class=\"yoast-schema-graph\">{\"@context\":\"https:\/\/schema.org\",\"@graph\":[{\"@type\":\"WebPage\",\"@id\":\"https:\/\/www.ull.es\/portal\/noticias\/2026\/el-parque-nacional-del-teide-incorpora-80-nuevos-registros-de-artropodos-gracias-a-un-estudio-de-la-ull\/\",\"url\":\"https:\/\/www.ull.es\/portal\/noticias\/2026\/el-parque-nacional-del-teide-incorpora-80-nuevos-registros-de-artropodos-gracias-a-un-estudio-de-la-ull\/\",\"name\":\"El Parque Nacional del Teide incorpora 80 nuevos registros de artr\u00f3podos gracias a un estudio de la ULL - ULL - Noticias\",\"isPartOf\":{\"@id\":\"https:\/\/www.ull.es\/portal\/noticias\/#website\"},\"datePublished\":\"2026-09-01T09:33:36+00:00\",\"dateModified\":\"2026-09-01T09:33:36+00:00\",\"author\":{\"@id\":\"https:\/\/www.ull.es\/portal\/noticias\/#\/schema\/person\/b2b1a89d43ffa609e591f7df8ef3e817\"},\"breadcrumb\":{\"@id\":\"https:\/\/www.ull.es\/portal\/noticias\/2026\/el-parque-nacional-del-teide-incorpora-80-nuevos-registros-de-artropodos-gracias-a-un-estudio-de-la-ull\/#breadcrumb\"},\"inLanguage\":\"es\",\"potentialAction\":[{\"@type\":\"ReadAction\",\"target\":[\"https:\/\/www.ull.es\/portal\/noticias\/2026\/el-parque-nacional-del-teide-incorpora-80-nuevos-registros-de-artropodos-gracias-a-un-estudio-de-la-ull\/\"]}]},{\"@type\":\"BreadcrumbList\",\"@id\":\"https:\/\/www.ull.es\/portal\/noticias\/2026\/el-parque-nacional-del-teide-incorpora-80-nuevos-registros-de-artropodos-gracias-a-un-estudio-de-la-ull\/#breadcrumb\",\"itemListElement\":[{\"@type\":\"ListItem\",\"position\":1,\"name\":\"Portada\",\"item\":\"https:\/\/www.ull.es\/portal\/noticias\/\"},{\"@type\":\"ListItem\",\"position\":2,\"name\":\"El Parque Nacional del Teide incorpora 80 nuevos registros de artr\u00f3podos gracias a un estudio de la ULL\"}]},{\"@type\":\"WebSite\",\"@id\":\"https:\/\/www.ull.es\/portal\/noticias\/#website\",\"url\":\"https:\/\/www.ull.es\/portal\/noticias\/\",\"name\":\"ULL - Noticias\",\"description\":\"\",\"potentialAction\":[{\"@type\":\"SearchAction\",\"target\":{\"@type\":\"EntryPoint\",\"urlTemplate\":\"https:\/\/www.ull.es\/portal\/noticias\/?s={search_term_string}\"},\"query-input\":\"required name=search_term_string\"}],\"inLanguage\":\"es\"},{\"@type\":\"Person\",\"@id\":\"https:\/\/www.ull.es\/portal\/noticias\/#\/schema\/person\/b2b1a89d43ffa609e591f7df8ef3e817\",\"name\":\"gaprsa\",\"image\":{\"@type\":\"ImageObject\",\"inLanguage\":\"es\",\"@id\":\"https:\/\/www.ull.es\/portal\/noticias\/#\/schema\/person\/image\/\",\"url\":\"https:\/\/secure.gravatar.com\/avatar\/443820550921091458b4823867723b3d?s=96&d=mm&r=g\",\"contentUrl\":\"https:\/\/secure.gravatar.com\/avatar\/443820550921091458b4823867723b3d?s=96&d=mm&r=g\",\"caption\":\"gaprsa\"},\"url\":\"https:\/\/www.ull.es\/portal\/noticias\/author\/gaprsa\/\"}]}<\/script>\n<!-- \/ Yoast SEO plugin. -->","yoast_head_json":{"title":"El Parque Nacional del Teide incorpora 80 nuevos registros de artr\u00f3podos gracias a un estudio de la ULL - ULL - Noticias","robots":{"index":"index","follow":"follow","max-snippet":"max-snippet:-1","max-image-preview":"max-image-preview:large","max-video-preview":"max-video-preview:-1"},"canonical":"https:\/\/www.ull.es\/portal\/noticias\/2026\/el-parque-nacional-del-teide-incorpora-80-nuevos-registros-de-artropodos-gracias-a-un-estudio-de-la-ull\/","og_locale":"es_ES","og_type":"article","og_title":"El Parque Nacional del Teide incorpora 80 nuevos registros de artr\u00f3podos gracias a un estudio de la ULL - ULL - Noticias","og_description":"Un estudio de la Universidad de La Laguna ha actualizado el inventario de artr\u00f3podos del Parque Nacional del Teide mediante...","og_url":"https:\/\/www.ull.es\/portal\/noticias\/2026\/el-parque-nacional-del-teide-incorpora-80-nuevos-registros-de-artropodos-gracias-a-un-estudio-de-la-ull\/","og_site_name":"ULL - Noticias","article_publisher":"https:\/\/www.facebook.com\/universidaddelalaguna\/","article_published_time":"2026-09-01T09:33:36+00:00","og_image":[{"width":1600,"height":1200,"url":"https:\/\/www.ull.es\/portal\/noticias\/wp-content\/uploads\/sites\/13\/2026\/09\/IMG_0574-1.jpg","type":"image\/jpeg"}],"author":"gaprsa","twitter_card":"summary_large_image","twitter_creator":"@CanalULL","twitter_site":"@CanalULL","twitter_misc":{"Escrito por":"gaprsa","Tiempo de lectura":"4 minutos"},"schema":{"@context":"https:\/\/schema.org","@graph":[{"@type":"WebPage","@id":"https:\/\/www.ull.es\/portal\/noticias\/2026\/el-parque-nacional-del-teide-incorpora-80-nuevos-registros-de-artropodos-gracias-a-un-estudio-de-la-ull\/","url":"https:\/\/www.ull.es\/portal\/noticias\/2026\/el-parque-nacional-del-teide-incorpora-80-nuevos-registros-de-artropodos-gracias-a-un-estudio-de-la-ull\/","name":"El Parque Nacional del Teide incorpora 80 nuevos registros de artr\u00f3podos gracias a un estudio de la ULL - ULL - Noticias","isPartOf":{"@id":"https:\/\/www.ull.es\/portal\/noticias\/#website"},"datePublished":"2026-09-01T09:33:36+00:00","dateModified":"2026-09-01T09:33:36+00:00","author":{"@id":"https:\/\/www.ull.es\/portal\/noticias\/#\/schema\/person\/b2b1a89d43ffa609e591f7df8ef3e817"},"breadcrumb":{"@id":"https:\/\/www.ull.es\/portal\/noticias\/2026\/el-parque-nacional-del-teide-incorpora-80-nuevos-registros-de-artropodos-gracias-a-un-estudio-de-la-ull\/#breadcrumb"},"inLanguage":"es","potentialAction":[{"@type":"ReadAction","target":["https:\/\/www.ull.es\/portal\/noticias\/2026\/el-parque-nacional-del-teide-incorpora-80-nuevos-registros-de-artropodos-gracias-a-un-estudio-de-la-ull\/"]}]},{"@type":"BreadcrumbList","@id":"https:\/\/www.ull.es\/portal\/noticias\/2026\/el-parque-nacional-del-teide-incorpora-80-nuevos-registros-de-artropodos-gracias-a-un-estudio-de-la-ull\/#breadcrumb","itemListElement":[{"@type":"ListItem","position":1,"name":"Portada","item":"https:\/\/www.ull.es\/portal\/noticias\/"},{"@type":"ListItem","position":2,"name":"El Parque Nacional del Teide incorpora 80 nuevos registros de artr\u00f3podos gracias a un estudio de la ULL"}]},{"@type":"WebSite","@id":"https:\/\/www.ull.es\/portal\/noticias\/#website","url":"https:\/\/www.ull.es\/portal\/noticias\/","name":"ULL - Noticias","description":"","potentialAction":[{"@type":"SearchAction","target":{"@type":"EntryPoint","urlTemplate":"https:\/\/www.ull.es\/portal\/noticias\/?s={search_term_string}"},"query-input":"required name=search_term_string"}],"inLanguage":"es"},{"@type":"Person","@id":"https:\/\/www.ull.es\/portal\/noticias\/#\/schema\/person\/b2b1a89d43ffa609e591f7df8ef3e817","name":"gaprsa","image":{"@type":"ImageObject","inLanguage":"es","@id":"https:\/\/www.ull.es\/portal\/noticias\/#\/schema\/person\/image\/","url":"https:\/\/secure.gravatar.com\/avatar\/443820550921091458b4823867723b3d?s=96&d=mm&r=g","contentUrl":"https:\/\/secure.gravatar.com\/avatar\/443820550921091458b4823867723b3d?s=96&d=mm&r=g","caption":"gaprsa"},"url":"https:\/\/www.ull.es\/portal\/noticias\/author\/gaprsa\/"}]}},"primary_category":{"id":345,"name":"Destacado","slug":"destacado","link":"https:\/\/www.ull.es\/portal\/noticias\/category\/destacado\/"},"featured_image_thumbnail_url":"https:\/\/www.ull.es\/portal\/noticias\/wp-content\/uploads\/sites\/13\/2026\/09\/IMG_0574-1-300x225.jpg","_links":{"self":[{"href":"https:\/\/www.ull.es\/portal\/noticias\/wp-json\/wp\/v2\/posts\/90185"}],"collection":[{"href":"https:\/\/www.ull.es\/portal\/noticias\/wp-json\/wp\/v2\/posts"}],"about":[{"href":"https:\/\/www.ull.es\/portal\/noticias\/wp-json\/wp\/v2\/types\/post"}],"author":[{"embeddable":true,"href":"https:\/\/www.ull.es\/portal\/noticias\/wp-json\/wp\/v2\/users\/23"}],"replies":[{"embeddable":true,"href":"https:\/\/www.ull.es\/portal\/noticias\/wp-json\/wp\/v2\/comments?post=90185"}],"version-history":[{"count":2,"href":"https:\/\/www.ull.es\/portal\/noticias\/wp-json\/wp\/v2\/posts\/90185\/revisions"}],"predecessor-version":[{"id":90189,"href":"https:\/\/www.ull.es\/portal\/noticias\/wp-json\/wp\/v2\/posts\/90185\/revisions\/90189"}],"wp:featuredmedia":[{"embeddable":true,"href":"https:\/\/www.ull.es\/portal\/noticias\/wp-json\/wp\/v2\/media\/90188"}],"wp:attachment":[{"href":"https:\/\/www.ull.es\/portal\/noticias\/wp-json\/wp\/v2\/media?parent=90185"}],"wp:term":[{"taxonomy":"category","embeddable":true,"href":"https:\/\/www.ull.es\/portal\/noticias\/wp-json\/wp\/v2\/categories?post=90185"},{"taxonomy":"post_tag","embeddable":true,"href":"https:\/\/www.ull.es\/portal\/noticias\/wp-json\/wp\/v2\/tags?post=90185"}],"curies":[{"name":"wp","href":"https:\/\/api.w.org\/{rel}","templated":true}]}}