{"id":90195,"date":"2026-09-01T13:08:54","date_gmt":"2026-09-01T13:08:54","guid":{"rendered":"https:\/\/www.ull.es\/portal\/noticias\/?p=90195"},"modified":"2026-09-01T13:08:54","modified_gmt":"2026-09-01T13:08:54","slug":"ull-acoge-congreso-investigadores-quimica-universidad-columbia","status":"publish","type":"post","link":"https:\/\/www.ull.es\/portal\/noticias\/2026\/ull-acoge-congreso-investigadores-quimica-universidad-columbia\/","title":{"rendered":"La ULL acoge un congreso de investigadores espa\u00f1oles en qu\u00edmica que colaboran con la Universidad de Columbia"},"content":{"rendered":"<p>La primera edici\u00f3n del congreso <em><a href=\"https:\/\/island2chemconference.com\/\" target=\"_blank\" rel=\"noopener\" target=\"_blank\" rel=\"noopener\">Island<sup>2<\/sup> Chem Conferece: briging Tenerife &amp; Manhattan<\/a><\/em> es un encuentro que re\u00fane a investigadores espa\u00f1oles que colaboran o han colaborado con la Universidad de Columbia y a sus hom\u00f3logos estadounidenses. Esta cita se celebrar\u00e1 desde ma\u00f1ana, mi\u00e9rcoles 2 de septiembre, hasta el viernes 4 en la Universidad de La Laguna.<\/p>\n<p>La inauguraci\u00f3n se celebrar\u00e1 ma\u00f1ana, 2 de septiembre a las 8:30 en el Paraninfo de la Universidad, y contar\u00e1 con la presencia de rector de la Universidad de La Laguna, D. Francisco J. Garc\u00eda Rodr\u00edguez; el presidente de Canarias, Fernando Clavijo Batlle; el consejero de Innovaci\u00f3n del Cabildo de Tenerife, Juan Jos\u00e9 Mart\u00ednez; el director del Instituto de Productos Naturales y Agrobiolog\u00eda del CESIC, Tom\u00e1s Mart\u00edn Ruiz; la profesora de la Universidad de Rochester y Co-presidenta del comit\u00e9 organizador Alison Forntier; y el co-presidente del mismo comit\u00e9, Juan Ignacio Padr\u00f3n (IPNA).<\/p>\n<p>Este congreso surge del linaje acad\u00e9mico com\u00fan que une a dos comunidades cient\u00edficas: los qu\u00edmicos y qu\u00edmicas de Tenerife que completaron su formaci\u00f3n en la Universidad de Columbia y los compa\u00f1eros y mentores que les acogieron en Nueva York. Por tanto, supone un reencuentro en el que habr\u00e1 intercambio de conocimientos y se reforzar\u00e1 la colaboraci\u00f3n a trav\u00e9s del Atl\u00e1ntico.<\/p>\n<p>Participar\u00e1n conferenciantes de 16 entidades distintas, entre universidades, centros de investigaci\u00f3n y compa\u00f1\u00edas farmac\u00e9uticas: Universidad de Columbia, Universidad\u00a0 de California (UCLA), Universidad de Hong Kong, Universidad de Rochester, Universidad de Michigan State, Universidad de Santiago de Compostela, Universidad de Notre Dame, Universidad de Vigo, Universidad de La Laguna, el Instituto de Investigaciones Qu\u00edmicas de Catalu\u00f1a (ICIQ), Swiss Federal Institute of Technology (ETH), Instituto de Productos Naturales y Agrobiolog\u00eda del CSIC, Nimbus Therapeutics, Bristol Myers Squibb y Orogen Therapeutics.<\/p>\n<p>En total, habr\u00e1 cinco conferencias plenarias y 12 conferenciantes invitados de prestigio internacional, pero tambi\u00e9n se contempla la participaci\u00f3n de j\u00f3venes investigadores mediante comunicaciones orales tipo flash y presentaciones tipo p\u00f3ster.<\/p>\n","protected":false},"excerpt":{"rendered":"<p>La primera edici\u00f3n del congreso Island2 Chem Conferece: briging Tenerife &amp; Manhattan es un encuentro que re\u00fane a investigadores espa\u00f1oles&#8230;<\/p>\n","protected":false},"author":21,"featured_media":90196,"comment_status":"closed","ping_status":"closed","sticky":false,"template":"","format":"standard","meta":{"inline_featured_image":false,"footnotes":""},"categories":[345,350,2765],"tags":[891,12926,2205,12927],"acf":[],"yoast_head":"<!-- This site is optimized with the Yoast SEO plugin v21.3 - https:\/\/yoast.com\/wordpress\/plugins\/seo\/ -->\n<title>La ULL acoge la primera edici\u00f3n del congreso Island 2 Chem<\/title>\n<meta name=\"description\" content=\"Este encuentro re\u00fane a investigadores espa\u00f1oles en qu\u00edmica que han colaborado con la Universidad de Columbia y a sus hom\u00f3logos americanos.\" \/>\n<meta name=\"robots\" content=\"index, follow, max-snippet:-1, max-image-preview:large, max-video-preview:-1\" \/>\n<link rel=\"canonical\" href=\"https:\/\/www.ull.es\/portal\/noticias\/2026\/ull-acoge-congreso-investigadores-quimica-universidad-columbia\/\" \/>\n<meta property=\"og:locale\" content=\"es_ES\" \/>\n<meta property=\"og:type\" content=\"article\" \/>\n<meta property=\"og:title\" content=\"La ULL acoge la primera edici\u00f3n del congreso Island 2 Chem\" \/>\n<meta property=\"og:description\" content=\"Este encuentro re\u00fane a investigadores espa\u00f1oles en qu\u00edmica que han colaborado con la Universidad de Columbia y a sus hom\u00f3logos americanos.\" \/>\n<meta property=\"og:url\" content=\"https:\/\/www.ull.es\/portal\/noticias\/2026\/ull-acoge-congreso-investigadores-quimica-universidad-columbia\/\" \/>\n<meta property=\"og:site_name\" content=\"ULL - Noticias\" \/>\n<meta property=\"article:publisher\" content=\"https:\/\/www.facebook.com\/universidaddelalaguna\/\" \/>\n<meta property=\"article:published_time\" content=\"2026-09-01T13:08:54+00:00\" \/>\n<meta property=\"og:image\" content=\"https:\/\/www.ull.es\/portal\/noticias\/wp-content\/uploads\/sites\/13\/2026\/09\/banner-eventos-9.jpg\" \/>\n\t<meta property=\"og:image:width\" content=\"750\" \/>\n\t<meta property=\"og:image:height\" content=\"370\" \/>\n\t<meta property=\"og:image:type\" content=\"image\/jpeg\" \/>\n<meta name=\"author\" content=\"prensa2\" \/>\n<meta name=\"twitter:card\" content=\"summary_large_image\" \/>\n<meta name=\"twitter:creator\" content=\"@CanalULL\" \/>\n<meta name=\"twitter:site\" content=\"@CanalULL\" \/>\n<meta name=\"twitter:label1\" content=\"Escrito por\" \/>\n\t<meta name=\"twitter:data1\" content=\"prensa2\" \/>\n\t<meta name=\"twitter:label2\" content=\"Tiempo de lectura\" \/>\n\t<meta name=\"twitter:data2\" content=\"2 minutos\" \/>\n<script type=\"application\/ld+json\" class=\"yoast-schema-graph\">{\"@context\":\"https:\/\/schema.org\",\"@graph\":[{\"@type\":\"WebPage\",\"@id\":\"https:\/\/www.ull.es\/portal\/noticias\/2026\/ull-acoge-congreso-investigadores-quimica-universidad-columbia\/\",\"url\":\"https:\/\/www.ull.es\/portal\/noticias\/2026\/ull-acoge-congreso-investigadores-quimica-universidad-columbia\/\",\"name\":\"La ULL acoge la primera edici\u00f3n del congreso Island 2 Chem\",\"isPartOf\":{\"@id\":\"https:\/\/www.ull.es\/portal\/noticias\/#website\"},\"datePublished\":\"2026-09-01T13:08:54+00:00\",\"dateModified\":\"2026-09-01T13:08:54+00:00\",\"author\":{\"@id\":\"https:\/\/www.ull.es\/portal\/noticias\/#\/schema\/person\/c3b2aa857797592927a03740d6664376\"},\"description\":\"Este encuentro re\u00fane a investigadores espa\u00f1oles en qu\u00edmica que han colaborado con la Universidad de Columbia y a sus hom\u00f3logos americanos.\",\"breadcrumb\":{\"@id\":\"https:\/\/www.ull.es\/portal\/noticias\/2026\/ull-acoge-congreso-investigadores-quimica-universidad-columbia\/#breadcrumb\"},\"inLanguage\":\"es\",\"potentialAction\":[{\"@type\":\"ReadAction\",\"target\":[\"https:\/\/www.ull.es\/portal\/noticias\/2026\/ull-acoge-congreso-investigadores-quimica-universidad-columbia\/\"]}]},{\"@type\":\"BreadcrumbList\",\"@id\":\"https:\/\/www.ull.es\/portal\/noticias\/2026\/ull-acoge-congreso-investigadores-quimica-universidad-columbia\/#breadcrumb\",\"itemListElement\":[{\"@type\":\"ListItem\",\"position\":1,\"name\":\"Portada\",\"item\":\"https:\/\/www.ull.es\/portal\/noticias\/\"},{\"@type\":\"ListItem\",\"position\":2,\"name\":\"La ULL acoge un congreso de investigadores espa\u00f1oles en qu\u00edmica que colaboran con la Universidad de Columbia\"}]},{\"@type\":\"WebSite\",\"@id\":\"https:\/\/www.ull.es\/portal\/noticias\/#website\",\"url\":\"https:\/\/www.ull.es\/portal\/noticias\/\",\"name\":\"ULL - Noticias\",\"description\":\"\",\"potentialAction\":[{\"@type\":\"SearchAction\",\"target\":{\"@type\":\"EntryPoint\",\"urlTemplate\":\"https:\/\/www.ull.es\/portal\/noticias\/?s={search_term_string}\"},\"query-input\":\"required name=search_term_string\"}],\"inLanguage\":\"es\"},{\"@type\":\"Person\",\"@id\":\"https:\/\/www.ull.es\/portal\/noticias\/#\/schema\/person\/c3b2aa857797592927a03740d6664376\",\"name\":\"prensa2\",\"image\":{\"@type\":\"ImageObject\",\"inLanguage\":\"es\",\"@id\":\"https:\/\/www.ull.es\/portal\/noticias\/#\/schema\/person\/image\/\",\"url\":\"https:\/\/secure.gravatar.com\/avatar\/b58f310a5de5feb33d1e026d2493f23c?s=96&d=mm&r=g\",\"contentUrl\":\"https:\/\/secure.gravatar.com\/avatar\/b58f310a5de5feb33d1e026d2493f23c?s=96&d=mm&r=g\",\"caption\":\"prensa2\"},\"url\":\"https:\/\/www.ull.es\/portal\/noticias\/author\/prensa2\/\"}]}<\/script>\n<!-- \/ Yoast SEO plugin. -->","yoast_head_json":{"title":"La ULL acoge la primera edici\u00f3n del congreso Island 2 Chem","description":"Este encuentro re\u00fane a investigadores espa\u00f1oles en qu\u00edmica que han colaborado con la Universidad de Columbia y a sus hom\u00f3logos americanos.","robots":{"index":"index","follow":"follow","max-snippet":"max-snippet:-1","max-image-preview":"max-image-preview:large","max-video-preview":"max-video-preview:-1"},"canonical":"https:\/\/www.ull.es\/portal\/noticias\/2026\/ull-acoge-congreso-investigadores-quimica-universidad-columbia\/","og_locale":"es_ES","og_type":"article","og_title":"La ULL acoge la primera edici\u00f3n del congreso Island 2 Chem","og_description":"Este encuentro re\u00fane a investigadores espa\u00f1oles en qu\u00edmica que han colaborado con la Universidad de Columbia y a sus hom\u00f3logos americanos.","og_url":"https:\/\/www.ull.es\/portal\/noticias\/2026\/ull-acoge-congreso-investigadores-quimica-universidad-columbia\/","og_site_name":"ULL - Noticias","article_publisher":"https:\/\/www.facebook.com\/universidaddelalaguna\/","article_published_time":"2026-09-01T13:08:54+00:00","og_image":[{"width":750,"height":370,"url":"https:\/\/www.ull.es\/portal\/noticias\/wp-content\/uploads\/sites\/13\/2026\/09\/banner-eventos-9.jpg","type":"image\/jpeg"}],"author":"prensa2","twitter_card":"summary_large_image","twitter_creator":"@CanalULL","twitter_site":"@CanalULL","twitter_misc":{"Escrito por":"prensa2","Tiempo de lectura":"2 minutos"},"schema":{"@context":"https:\/\/schema.org","@graph":[{"@type":"WebPage","@id":"https:\/\/www.ull.es\/portal\/noticias\/2026\/ull-acoge-congreso-investigadores-quimica-universidad-columbia\/","url":"https:\/\/www.ull.es\/portal\/noticias\/2026\/ull-acoge-congreso-investigadores-quimica-universidad-columbia\/","name":"La ULL acoge la primera edici\u00f3n del congreso Island 2 Chem","isPartOf":{"@id":"https:\/\/www.ull.es\/portal\/noticias\/#website"},"datePublished":"2026-09-01T13:08:54+00:00","dateModified":"2026-09-01T13:08:54+00:00","author":{"@id":"https:\/\/www.ull.es\/portal\/noticias\/#\/schema\/person\/c3b2aa857797592927a03740d6664376"},"description":"Este encuentro re\u00fane a investigadores espa\u00f1oles en qu\u00edmica que han colaborado con la Universidad de Columbia y a sus hom\u00f3logos americanos.","breadcrumb":{"@id":"https:\/\/www.ull.es\/portal\/noticias\/2026\/ull-acoge-congreso-investigadores-quimica-universidad-columbia\/#breadcrumb"},"inLanguage":"es","potentialAction":[{"@type":"ReadAction","target":["https:\/\/www.ull.es\/portal\/noticias\/2026\/ull-acoge-congreso-investigadores-quimica-universidad-columbia\/"]}]},{"@type":"BreadcrumbList","@id":"https:\/\/www.ull.es\/portal\/noticias\/2026\/ull-acoge-congreso-investigadores-quimica-universidad-columbia\/#breadcrumb","itemListElement":[{"@type":"ListItem","position":1,"name":"Portada","item":"https:\/\/www.ull.es\/portal\/noticias\/"},{"@type":"ListItem","position":2,"name":"La ULL acoge un congreso de investigadores espa\u00f1oles en qu\u00edmica que colaboran con la Universidad de Columbia"}]},{"@type":"WebSite","@id":"https:\/\/www.ull.es\/portal\/noticias\/#website","url":"https:\/\/www.ull.es\/portal\/noticias\/","name":"ULL - Noticias","description":"","potentialAction":[{"@type":"SearchAction","target":{"@type":"EntryPoint","urlTemplate":"https:\/\/www.ull.es\/portal\/noticias\/?s={search_term_string}"},"query-input":"required name=search_term_string"}],"inLanguage":"es"},{"@type":"Person","@id":"https:\/\/www.ull.es\/portal\/noticias\/#\/schema\/person\/c3b2aa857797592927a03740d6664376","name":"prensa2","image":{"@type":"ImageObject","inLanguage":"es","@id":"https:\/\/www.ull.es\/portal\/noticias\/#\/schema\/person\/image\/","url":"https:\/\/secure.gravatar.com\/avatar\/b58f310a5de5feb33d1e026d2493f23c?s=96&d=mm&r=g","contentUrl":"https:\/\/secure.gravatar.com\/avatar\/b58f310a5de5feb33d1e026d2493f23c?s=96&d=mm&r=g","caption":"prensa2"},"url":"https:\/\/www.ull.es\/portal\/noticias\/author\/prensa2\/"}]}},"primary_category":{"id":345,"name":"Destacado","slug":"destacado","link":"https:\/\/www.ull.es\/portal\/noticias\/category\/destacado\/"},"featured_image_thumbnail_url":"https:\/\/www.ull.es\/portal\/noticias\/wp-content\/uploads\/sites\/13\/2026\/09\/banner-eventos-9-300x148.jpg","_links":{"self":[{"href":"https:\/\/www.ull.es\/portal\/noticias\/wp-json\/wp\/v2\/posts\/90195"}],"collection":[{"href":"https:\/\/www.ull.es\/portal\/noticias\/wp-json\/wp\/v2\/posts"}],"about":[{"href":"https:\/\/www.ull.es\/portal\/noticias\/wp-json\/wp\/v2\/types\/post"}],"author":[{"embeddable":true,"href":"https:\/\/www.ull.es\/portal\/noticias\/wp-json\/wp\/v2\/users\/21"}],"replies":[{"embeddable":true,"href":"https:\/\/www.ull.es\/portal\/noticias\/wp-json\/wp\/v2\/comments?post=90195"}],"version-history":[{"count":1,"href":"https:\/\/www.ull.es\/portal\/noticias\/wp-json\/wp\/v2\/posts\/90195\/revisions"}],"predecessor-version":[{"id":90197,"href":"https:\/\/www.ull.es\/portal\/noticias\/wp-json\/wp\/v2\/posts\/90195\/revisions\/90197"}],"wp:featuredmedia":[{"embeddable":true,"href":"https:\/\/www.ull.es\/portal\/noticias\/wp-json\/wp\/v2\/media\/90196"}],"wp:attachment":[{"href":"https:\/\/www.ull.es\/portal\/noticias\/wp-json\/wp\/v2\/media?parent=90195"}],"wp:term":[{"taxonomy":"category","embeddable":true,"href":"https:\/\/www.ull.es\/portal\/noticias\/wp-json\/wp\/v2\/categories?post=90195"},{"taxonomy":"post_tag","embeddable":true,"href":"https:\/\/www.ull.es\/portal\/noticias\/wp-json\/wp\/v2\/tags?post=90195"}],"curies":[{"name":"wp","href":"https:\/\/api.w.org\/{rel}","templated":true}]}}