{"id":90199,"date":"2026-09-02T07:29:34","date_gmt":"2026-09-02T07:29:34","guid":{"rendered":"https:\/\/www.ull.es\/portal\/noticias\/?p=90199"},"modified":"2026-09-02T07:30:01","modified_gmt":"2026-09-02T07:30:01","slug":"edu-soto-regresa-al-escenario-con-su-humor-mas-imprevisible-en-el-paraninfo","status":"publish","type":"post","link":"https:\/\/www.ull.es\/portal\/noticias\/2026\/edu-soto-regresa-al-escenario-con-su-humor-mas-imprevisible-en-el-paraninfo\/","title":{"rendered":"Edu Soto regresa al escenario con su humor m\u00e1s imprevisible en el Paraninfo"},"content":{"rendered":"<p>El actor y humorista <a href=\"https:\/\/ca.wikipedia.org\/wiki\/Eduard_Soto_i_Moreno\" target=\"_blank\" rel=\"noopener\">Edu Soto<\/a> llega al Paraninfo de la Universidad de La Laguna este s\u00e1bado 5 de septiembre, a las 20:30 horas, con \u2018M\u00e1s vale solo que ciento volando\u2019, un espect\u00e1culo que combina humor, m\u00fasica e improvisaci\u00f3n. La funci\u00f3n supone el regreso a las salas en solitario de uno de los artistas m\u00e1s vers\u00e1tiles de la comedia espa\u00f1ola.<\/p>\n<p>Soto sube solo al escenario para dejar volar los numerosos \u00abp\u00e1jaros\u00bb que habitan en su cabeza, ese universo de personajes, ocurrencias y registros que ha marcado su trayectoria desde sus primeras apariciones. El actor se servir\u00e1 de su capacidad de improvisaci\u00f3n para construir una experiencia en la que tienen cabida mon\u00f3logos y musicales, junto con la participaci\u00f3n del p\u00fablico. Esta combinaci\u00f3n hace que cada representaci\u00f3n pueda tomar caminos diferentes y que no falten sorpresas sobre el escenario.<\/p>\n<p>Actor, humorista, cantante, m\u00fasico y bailar\u00edn, Edu Soto ha desarrollado una trayectoria que atraviesa la televisi\u00f3n, el cine, los musicales y el teatro. Esa variedad se concentra ahora en un espect\u00e1culo concebido para explorar en solitario todas esas facetas.<\/p>\n<p>El espect\u00e1culo est\u00e1 recomendado para mayores de 14 a\u00f1os. Las entradas est\u00e1n disponibles a un <a href=\"https:\/\/www.ecoentradas.com\/elegirsesion\/3338\" target=\"_blank\" rel=\"noopener\">precio general de 25 euros<\/a>.<\/p>\n","protected":false},"excerpt":{"rendered":"<p>El actor y humorista Edu Soto llega al Paraninfo de la Universidad de La Laguna este s\u00e1bado 5 de septiembre,&#8230;<\/p>\n","protected":false},"author":23,"featured_media":90200,"comment_status":"closed","ping_status":"closed","sticky":false,"template":"","format":"standard","meta":{"inline_featured_image":false,"footnotes":""},"categories":[344,345,2765],"tags":[],"acf":[],"yoast_head":"<!-- This site is optimized with the Yoast SEO plugin v21.3 - https:\/\/yoast.com\/wordpress\/plugins\/seo\/ -->\n<title>Edu Soto regresa al escenario con su humor m\u00e1s imprevisible en el Paraninfo - ULL - Noticias<\/title>\n<meta name=\"robots\" content=\"index, follow, max-snippet:-1, max-image-preview:large, max-video-preview:-1\" \/>\n<link rel=\"canonical\" href=\"https:\/\/www.ull.es\/portal\/noticias\/2026\/edu-soto-regresa-al-escenario-con-su-humor-mas-imprevisible-en-el-paraninfo\/\" \/>\n<meta property=\"og:locale\" content=\"es_ES\" \/>\n<meta property=\"og:type\" content=\"article\" \/>\n<meta property=\"og:title\" content=\"Edu Soto regresa al escenario con su humor m\u00e1s imprevisible en el Paraninfo - ULL - Noticias\" \/>\n<meta property=\"og:description\" content=\"El actor y humorista Edu Soto llega al Paraninfo de la Universidad de La Laguna este s\u00e1bado 5 de septiembre,...\" \/>\n<meta property=\"og:url\" content=\"https:\/\/www.ull.es\/portal\/noticias\/2026\/edu-soto-regresa-al-escenario-con-su-humor-mas-imprevisible-en-el-paraninfo\/\" \/>\n<meta property=\"og:site_name\" content=\"ULL - Noticias\" \/>\n<meta property=\"article:publisher\" content=\"https:\/\/www.facebook.com\/universidaddelalaguna\/\" \/>\n<meta property=\"article:published_time\" content=\"2026-09-02T07:29:34+00:00\" \/>\n<meta property=\"article:modified_time\" content=\"2026-09-02T07:30:01+00:00\" \/>\n<meta property=\"og:image\" content=\"https:\/\/www.ull.es\/portal\/noticias\/wp-content\/uploads\/sites\/13\/2026\/09\/Cartel-EDU_SOTO-ULL.jpg\" \/>\n\t<meta property=\"og:image:width\" content=\"750\" \/>\n\t<meta property=\"og:image:height\" content=\"370\" \/>\n\t<meta property=\"og:image:type\" content=\"image\/jpeg\" \/>\n<meta name=\"author\" content=\"gaprsa\" \/>\n<meta name=\"twitter:card\" content=\"summary_large_image\" \/>\n<meta name=\"twitter:creator\" content=\"@CanalULL\" \/>\n<meta name=\"twitter:site\" content=\"@CanalULL\" \/>\n<meta name=\"twitter:label1\" content=\"Escrito por\" \/>\n\t<meta name=\"twitter:data1\" content=\"gaprsa\" \/>\n\t<meta name=\"twitter:label2\" content=\"Tiempo de lectura\" \/>\n\t<meta name=\"twitter:data2\" content=\"1 minuto\" \/>\n<script type=\"application\/ld+json\" class=\"yoast-schema-graph\">{\"@context\":\"https:\/\/schema.org\",\"@graph\":[{\"@type\":\"WebPage\",\"@id\":\"https:\/\/www.ull.es\/portal\/noticias\/2026\/edu-soto-regresa-al-escenario-con-su-humor-mas-imprevisible-en-el-paraninfo\/\",\"url\":\"https:\/\/www.ull.es\/portal\/noticias\/2026\/edu-soto-regresa-al-escenario-con-su-humor-mas-imprevisible-en-el-paraninfo\/\",\"name\":\"Edu Soto regresa al escenario con su humor m\u00e1s imprevisible en el Paraninfo - ULL - Noticias\",\"isPartOf\":{\"@id\":\"https:\/\/www.ull.es\/portal\/noticias\/#website\"},\"datePublished\":\"2026-09-02T07:29:34+00:00\",\"dateModified\":\"2026-09-02T07:30:01+00:00\",\"author\":{\"@id\":\"https:\/\/www.ull.es\/portal\/noticias\/#\/schema\/person\/b2b1a89d43ffa609e591f7df8ef3e817\"},\"breadcrumb\":{\"@id\":\"https:\/\/www.ull.es\/portal\/noticias\/2026\/edu-soto-regresa-al-escenario-con-su-humor-mas-imprevisible-en-el-paraninfo\/#breadcrumb\"},\"inLanguage\":\"es\",\"potentialAction\":[{\"@type\":\"ReadAction\",\"target\":[\"https:\/\/www.ull.es\/portal\/noticias\/2026\/edu-soto-regresa-al-escenario-con-su-humor-mas-imprevisible-en-el-paraninfo\/\"]}]},{\"@type\":\"BreadcrumbList\",\"@id\":\"https:\/\/www.ull.es\/portal\/noticias\/2026\/edu-soto-regresa-al-escenario-con-su-humor-mas-imprevisible-en-el-paraninfo\/#breadcrumb\",\"itemListElement\":[{\"@type\":\"ListItem\",\"position\":1,\"name\":\"Portada\",\"item\":\"https:\/\/www.ull.es\/portal\/noticias\/\"},{\"@type\":\"ListItem\",\"position\":2,\"name\":\"Edu Soto regresa al escenario con su humor m\u00e1s imprevisible en el Paraninfo\"}]},{\"@type\":\"WebSite\",\"@id\":\"https:\/\/www.ull.es\/portal\/noticias\/#website\",\"url\":\"https:\/\/www.ull.es\/portal\/noticias\/\",\"name\":\"ULL - Noticias\",\"description\":\"\",\"potentialAction\":[{\"@type\":\"SearchAction\",\"target\":{\"@type\":\"EntryPoint\",\"urlTemplate\":\"https:\/\/www.ull.es\/portal\/noticias\/?s={search_term_string}\"},\"query-input\":\"required name=search_term_string\"}],\"inLanguage\":\"es\"},{\"@type\":\"Person\",\"@id\":\"https:\/\/www.ull.es\/portal\/noticias\/#\/schema\/person\/b2b1a89d43ffa609e591f7df8ef3e817\",\"name\":\"gaprsa\",\"image\":{\"@type\":\"ImageObject\",\"inLanguage\":\"es\",\"@id\":\"https:\/\/www.ull.es\/portal\/noticias\/#\/schema\/person\/image\/\",\"url\":\"https:\/\/secure.gravatar.com\/avatar\/443820550921091458b4823867723b3d?s=96&d=mm&r=g\",\"contentUrl\":\"https:\/\/secure.gravatar.com\/avatar\/443820550921091458b4823867723b3d?s=96&d=mm&r=g\",\"caption\":\"gaprsa\"},\"url\":\"https:\/\/www.ull.es\/portal\/noticias\/author\/gaprsa\/\"}]}<\/script>\n<!-- \/ Yoast SEO plugin. -->","yoast_head_json":{"title":"Edu Soto regresa al escenario con su humor m\u00e1s imprevisible en el Paraninfo - ULL - Noticias","robots":{"index":"index","follow":"follow","max-snippet":"max-snippet:-1","max-image-preview":"max-image-preview:large","max-video-preview":"max-video-preview:-1"},"canonical":"https:\/\/www.ull.es\/portal\/noticias\/2026\/edu-soto-regresa-al-escenario-con-su-humor-mas-imprevisible-en-el-paraninfo\/","og_locale":"es_ES","og_type":"article","og_title":"Edu Soto regresa al escenario con su humor m\u00e1s imprevisible en el Paraninfo - ULL - Noticias","og_description":"El actor y humorista Edu Soto llega al Paraninfo de la Universidad de La Laguna este s\u00e1bado 5 de septiembre,...","og_url":"https:\/\/www.ull.es\/portal\/noticias\/2026\/edu-soto-regresa-al-escenario-con-su-humor-mas-imprevisible-en-el-paraninfo\/","og_site_name":"ULL - Noticias","article_publisher":"https:\/\/www.facebook.com\/universidaddelalaguna\/","article_published_time":"2026-09-02T07:29:34+00:00","article_modified_time":"2026-09-02T07:30:01+00:00","og_image":[{"width":750,"height":370,"url":"https:\/\/www.ull.es\/portal\/noticias\/wp-content\/uploads\/sites\/13\/2026\/09\/Cartel-EDU_SOTO-ULL.jpg","type":"image\/jpeg"}],"author":"gaprsa","twitter_card":"summary_large_image","twitter_creator":"@CanalULL","twitter_site":"@CanalULL","twitter_misc":{"Escrito por":"gaprsa","Tiempo de lectura":"1 minuto"},"schema":{"@context":"https:\/\/schema.org","@graph":[{"@type":"WebPage","@id":"https:\/\/www.ull.es\/portal\/noticias\/2026\/edu-soto-regresa-al-escenario-con-su-humor-mas-imprevisible-en-el-paraninfo\/","url":"https:\/\/www.ull.es\/portal\/noticias\/2026\/edu-soto-regresa-al-escenario-con-su-humor-mas-imprevisible-en-el-paraninfo\/","name":"Edu Soto regresa al escenario con su humor m\u00e1s imprevisible en el Paraninfo - ULL - Noticias","isPartOf":{"@id":"https:\/\/www.ull.es\/portal\/noticias\/#website"},"datePublished":"2026-09-02T07:29:34+00:00","dateModified":"2026-09-02T07:30:01+00:00","author":{"@id":"https:\/\/www.ull.es\/portal\/noticias\/#\/schema\/person\/b2b1a89d43ffa609e591f7df8ef3e817"},"breadcrumb":{"@id":"https:\/\/www.ull.es\/portal\/noticias\/2026\/edu-soto-regresa-al-escenario-con-su-humor-mas-imprevisible-en-el-paraninfo\/#breadcrumb"},"inLanguage":"es","potentialAction":[{"@type":"ReadAction","target":["https:\/\/www.ull.es\/portal\/noticias\/2026\/edu-soto-regresa-al-escenario-con-su-humor-mas-imprevisible-en-el-paraninfo\/"]}]},{"@type":"BreadcrumbList","@id":"https:\/\/www.ull.es\/portal\/noticias\/2026\/edu-soto-regresa-al-escenario-con-su-humor-mas-imprevisible-en-el-paraninfo\/#breadcrumb","itemListElement":[{"@type":"ListItem","position":1,"name":"Portada","item":"https:\/\/www.ull.es\/portal\/noticias\/"},{"@type":"ListItem","position":2,"name":"Edu Soto regresa al escenario con su humor m\u00e1s imprevisible en el Paraninfo"}]},{"@type":"WebSite","@id":"https:\/\/www.ull.es\/portal\/noticias\/#website","url":"https:\/\/www.ull.es\/portal\/noticias\/","name":"ULL - Noticias","description":"","potentialAction":[{"@type":"SearchAction","target":{"@type":"EntryPoint","urlTemplate":"https:\/\/www.ull.es\/portal\/noticias\/?s={search_term_string}"},"query-input":"required name=search_term_string"}],"inLanguage":"es"},{"@type":"Person","@id":"https:\/\/www.ull.es\/portal\/noticias\/#\/schema\/person\/b2b1a89d43ffa609e591f7df8ef3e817","name":"gaprsa","image":{"@type":"ImageObject","inLanguage":"es","@id":"https:\/\/www.ull.es\/portal\/noticias\/#\/schema\/person\/image\/","url":"https:\/\/secure.gravatar.com\/avatar\/443820550921091458b4823867723b3d?s=96&d=mm&r=g","contentUrl":"https:\/\/secure.gravatar.com\/avatar\/443820550921091458b4823867723b3d?s=96&d=mm&r=g","caption":"gaprsa"},"url":"https:\/\/www.ull.es\/portal\/noticias\/author\/gaprsa\/"}]}},"primary_category":{"id":345,"name":"Destacado","slug":"destacado","link":"https:\/\/www.ull.es\/portal\/noticias\/category\/destacado\/"},"featured_image_thumbnail_url":"https:\/\/www.ull.es\/portal\/noticias\/wp-content\/uploads\/sites\/13\/2026\/09\/Cartel-EDU_SOTO-ULL-300x148.jpg","_links":{"self":[{"href":"https:\/\/www.ull.es\/portal\/noticias\/wp-json\/wp\/v2\/posts\/90199"}],"collection":[{"href":"https:\/\/www.ull.es\/portal\/noticias\/wp-json\/wp\/v2\/posts"}],"about":[{"href":"https:\/\/www.ull.es\/portal\/noticias\/wp-json\/wp\/v2\/types\/post"}],"author":[{"embeddable":true,"href":"https:\/\/www.ull.es\/portal\/noticias\/wp-json\/wp\/v2\/users\/23"}],"replies":[{"embeddable":true,"href":"https:\/\/www.ull.es\/portal\/noticias\/wp-json\/wp\/v2\/comments?post=90199"}],"version-history":[{"count":1,"href":"https:\/\/www.ull.es\/portal\/noticias\/wp-json\/wp\/v2\/posts\/90199\/revisions"}],"predecessor-version":[{"id":90201,"href":"https:\/\/www.ull.es\/portal\/noticias\/wp-json\/wp\/v2\/posts\/90199\/revisions\/90201"}],"wp:featuredmedia":[{"embeddable":true,"href":"https:\/\/www.ull.es\/portal\/noticias\/wp-json\/wp\/v2\/media\/90200"}],"wp:attachment":[{"href":"https:\/\/www.ull.es\/portal\/noticias\/wp-json\/wp\/v2\/media?parent=90199"}],"wp:term":[{"taxonomy":"category","embeddable":true,"href":"https:\/\/www.ull.es\/portal\/noticias\/wp-json\/wp\/v2\/categories?post=90199"},{"taxonomy":"post_tag","embeddable":true,"href":"https:\/\/www.ull.es\/portal\/noticias\/wp-json\/wp\/v2\/tags?post=90199"}],"curies":[{"name":"wp","href":"https:\/\/api.w.org\/{rel}","templated":true}]}}