{"id":90202,"date":"2026-09-02T08:26:20","date_gmt":"2026-09-02T08:26:20","guid":{"rendered":"https:\/\/www.ull.es\/portal\/noticias\/?p=90202"},"modified":"2026-09-02T08:30:19","modified_gmt":"2026-09-02T08:30:19","slug":"alumnado-de-arquitectura-de-mexico-disena-un-refugio-climatico-para-el-ies-san-matias-en-colaboracion-con-la-ull","status":"publish","type":"post","link":"https:\/\/www.ull.es\/portal\/noticias\/2026\/alumnado-de-arquitectura-de-mexico-disena-un-refugio-climatico-para-el-ies-san-matias-en-colaboracion-con-la-ull\/","title":{"rendered":"Alumnado de Arquitectura de M\u00e9xico dise\u00f1a un refugio clim\u00e1tico para el IES San Mat\u00edas en colaboraci\u00f3n con la ULL"},"content":{"rendered":"<p>La cooperaci\u00f3n acad\u00e9mica internacional y la sostenibilidad se han dado la mano en un proyecto pionero que conecta a la Universidad de La Laguna, la <a href=\"https:\/\/upaep.mx\/\" target=\"_blank\" rel=\"noopener\">Universidad Popular Aut\u00f3noma del Estado de Puebla<\/a> (UPAEP) de M\u00e9xico y la Consejer\u00eda de Educaci\u00f3n del Gobierno de Canarias, a trav\u00e9s del IES San Mat\u00edas (Tenerife). Alumnos y alumnas del Taller de Arquitectura Sustentable de la universidad mexicana han dise\u00f1ado diversas propuestas arquitect\u00f3nicas para dotar al instituto tinerfe\u00f1o de un refugio clim\u00e1tico, un espacio preparado para amortiguar los efectos de las altas temperaturas y promover el confort t\u00e9rmico de manera ecol\u00f3gica.<\/p>\n<p>La iniciativa surgi\u00f3 a ra\u00edz de una estancia docente e investigadora de un mes de duraci\u00f3n realizada por <a href=\"https:\/\/portalciencia.ull.es\/investigadores\/82630\/detalle\" target=\"_blank\" rel=\"noopener\">Noelia Cruz P\u00e9rez<\/a>, profesora de la Universidad de La Laguna, en la UPAEP. Durante este periodo, se incorpor\u00f3 como profesora del programa internacional <em>Global Summer<\/em>, impartiendo la asignatura de Arquitectura Sustentable.<\/p>\n<p>Esta c\u00e1tedra internacional se coordin\u00f3 de manera conjunta con M\u00aa Lourdes Montes de Oca Men\u00e9ndez, profesora titular de la asignatura en la UPAEP. Ambas docentes plantearon al alumnado mexicano un reto real y transatl\u00e1ntico: analizar las condiciones clim\u00e1ticas y espaciales del IES San Mat\u00edas en Tenerife para proyectar soluciones arquitect\u00f3nicas pasivas, sostenibles y adaptadas al entorno canario.<\/p>\n<p>El resultado ha sido un conjunto de l\u00e1minas de presentaci\u00f3n y proyectos de gran calidad t\u00e9cnica y est\u00e9tica que el instituto canario ha recibido con enorme entusiasmo. La directora del IES San Mat\u00edas, Candelaria Padr\u00f3n Pe\u00f1a, ha destacado el valor pedag\u00f3gico de esta colaboraci\u00f3n: \u00abPara nuestro centro es un orgullo recibir estos trabajos. No solo nos ofrecen soluciones creativas e inspiradoras para transformar nuestros espacios frente al cambio clim\u00e1tico, sino que abren una ventana al mundo para nuestro alumnado, demostrando el poder de la educaci\u00f3n global\u00bb.<\/p>\n<p>Por exigencia de la UPAEP y en total sinton\u00eda con las tres instituciones, la autor\u00eda de los proyectos ser\u00e1 estrictamente respetada y visibilizada. Las l\u00e1minas se expondr\u00e1n p\u00fablicamente en las instalaciones del IES San Mat\u00edas, permitiendo que toda la comunidad educativa de la zona conozca las propuestas desarrolladas por los estudiantes mexicanos. Asimismo, como broche de oro a esta sinergia, las instituciones participantes est\u00e1n valorando la entrega de diplomas y reconocimientos oficiales a los alumnos y docentes implicados por su destacada participaci\u00f3n en este taller internacional.<\/p>\n<p>Este proyecto ejemplifica c\u00f3mo la movilidad del profesorado universitario genera un impacto directo y transferible en la sociedad, conectando la investigaci\u00f3n de vanguardia en arquitectura bioclim\u00e1tica con las necesidades reales de los centros escolares del archipi\u00e9lago.<\/p>\n","protected":false},"excerpt":{"rendered":"<p>La cooperaci\u00f3n acad\u00e9mica internacional y la sostenibilidad se han dado la mano en un proyecto pionero que conecta a la&#8230;<\/p>\n","protected":false},"author":23,"featured_media":90205,"comment_status":"closed","ping_status":"closed","sticky":false,"template":"","format":"standard","meta":{"inline_featured_image":false,"footnotes":""},"categories":[345,349,2765],"tags":[],"acf":[],"yoast_head":"<!-- This site is optimized with the Yoast SEO plugin v21.3 - https:\/\/yoast.com\/wordpress\/plugins\/seo\/ -->\n<title>Alumnado de Arquitectura de M\u00e9xico dise\u00f1a un refugio clim\u00e1tico para el IES San Mat\u00edas en colaboraci\u00f3n con la ULL - ULL - Noticias<\/title>\n<meta name=\"robots\" content=\"index, follow, max-snippet:-1, max-image-preview:large, max-video-preview:-1\" \/>\n<link rel=\"canonical\" href=\"https:\/\/www.ull.es\/portal\/noticias\/2026\/alumnado-de-arquitectura-de-mexico-disena-un-refugio-climatico-para-el-ies-san-matias-en-colaboracion-con-la-ull\/\" \/>\n<meta property=\"og:locale\" content=\"es_ES\" \/>\n<meta property=\"og:type\" content=\"article\" \/>\n<meta property=\"og:title\" content=\"Alumnado de Arquitectura de M\u00e9xico dise\u00f1a un refugio clim\u00e1tico para el IES San Mat\u00edas en colaboraci\u00f3n con la ULL - ULL - Noticias\" \/>\n<meta property=\"og:description\" content=\"La cooperaci\u00f3n acad\u00e9mica internacional y la sostenibilidad se han dado la mano en un proyecto pionero que conecta a la...\" \/>\n<meta property=\"og:url\" content=\"https:\/\/www.ull.es\/portal\/noticias\/2026\/alumnado-de-arquitectura-de-mexico-disena-un-refugio-climatico-para-el-ies-san-matias-en-colaboracion-con-la-ull\/\" \/>\n<meta property=\"og:site_name\" content=\"ULL - Noticias\" \/>\n<meta property=\"article:publisher\" content=\"https:\/\/www.facebook.com\/universidaddelalaguna\/\" \/>\n<meta property=\"article:published_time\" content=\"2026-09-02T08:26:20+00:00\" \/>\n<meta property=\"article:modified_time\" content=\"2026-09-02T08:30:19+00:00\" \/>\n<meta property=\"og:image\" content=\"https:\/\/www.ull.es\/portal\/noticias\/wp-content\/uploads\/sites\/13\/2026\/09\/noelia-cruz-mexico.jpg\" \/>\n\t<meta property=\"og:image:width\" content=\"1600\" \/>\n\t<meta property=\"og:image:height\" content=\"1524\" \/>\n\t<meta property=\"og:image:type\" content=\"image\/jpeg\" \/>\n<meta name=\"author\" content=\"gaprsa\" \/>\n<meta name=\"twitter:card\" content=\"summary_large_image\" \/>\n<meta name=\"twitter:creator\" content=\"@CanalULL\" \/>\n<meta name=\"twitter:site\" content=\"@CanalULL\" \/>\n<meta name=\"twitter:label1\" content=\"Escrito por\" \/>\n\t<meta name=\"twitter:data1\" content=\"gaprsa\" \/>\n\t<meta name=\"twitter:label2\" content=\"Tiempo de lectura\" \/>\n\t<meta name=\"twitter:data2\" content=\"2 minutos\" \/>\n<script type=\"application\/ld+json\" class=\"yoast-schema-graph\">{\"@context\":\"https:\/\/schema.org\",\"@graph\":[{\"@type\":\"WebPage\",\"@id\":\"https:\/\/www.ull.es\/portal\/noticias\/2026\/alumnado-de-arquitectura-de-mexico-disena-un-refugio-climatico-para-el-ies-san-matias-en-colaboracion-con-la-ull\/\",\"url\":\"https:\/\/www.ull.es\/portal\/noticias\/2026\/alumnado-de-arquitectura-de-mexico-disena-un-refugio-climatico-para-el-ies-san-matias-en-colaboracion-con-la-ull\/\",\"name\":\"Alumnado de Arquitectura de M\u00e9xico dise\u00f1a un refugio clim\u00e1tico para el IES San Mat\u00edas en colaboraci\u00f3n con la ULL - ULL - Noticias\",\"isPartOf\":{\"@id\":\"https:\/\/www.ull.es\/portal\/noticias\/#website\"},\"datePublished\":\"2026-09-02T08:26:20+00:00\",\"dateModified\":\"2026-09-02T08:30:19+00:00\",\"author\":{\"@id\":\"https:\/\/www.ull.es\/portal\/noticias\/#\/schema\/person\/b2b1a89d43ffa609e591f7df8ef3e817\"},\"breadcrumb\":{\"@id\":\"https:\/\/www.ull.es\/portal\/noticias\/2026\/alumnado-de-arquitectura-de-mexico-disena-un-refugio-climatico-para-el-ies-san-matias-en-colaboracion-con-la-ull\/#breadcrumb\"},\"inLanguage\":\"es\",\"potentialAction\":[{\"@type\":\"ReadAction\",\"target\":[\"https:\/\/www.ull.es\/portal\/noticias\/2026\/alumnado-de-arquitectura-de-mexico-disena-un-refugio-climatico-para-el-ies-san-matias-en-colaboracion-con-la-ull\/\"]}]},{\"@type\":\"BreadcrumbList\",\"@id\":\"https:\/\/www.ull.es\/portal\/noticias\/2026\/alumnado-de-arquitectura-de-mexico-disena-un-refugio-climatico-para-el-ies-san-matias-en-colaboracion-con-la-ull\/#breadcrumb\",\"itemListElement\":[{\"@type\":\"ListItem\",\"position\":1,\"name\":\"Portada\",\"item\":\"https:\/\/www.ull.es\/portal\/noticias\/\"},{\"@type\":\"ListItem\",\"position\":2,\"name\":\"Alumnado de Arquitectura de M\u00e9xico dise\u00f1a un refugio clim\u00e1tico para el IES San Mat\u00edas en colaboraci\u00f3n con la ULL\"}]},{\"@type\":\"WebSite\",\"@id\":\"https:\/\/www.ull.es\/portal\/noticias\/#website\",\"url\":\"https:\/\/www.ull.es\/portal\/noticias\/\",\"name\":\"ULL - Noticias\",\"description\":\"\",\"potentialAction\":[{\"@type\":\"SearchAction\",\"target\":{\"@type\":\"EntryPoint\",\"urlTemplate\":\"https:\/\/www.ull.es\/portal\/noticias\/?s={search_term_string}\"},\"query-input\":\"required name=search_term_string\"}],\"inLanguage\":\"es\"},{\"@type\":\"Person\",\"@id\":\"https:\/\/www.ull.es\/portal\/noticias\/#\/schema\/person\/b2b1a89d43ffa609e591f7df8ef3e817\",\"name\":\"gaprsa\",\"image\":{\"@type\":\"ImageObject\",\"inLanguage\":\"es\",\"@id\":\"https:\/\/www.ull.es\/portal\/noticias\/#\/schema\/person\/image\/\",\"url\":\"https:\/\/secure.gravatar.com\/avatar\/443820550921091458b4823867723b3d?s=96&d=mm&r=g\",\"contentUrl\":\"https:\/\/secure.gravatar.com\/avatar\/443820550921091458b4823867723b3d?s=96&d=mm&r=g\",\"caption\":\"gaprsa\"},\"url\":\"https:\/\/www.ull.es\/portal\/noticias\/author\/gaprsa\/\"}]}<\/script>\n<!-- \/ Yoast SEO plugin. -->","yoast_head_json":{"title":"Alumnado de Arquitectura de M\u00e9xico dise\u00f1a un refugio clim\u00e1tico para el IES San Mat\u00edas en colaboraci\u00f3n con la ULL - ULL - Noticias","robots":{"index":"index","follow":"follow","max-snippet":"max-snippet:-1","max-image-preview":"max-image-preview:large","max-video-preview":"max-video-preview:-1"},"canonical":"https:\/\/www.ull.es\/portal\/noticias\/2026\/alumnado-de-arquitectura-de-mexico-disena-un-refugio-climatico-para-el-ies-san-matias-en-colaboracion-con-la-ull\/","og_locale":"es_ES","og_type":"article","og_title":"Alumnado de Arquitectura de M\u00e9xico dise\u00f1a un refugio clim\u00e1tico para el IES San Mat\u00edas en colaboraci\u00f3n con la ULL - ULL - Noticias","og_description":"La cooperaci\u00f3n acad\u00e9mica internacional y la sostenibilidad se han dado la mano en un proyecto pionero que conecta a la...","og_url":"https:\/\/www.ull.es\/portal\/noticias\/2026\/alumnado-de-arquitectura-de-mexico-disena-un-refugio-climatico-para-el-ies-san-matias-en-colaboracion-con-la-ull\/","og_site_name":"ULL - Noticias","article_publisher":"https:\/\/www.facebook.com\/universidaddelalaguna\/","article_published_time":"2026-09-02T08:26:20+00:00","article_modified_time":"2026-09-02T08:30:19+00:00","og_image":[{"width":1600,"height":1524,"url":"https:\/\/www.ull.es\/portal\/noticias\/wp-content\/uploads\/sites\/13\/2026\/09\/noelia-cruz-mexico.jpg","type":"image\/jpeg"}],"author":"gaprsa","twitter_card":"summary_large_image","twitter_creator":"@CanalULL","twitter_site":"@CanalULL","twitter_misc":{"Escrito por":"gaprsa","Tiempo de lectura":"2 minutos"},"schema":{"@context":"https:\/\/schema.org","@graph":[{"@type":"WebPage","@id":"https:\/\/www.ull.es\/portal\/noticias\/2026\/alumnado-de-arquitectura-de-mexico-disena-un-refugio-climatico-para-el-ies-san-matias-en-colaboracion-con-la-ull\/","url":"https:\/\/www.ull.es\/portal\/noticias\/2026\/alumnado-de-arquitectura-de-mexico-disena-un-refugio-climatico-para-el-ies-san-matias-en-colaboracion-con-la-ull\/","name":"Alumnado de Arquitectura de M\u00e9xico dise\u00f1a un refugio clim\u00e1tico para el IES San Mat\u00edas en colaboraci\u00f3n con la ULL - ULL - Noticias","isPartOf":{"@id":"https:\/\/www.ull.es\/portal\/noticias\/#website"},"datePublished":"2026-09-02T08:26:20+00:00","dateModified":"2026-09-02T08:30:19+00:00","author":{"@id":"https:\/\/www.ull.es\/portal\/noticias\/#\/schema\/person\/b2b1a89d43ffa609e591f7df8ef3e817"},"breadcrumb":{"@id":"https:\/\/www.ull.es\/portal\/noticias\/2026\/alumnado-de-arquitectura-de-mexico-disena-un-refugio-climatico-para-el-ies-san-matias-en-colaboracion-con-la-ull\/#breadcrumb"},"inLanguage":"es","potentialAction":[{"@type":"ReadAction","target":["https:\/\/www.ull.es\/portal\/noticias\/2026\/alumnado-de-arquitectura-de-mexico-disena-un-refugio-climatico-para-el-ies-san-matias-en-colaboracion-con-la-ull\/"]}]},{"@type":"BreadcrumbList","@id":"https:\/\/www.ull.es\/portal\/noticias\/2026\/alumnado-de-arquitectura-de-mexico-disena-un-refugio-climatico-para-el-ies-san-matias-en-colaboracion-con-la-ull\/#breadcrumb","itemListElement":[{"@type":"ListItem","position":1,"name":"Portada","item":"https:\/\/www.ull.es\/portal\/noticias\/"},{"@type":"ListItem","position":2,"name":"Alumnado de Arquitectura de M\u00e9xico dise\u00f1a un refugio clim\u00e1tico para el IES San Mat\u00edas en colaboraci\u00f3n con la ULL"}]},{"@type":"WebSite","@id":"https:\/\/www.ull.es\/portal\/noticias\/#website","url":"https:\/\/www.ull.es\/portal\/noticias\/","name":"ULL - Noticias","description":"","potentialAction":[{"@type":"SearchAction","target":{"@type":"EntryPoint","urlTemplate":"https:\/\/www.ull.es\/portal\/noticias\/?s={search_term_string}"},"query-input":"required name=search_term_string"}],"inLanguage":"es"},{"@type":"Person","@id":"https:\/\/www.ull.es\/portal\/noticias\/#\/schema\/person\/b2b1a89d43ffa609e591f7df8ef3e817","name":"gaprsa","image":{"@type":"ImageObject","inLanguage":"es","@id":"https:\/\/www.ull.es\/portal\/noticias\/#\/schema\/person\/image\/","url":"https:\/\/secure.gravatar.com\/avatar\/443820550921091458b4823867723b3d?s=96&d=mm&r=g","contentUrl":"https:\/\/secure.gravatar.com\/avatar\/443820550921091458b4823867723b3d?s=96&d=mm&r=g","caption":"gaprsa"},"url":"https:\/\/www.ull.es\/portal\/noticias\/author\/gaprsa\/"}]}},"primary_category":{"id":345,"name":"Destacado","slug":"destacado","link":"https:\/\/www.ull.es\/portal\/noticias\/category\/destacado\/"},"featured_image_thumbnail_url":"https:\/\/www.ull.es\/portal\/noticias\/wp-content\/uploads\/sites\/13\/2026\/09\/noelia-cruz-mexico-300x286.jpg","_links":{"self":[{"href":"https:\/\/www.ull.es\/portal\/noticias\/wp-json\/wp\/v2\/posts\/90202"}],"collection":[{"href":"https:\/\/www.ull.es\/portal\/noticias\/wp-json\/wp\/v2\/posts"}],"about":[{"href":"https:\/\/www.ull.es\/portal\/noticias\/wp-json\/wp\/v2\/types\/post"}],"author":[{"embeddable":true,"href":"https:\/\/www.ull.es\/portal\/noticias\/wp-json\/wp\/v2\/users\/23"}],"replies":[{"embeddable":true,"href":"https:\/\/www.ull.es\/portal\/noticias\/wp-json\/wp\/v2\/comments?post=90202"}],"version-history":[{"count":1,"href":"https:\/\/www.ull.es\/portal\/noticias\/wp-json\/wp\/v2\/posts\/90202\/revisions"}],"predecessor-version":[{"id":90204,"href":"https:\/\/www.ull.es\/portal\/noticias\/wp-json\/wp\/v2\/posts\/90202\/revisions\/90204"}],"wp:featuredmedia":[{"embeddable":true,"href":"https:\/\/www.ull.es\/portal\/noticias\/wp-json\/wp\/v2\/media\/90205"}],"wp:attachment":[{"href":"https:\/\/www.ull.es\/portal\/noticias\/wp-json\/wp\/v2\/media?parent=90202"}],"wp:term":[{"taxonomy":"category","embeddable":true,"href":"https:\/\/www.ull.es\/portal\/noticias\/wp-json\/wp\/v2\/categories?post=90202"},{"taxonomy":"post_tag","embeddable":true,"href":"https:\/\/www.ull.es\/portal\/noticias\/wp-json\/wp\/v2\/tags?post=90202"}],"curies":[{"name":"wp","href":"https:\/\/api.w.org\/{rel}","templated":true}]}}