{"id":90208,"date":"2026-09-02T11:12:42","date_gmt":"2026-09-02T11:12:42","guid":{"rendered":"https:\/\/www.ull.es\/portal\/noticias\/?p=90208"},"modified":"2026-09-02T12:16:25","modified_gmt":"2026-09-02T12:16:25","slug":"camerata-lacunensis-felicitacion-institucional-medallas-suecia","status":"publish","type":"post","link":"https:\/\/www.ull.es\/portal\/noticias\/2026\/camerata-lacunensis-felicitacion-institucional-medallas-suecia\/","title":{"rendered":"La Camerata Lacunensis recibe la felicitaci\u00f3n institucional del Rectorado por sus dos medallas de oro en Suecia"},"content":{"rendered":"<p>El rector de la Universidad de La Laguna Francisco Garc\u00eda, la vicerrectora de Cultura y Extensi\u00f3n Universitaria, Isabel Le\u00f3n; y la directora de Secretariado de Desarrollo Cultural y Biblioteca, Isabel Castells, visitaron esta semana a la Camerata Lacunensis en su local de ensayo, ubicado en la sede universitaria de la calle Viana 50, para felicitarla por las dos medallas de oro obtenidas en el festival considerado \u201cel mundial de las corales\u201d, celebrado este agosto en Suecia.<\/p>\n<p>La competici\u00f3n en concreto fueron los World Choir Games, evento bienal que en 2026 fue acogido por la ciudad de Helsinborg y cont\u00f3 con la participaci\u00f3n de 160 coros de 40 pa\u00edses, sumando unos 8.500 cantantes de todo el mundo.<\/p>\n<p><a href=\"https:\/\/www.ull.es\/portal\/noticias\/wp-content\/uploads\/sites\/13\/2026\/09\/Visita-a-Camerata-26.jpg\" target=\"_blank\" rel=\"noopener\" target=\"_blank\" rel=\"noopener\"><img decoding=\"async\" loading=\"lazy\" class=\"alignleft wp-image-90210 size-medium\" src=\"https:\/\/www.ull.es\/portal\/noticias\/wp-content\/uploads\/sites\/13\/2026\/09\/Visita-a-Camerata-26-300x200.jpg\" alt=\"\" width=\"300\" height=\"200\" srcset=\"https:\/\/www.ull.es\/portal\/noticias\/wp-content\/uploads\/sites\/13\/2026\/09\/Visita-a-Camerata-26-300x200.jpg 300w, https:\/\/www.ull.es\/portal\/noticias\/wp-content\/uploads\/sites\/13\/2026\/09\/Visita-a-Camerata-26-1024x683.jpg 1024w, https:\/\/www.ull.es\/portal\/noticias\/wp-content\/uploads\/sites\/13\/2026\/09\/Visita-a-Camerata-26-768x512.jpg 768w, https:\/\/www.ull.es\/portal\/noticias\/wp-content\/uploads\/sites\/13\/2026\/09\/Visita-a-Camerata-26-375x250.jpg 375w, https:\/\/www.ull.es\/portal\/noticias\/wp-content\/uploads\/sites\/13\/2026\/09\/Visita-a-Camerata-26-750x500.jpg 750w, https:\/\/www.ull.es\/portal\/noticias\/wp-content\/uploads\/sites\/13\/2026\/09\/Visita-a-Camerata-26-1140x760.jpg 1140w, https:\/\/www.ull.es\/portal\/noticias\/wp-content\/uploads\/sites\/13\/2026\/09\/Visita-a-Camerata-26.jpg 1200w\" sizes=\"(max-width: 300px) 100vw, 300px\" \/><\/a>La Camerata Lacunensis gan\u00f3 las medallas de oro en las dos categor\u00edas en las que particip\u00f3: Folclore y m\u00fasica ind\u00edgena a capela y M\u00fasica contempor\u00e1nea. El coro de la Universidad de La Laguna fue una de las dos \u00fanicas agrupaciones espa\u00f1olas participantes, junto a Landarbaso Abesbatza, de Gipuzkoa (Pa\u00eds Vasco).<\/p>\n<p>\u201cCon este encuentro hemos querido reconocer el logro de nuestra Camerata Lacunensis y agradecerle su trabajo cotidiano y el orgullo que nos hacen sentir por ser un poquito m\u00e1s nosotros mismos\u201d, se\u00f1al\u00f3 el rector. \u201cEstas medallas son reflejo de la pujanza de nuestros colectivos culturales, singularmente los corales, pues en la Universidad de Laguna contamos con una gran tradici\u00f3n.\u201d<\/p>\n<p>Garc\u00eda reconoci\u00f3 el m\u00e9rito que un colectivo amateur haya logrado este \u00e9xito, dado sacrificio de tiempo personal y familiar que supone. Tambi\u00e9n se\u00f1al\u00f3 que un prop\u00f3sito compartido con la vicerrectora es acercarse m\u00e1s a los colectivos culturales: \u201cEsta visita al ensayo de la Camerata queremos hacerla extensiva a otros colectivos culturales para darles calor y apoyo. Esperamos tambi\u00e9n fortalecer nuestro compromiso a nivel de recursos, porque forman parte esencial de nuestro ADN, que es b\u00e1sicamente la proyecci\u00f3n de nuestra cultura\u201d.<\/p>\n<p>Por su parte, la vicerrectora de Cultura y Extensi\u00f3n manifest\u00f3 la \u201cadmiraci\u00f3n y gratitud\u201d en nombre del equipo de gobierno y la comunidad universitaria. \u201cLa Camerata Lacunensis reparte mucho conocimiento y erudici\u00f3n desde el arte y la m\u00fasica a nuestra sociedad, siempre falta de experiencias de inmersi\u00f3n en las emociones memorables que nos hagan mejores individuos\u201d, reflexion\u00f3 Isabel Le\u00f3n.<\/p>\n<p><a href=\"https:\/\/www.ull.es\/portal\/noticias\/wp-content\/uploads\/sites\/13\/2026\/09\/Visita-a-Camerata-10.jpg\" target=\"_blank\" rel=\"noopener\" target=\"_blank\" rel=\"noopener\"><img decoding=\"async\" loading=\"lazy\" class=\"alignright wp-image-90211 size-medium\" src=\"https:\/\/www.ull.es\/portal\/noticias\/wp-content\/uploads\/sites\/13\/2026\/09\/Visita-a-Camerata-10-300x201.jpg\" alt=\"\" width=\"300\" height=\"201\" srcset=\"https:\/\/www.ull.es\/portal\/noticias\/wp-content\/uploads\/sites\/13\/2026\/09\/Visita-a-Camerata-10-300x201.jpg 300w, https:\/\/www.ull.es\/portal\/noticias\/wp-content\/uploads\/sites\/13\/2026\/09\/Visita-a-Camerata-10-1024x687.jpg 1024w, https:\/\/www.ull.es\/portal\/noticias\/wp-content\/uploads\/sites\/13\/2026\/09\/Visita-a-Camerata-10-768x515.jpg 768w, https:\/\/www.ull.es\/portal\/noticias\/wp-content\/uploads\/sites\/13\/2026\/09\/Visita-a-Camerata-10-375x252.jpg 375w, https:\/\/www.ull.es\/portal\/noticias\/wp-content\/uploads\/sites\/13\/2026\/09\/Visita-a-Camerata-10-750x503.jpg 750w, https:\/\/www.ull.es\/portal\/noticias\/wp-content\/uploads\/sites\/13\/2026\/09\/Visita-a-Camerata-10-1140x765.jpg 1140w, https:\/\/www.ull.es\/portal\/noticias\/wp-content\/uploads\/sites\/13\/2026\/09\/Visita-a-Camerata-10.jpg 1200w\" sizes=\"(max-width: 300px) 100vw, 300px\" \/><\/a>La Camerata Lacunensis fue creada en 1993 y cuenta en la actualidad con 22 integrantes bajo la direcci\u00f3n de Jos\u00e9 Herrera desde 2000. Su enorme versatilidad le permite abordar un repertorio que abarca desde el Renacimiento y Barroco hasta lo contempor\u00e1neo, tanto sacro como popular.<\/p>\n<p>Estas dos medallas obtenidas en Suecia se unen a la casi treintena de galardones nacionales e internacionales que ha cosechado por sus actuaciones por todo el mundo. Cuenta en su haber con diez registros discogr\u00e1ficos y ser requerida regularmente por grandes compositores para el estreno de sus obras.<\/p>\n","protected":false},"excerpt":{"rendered":"<p>El rector de la Universidad de La Laguna Francisco Garc\u00eda, la vicerrectora de Cultura y Extensi\u00f3n Universitaria, Isabel Le\u00f3n; y&#8230;<\/p>\n","protected":false},"author":21,"featured_media":90209,"comment_status":"closed","ping_status":"closed","sticky":false,"template":"","format":"standard","meta":{"inline_featured_image":false,"footnotes":""},"categories":[344,345,2765],"tags":[681,2142,10568,12928],"acf":[],"yoast_head":"<!-- This site is optimized with the Yoast SEO plugin v21.3 - https:\/\/yoast.com\/wordpress\/plugins\/seo\/ -->\n<title>El rectorado felicita a Camerata Lacunensis por su \u00e9xito reciente<\/title>\n<meta name=\"description\" content=\"La agrupaci\u00f3n coral de la ULL obtuvo este mes de agosto dos medallas de oro en los World Choir Games celebrados en Helsinborg (Suecia)\" \/>\n<meta name=\"robots\" content=\"index, follow, max-snippet:-1, max-image-preview:large, max-video-preview:-1\" \/>\n<link rel=\"canonical\" href=\"https:\/\/www.ull.es\/portal\/noticias\/2026\/camerata-lacunensis-felicitacion-institucional-medallas-suecia\/\" \/>\n<meta property=\"og:locale\" content=\"es_ES\" \/>\n<meta property=\"og:type\" content=\"article\" \/>\n<meta property=\"og:title\" content=\"El rectorado felicita a Camerata Lacunensis por su \u00e9xito reciente\" \/>\n<meta property=\"og:description\" content=\"La agrupaci\u00f3n coral de la ULL obtuvo este mes de agosto dos medallas de oro en los World Choir Games celebrados en Helsinborg (Suecia)\" \/>\n<meta property=\"og:url\" content=\"https:\/\/www.ull.es\/portal\/noticias\/2026\/camerata-lacunensis-felicitacion-institucional-medallas-suecia\/\" \/>\n<meta property=\"og:site_name\" content=\"ULL - Noticias\" \/>\n<meta property=\"article:publisher\" content=\"https:\/\/www.facebook.com\/universidaddelalaguna\/\" \/>\n<meta property=\"article:published_time\" content=\"2026-09-02T11:12:42+00:00\" \/>\n<meta property=\"article:modified_time\" content=\"2026-09-02T12:16:25+00:00\" \/>\n<meta property=\"og:image\" content=\"https:\/\/www.ull.es\/portal\/noticias\/wp-content\/uploads\/sites\/13\/2026\/09\/Visita-a-Camerata-30.jpg\" \/>\n\t<meta property=\"og:image:width\" content=\"1200\" \/>\n\t<meta property=\"og:image:height\" content=\"800\" \/>\n\t<meta property=\"og:image:type\" content=\"image\/jpeg\" \/>\n<meta name=\"author\" content=\"prensa2\" \/>\n<meta name=\"twitter:card\" content=\"summary_large_image\" \/>\n<meta name=\"twitter:creator\" content=\"@CanalULL\" \/>\n<meta name=\"twitter:site\" content=\"@CanalULL\" \/>\n<meta name=\"twitter:label1\" content=\"Escrito por\" \/>\n\t<meta name=\"twitter:data1\" content=\"prensa2\" \/>\n\t<meta name=\"twitter:label2\" content=\"Tiempo de lectura\" \/>\n\t<meta name=\"twitter:data2\" content=\"3 minutos\" \/>\n<script type=\"application\/ld+json\" class=\"yoast-schema-graph\">{\"@context\":\"https:\/\/schema.org\",\"@graph\":[{\"@type\":\"WebPage\",\"@id\":\"https:\/\/www.ull.es\/portal\/noticias\/2026\/camerata-lacunensis-felicitacion-institucional-medallas-suecia\/\",\"url\":\"https:\/\/www.ull.es\/portal\/noticias\/2026\/camerata-lacunensis-felicitacion-institucional-medallas-suecia\/\",\"name\":\"El rectorado felicita a Camerata Lacunensis por su \u00e9xito reciente\",\"isPartOf\":{\"@id\":\"https:\/\/www.ull.es\/portal\/noticias\/#website\"},\"datePublished\":\"2026-09-02T11:12:42+00:00\",\"dateModified\":\"2026-09-02T12:16:25+00:00\",\"author\":{\"@id\":\"https:\/\/www.ull.es\/portal\/noticias\/#\/schema\/person\/c3b2aa857797592927a03740d6664376\"},\"description\":\"La agrupaci\u00f3n coral de la ULL obtuvo este mes de agosto dos medallas de oro en los World Choir Games celebrados en Helsinborg (Suecia)\",\"breadcrumb\":{\"@id\":\"https:\/\/www.ull.es\/portal\/noticias\/2026\/camerata-lacunensis-felicitacion-institucional-medallas-suecia\/#breadcrumb\"},\"inLanguage\":\"es\",\"potentialAction\":[{\"@type\":\"ReadAction\",\"target\":[\"https:\/\/www.ull.es\/portal\/noticias\/2026\/camerata-lacunensis-felicitacion-institucional-medallas-suecia\/\"]}]},{\"@type\":\"BreadcrumbList\",\"@id\":\"https:\/\/www.ull.es\/portal\/noticias\/2026\/camerata-lacunensis-felicitacion-institucional-medallas-suecia\/#breadcrumb\",\"itemListElement\":[{\"@type\":\"ListItem\",\"position\":1,\"name\":\"Portada\",\"item\":\"https:\/\/www.ull.es\/portal\/noticias\/\"},{\"@type\":\"ListItem\",\"position\":2,\"name\":\"La Camerata Lacunensis recibe la felicitaci\u00f3n institucional del Rectorado por sus dos medallas de oro en Suecia\"}]},{\"@type\":\"WebSite\",\"@id\":\"https:\/\/www.ull.es\/portal\/noticias\/#website\",\"url\":\"https:\/\/www.ull.es\/portal\/noticias\/\",\"name\":\"ULL - Noticias\",\"description\":\"\",\"potentialAction\":[{\"@type\":\"SearchAction\",\"target\":{\"@type\":\"EntryPoint\",\"urlTemplate\":\"https:\/\/www.ull.es\/portal\/noticias\/?s={search_term_string}\"},\"query-input\":\"required name=search_term_string\"}],\"inLanguage\":\"es\"},{\"@type\":\"Person\",\"@id\":\"https:\/\/www.ull.es\/portal\/noticias\/#\/schema\/person\/c3b2aa857797592927a03740d6664376\",\"name\":\"prensa2\",\"image\":{\"@type\":\"ImageObject\",\"inLanguage\":\"es\",\"@id\":\"https:\/\/www.ull.es\/portal\/noticias\/#\/schema\/person\/image\/\",\"url\":\"https:\/\/secure.gravatar.com\/avatar\/b58f310a5de5feb33d1e026d2493f23c?s=96&d=mm&r=g\",\"contentUrl\":\"https:\/\/secure.gravatar.com\/avatar\/b58f310a5de5feb33d1e026d2493f23c?s=96&d=mm&r=g\",\"caption\":\"prensa2\"},\"url\":\"https:\/\/www.ull.es\/portal\/noticias\/author\/prensa2\/\"}]}<\/script>\n<!-- \/ Yoast SEO plugin. -->","yoast_head_json":{"title":"El rectorado felicita a Camerata Lacunensis por su \u00e9xito reciente","description":"La agrupaci\u00f3n coral de la ULL obtuvo este mes de agosto dos medallas de oro en los World Choir Games celebrados en Helsinborg (Suecia)","robots":{"index":"index","follow":"follow","max-snippet":"max-snippet:-1","max-image-preview":"max-image-preview:large","max-video-preview":"max-video-preview:-1"},"canonical":"https:\/\/www.ull.es\/portal\/noticias\/2026\/camerata-lacunensis-felicitacion-institucional-medallas-suecia\/","og_locale":"es_ES","og_type":"article","og_title":"El rectorado felicita a Camerata Lacunensis por su \u00e9xito reciente","og_description":"La agrupaci\u00f3n coral de la ULL obtuvo este mes de agosto dos medallas de oro en los World Choir Games celebrados en Helsinborg (Suecia)","og_url":"https:\/\/www.ull.es\/portal\/noticias\/2026\/camerata-lacunensis-felicitacion-institucional-medallas-suecia\/","og_site_name":"ULL - Noticias","article_publisher":"https:\/\/www.facebook.com\/universidaddelalaguna\/","article_published_time":"2026-09-02T11:12:42+00:00","article_modified_time":"2026-09-02T12:16:25+00:00","og_image":[{"width":1200,"height":800,"url":"https:\/\/www.ull.es\/portal\/noticias\/wp-content\/uploads\/sites\/13\/2026\/09\/Visita-a-Camerata-30.jpg","type":"image\/jpeg"}],"author":"prensa2","twitter_card":"summary_large_image","twitter_creator":"@CanalULL","twitter_site":"@CanalULL","twitter_misc":{"Escrito por":"prensa2","Tiempo de lectura":"3 minutos"},"schema":{"@context":"https:\/\/schema.org","@graph":[{"@type":"WebPage","@id":"https:\/\/www.ull.es\/portal\/noticias\/2026\/camerata-lacunensis-felicitacion-institucional-medallas-suecia\/","url":"https:\/\/www.ull.es\/portal\/noticias\/2026\/camerata-lacunensis-felicitacion-institucional-medallas-suecia\/","name":"El rectorado felicita a Camerata Lacunensis por su \u00e9xito reciente","isPartOf":{"@id":"https:\/\/www.ull.es\/portal\/noticias\/#website"},"datePublished":"2026-09-02T11:12:42+00:00","dateModified":"2026-09-02T12:16:25+00:00","author":{"@id":"https:\/\/www.ull.es\/portal\/noticias\/#\/schema\/person\/c3b2aa857797592927a03740d6664376"},"description":"La agrupaci\u00f3n coral de la ULL obtuvo este mes de agosto dos medallas de oro en los World Choir Games celebrados en Helsinborg (Suecia)","breadcrumb":{"@id":"https:\/\/www.ull.es\/portal\/noticias\/2026\/camerata-lacunensis-felicitacion-institucional-medallas-suecia\/#breadcrumb"},"inLanguage":"es","potentialAction":[{"@type":"ReadAction","target":["https:\/\/www.ull.es\/portal\/noticias\/2026\/camerata-lacunensis-felicitacion-institucional-medallas-suecia\/"]}]},{"@type":"BreadcrumbList","@id":"https:\/\/www.ull.es\/portal\/noticias\/2026\/camerata-lacunensis-felicitacion-institucional-medallas-suecia\/#breadcrumb","itemListElement":[{"@type":"ListItem","position":1,"name":"Portada","item":"https:\/\/www.ull.es\/portal\/noticias\/"},{"@type":"ListItem","position":2,"name":"La Camerata Lacunensis recibe la felicitaci\u00f3n institucional del Rectorado por sus dos medallas de oro en Suecia"}]},{"@type":"WebSite","@id":"https:\/\/www.ull.es\/portal\/noticias\/#website","url":"https:\/\/www.ull.es\/portal\/noticias\/","name":"ULL - Noticias","description":"","potentialAction":[{"@type":"SearchAction","target":{"@type":"EntryPoint","urlTemplate":"https:\/\/www.ull.es\/portal\/noticias\/?s={search_term_string}"},"query-input":"required name=search_term_string"}],"inLanguage":"es"},{"@type":"Person","@id":"https:\/\/www.ull.es\/portal\/noticias\/#\/schema\/person\/c3b2aa857797592927a03740d6664376","name":"prensa2","image":{"@type":"ImageObject","inLanguage":"es","@id":"https:\/\/www.ull.es\/portal\/noticias\/#\/schema\/person\/image\/","url":"https:\/\/secure.gravatar.com\/avatar\/b58f310a5de5feb33d1e026d2493f23c?s=96&d=mm&r=g","contentUrl":"https:\/\/secure.gravatar.com\/avatar\/b58f310a5de5feb33d1e026d2493f23c?s=96&d=mm&r=g","caption":"prensa2"},"url":"https:\/\/www.ull.es\/portal\/noticias\/author\/prensa2\/"}]}},"primary_category":{"id":345,"name":"Destacado","slug":"destacado","link":"https:\/\/www.ull.es\/portal\/noticias\/category\/destacado\/"},"featured_image_thumbnail_url":"https:\/\/www.ull.es\/portal\/noticias\/wp-content\/uploads\/sites\/13\/2026\/09\/Visita-a-Camerata-30-300x200.jpg","_links":{"self":[{"href":"https:\/\/www.ull.es\/portal\/noticias\/wp-json\/wp\/v2\/posts\/90208"}],"collection":[{"href":"https:\/\/www.ull.es\/portal\/noticias\/wp-json\/wp\/v2\/posts"}],"about":[{"href":"https:\/\/www.ull.es\/portal\/noticias\/wp-json\/wp\/v2\/types\/post"}],"author":[{"embeddable":true,"href":"https:\/\/www.ull.es\/portal\/noticias\/wp-json\/wp\/v2\/users\/21"}],"replies":[{"embeddable":true,"href":"https:\/\/www.ull.es\/portal\/noticias\/wp-json\/wp\/v2\/comments?post=90208"}],"version-history":[{"count":3,"href":"https:\/\/www.ull.es\/portal\/noticias\/wp-json\/wp\/v2\/posts\/90208\/revisions"}],"predecessor-version":[{"id":90214,"href":"https:\/\/www.ull.es\/portal\/noticias\/wp-json\/wp\/v2\/posts\/90208\/revisions\/90214"}],"wp:featuredmedia":[{"embeddable":true,"href":"https:\/\/www.ull.es\/portal\/noticias\/wp-json\/wp\/v2\/media\/90209"}],"wp:attachment":[{"href":"https:\/\/www.ull.es\/portal\/noticias\/wp-json\/wp\/v2\/media?parent=90208"}],"wp:term":[{"taxonomy":"category","embeddable":true,"href":"https:\/\/www.ull.es\/portal\/noticias\/wp-json\/wp\/v2\/categories?post=90208"},{"taxonomy":"post_tag","embeddable":true,"href":"https:\/\/www.ull.es\/portal\/noticias\/wp-json\/wp\/v2\/tags?post=90208"}],"curies":[{"name":"wp","href":"https:\/\/api.w.org\/{rel}","templated":true}]}}