{"id":90220,"date":"2026-09-02T13:11:02","date_gmt":"2026-09-02T13:11:02","guid":{"rendered":"https:\/\/www.ull.es\/portal\/noticias\/?p=90220"},"modified":"2026-09-02T13:16:49","modified_gmt":"2026-09-02T13:16:49","slug":"rector-valora-quimica-congreso-island-2-chem","status":"publish","type":"post","link":"https:\/\/www.ull.es\/portal\/noticias\/2026\/rector-valora-quimica-congreso-island-2-chem\/","title":{"rendered":"El rector valora los estudios de Qu\u00edmica como uno de los pilares de la ULL en el arranque del congreso Island2 Chem"},"content":{"rendered":"<p>El rector de la Universidad de La Laguna, Francisco J. Garc\u00eda, ha inaugurado hoy, mi\u00e9rcoles 2 de septiembre en el Paraninfo, del <a href=\"https:\/\/island2chemconference.com\/\" target=\"_blank\" rel=\"noopener\">I Congreso Island<sup>2 <\/sup>Chem<\/a>. Este encuentro gira en torno a las relaciones establecidas entre investigadores espa\u00f1oles en qu\u00edmica org\u00e1nica que realizaron estancias postdoctorales en la Universidad de Columbia, y sus hom\u00f3logos estadounidenses. Garc\u00eda record\u00f3 que los estudios en qu\u00edmica son uno de los pilares de la instituci\u00f3n acad\u00e9mica, ya que cuando esta reabri\u00f3 en 1927 para comenzar su etapa contempor\u00e1nea, fue esta disciplina, junto al derecho, la que conform\u00f3 la primera oferta acad\u00e9mica.<\/p>\n<p>El congreso supone un reencuentro entre colegas vinculados pro la qu\u00edmica org\u00e1nica a ambas orillas del Atl\u00e1ntico y contar\u00e1 con participantes de 16 entidades distintas, entre universidades, centros de investigaci\u00f3n y compa\u00f1\u00edas farmac\u00e9uticas de Espa\u00f1a, Estados Unidos, China, y Suiza. Consta de cinco conferencias plenarias y 12 conferenciantes invitados, as\u00ed como comunicaciones orales y p\u00f3steres de j\u00f3venes investigadores. En su comit\u00e9 de organizaci\u00f3n local participan tanto la Universidad de La Laguna como el Instituto de Productos Naturales y Agrobiolog\u00eda (IPNA) del CSIC.<\/p>\n<p>En su intervenci\u00f3n, el rector se\u00f1al\u00f3 que la pujanza de los resultados obtenidos en qu\u00edmica ha ayudado a la Universidad de La Laguna a posicionarse bien en los r\u00e1nquines nacionales e internacionales de investigaci\u00f3n. Se trata, adem\u00e1s, de unos estudios que siguen generando inter\u00e9s, con 274 inscripciones en el Grado en Qu\u00edmica, 214 en Ingenier\u00eda Qu\u00edmica Industrial y 63 en el programa de doctorado en Qu\u00edmica e Ingenier\u00eda Qu\u00edmica. Tambi\u00e9n record\u00f3 la figura de Antonio Gonz\u00e1lez, creador en 1964 del Instituto de Bio-Org\u00e1nica que supuso un salto cualitativo en ciencia para la instituci\u00f3n.<\/p>\n<p>La inauguraci\u00f3n cont\u00f3 con la presencia del presidente de Canarias, Fernando Clavijo Batlle, quien alab\u00f3 en su intervenci\u00f3n la capacidad de las universidades p\u00fablicas regionales para acoger eventos cient\u00edficos de esta magnitud, y reivindic\u00f3 que, pese a su situaci\u00f3n geogr\u00e1fica y sus condicionantes, el Archipi\u00e9lago posee el potencial para desarrollar ciencia de primera magnitud. Valor\u00f3 que, en ese ecosistema de conocimiento local, el papel de las universidades es fundamental, ya que la ciencia es un recurso estrat\u00e9gico para mejorar la calidad de vida de las personas, diversificar la econom\u00eda, y aumentar la resiliencia de la regi\u00f3n ante los retos futuros,<\/p>\n<p>En similares t\u00e9rminos se dirigi\u00f3 al p\u00fablico el consejero de Innovaci\u00f3n del Cabildo de Tenerife, Juan Jos\u00e9 Mart\u00ednez, quien agradeci\u00f3 a la organizaci\u00f3n del encuentro por convertir durante unos d\u00edas a Tenerife en epicentro de la qu\u00edmica org\u00e1nica y reincidi\u00f3 en la idea de que la ciencia es un factor de desarrollo regional que desde su corporaci\u00f3n se apoya a trav\u00e9s de diversas iniciativas. Una de ellas es la renovaci\u00f3n del proyecto de Biblioteca de Productos Naturales desarrollada junto al IPNA, un repositorio gen\u00e9rico de las especies vegetales end\u00e9micas de Canarias que facilita su conservaci\u00f3n e investigaci\u00f3n en busca de posibles aplicaciones. Record\u00f3 asimismo que la qu\u00edmica es un campo fundamental en \u00e1reas cr\u00edticas como la sostenibilidad, los nuevos materiales y la energ\u00eda.<\/p>\n<p>La inauguraci\u00f3n tambi\u00e9n cot\u00f3 con la partici\u00f3n de Juan Ignacio Padr\u00f3n, cient\u00edfico del IPNA y copresidente del Comit\u00e9 Organizador; Alison Forntier, investigadora de la Universidad de Rochester y tambi\u00e9n copresidenta; y Tom\u00e1s Mart\u00edn, director del IPNA.<\/p>\n","protected":false},"excerpt":{"rendered":"<p>El rector de la Universidad de La Laguna, Francisco J. Garc\u00eda, ha inaugurado hoy, mi\u00e9rcoles 2 de septiembre en el&#8230;<\/p>\n","protected":false},"author":21,"featured_media":90224,"comment_status":"closed","ping_status":"closed","sticky":false,"template":"","format":"standard","meta":{"inline_featured_image":false,"footnotes":""},"categories":[345,350,2765],"tags":[891,1244,4894,12926,2206,12927],"acf":[],"yoast_head":"<!-- This site is optimized with the Yoast SEO plugin v21.3 - https:\/\/yoast.com\/wordpress\/plugins\/seo\/ -->\n<title>Arranca en el Paraninfo el congreso Island2 Chem<\/title>\n<meta name=\"description\" content=\"El rector se\u00f1ala la pujanza de la investigaci\u00f3n en Qu\u00edmica en la ULL y el presidente de Canarias valora el potencial local para la ciencia.\" \/>\n<meta name=\"robots\" content=\"index, follow, max-snippet:-1, max-image-preview:large, max-video-preview:-1\" \/>\n<link rel=\"canonical\" href=\"https:\/\/www.ull.es\/portal\/noticias\/2026\/rector-valora-quimica-congreso-island-2-chem\/\" \/>\n<meta property=\"og:locale\" content=\"es_ES\" \/>\n<meta property=\"og:type\" content=\"article\" \/>\n<meta property=\"og:title\" content=\"Arranca en el Paraninfo el congreso Island2 Chem\" \/>\n<meta property=\"og:description\" content=\"El rector se\u00f1ala la pujanza de la investigaci\u00f3n en Qu\u00edmica en la ULL y el presidente de Canarias valora el potencial local para la ciencia.\" \/>\n<meta property=\"og:url\" content=\"https:\/\/www.ull.es\/portal\/noticias\/2026\/rector-valora-quimica-congreso-island-2-chem\/\" \/>\n<meta property=\"og:site_name\" content=\"ULL - Noticias\" \/>\n<meta property=\"article:publisher\" content=\"https:\/\/www.facebook.com\/universidaddelalaguna\/\" \/>\n<meta property=\"article:published_time\" content=\"2026-09-02T13:11:02+00:00\" \/>\n<meta property=\"article:modified_time\" content=\"2026-09-02T13:16:49+00:00\" \/>\n<meta property=\"og:image\" content=\"https:\/\/www.ull.es\/portal\/noticias\/wp-content\/uploads\/sites\/13\/2026\/09\/inauguracion-island-2-chem-mesa.jpg\" \/>\n\t<meta property=\"og:image:width\" content=\"1200\" \/>\n\t<meta property=\"og:image:height\" content=\"800\" \/>\n\t<meta property=\"og:image:type\" content=\"image\/jpeg\" \/>\n<meta name=\"author\" content=\"prensa2\" \/>\n<meta name=\"twitter:card\" content=\"summary_large_image\" \/>\n<meta name=\"twitter:creator\" content=\"@CanalULL\" \/>\n<meta name=\"twitter:site\" content=\"@CanalULL\" \/>\n<meta name=\"twitter:label1\" content=\"Escrito por\" \/>\n\t<meta name=\"twitter:data1\" content=\"prensa2\" \/>\n\t<meta name=\"twitter:label2\" content=\"Tiempo de lectura\" \/>\n\t<meta name=\"twitter:data2\" content=\"3 minutos\" \/>\n<script type=\"application\/ld+json\" class=\"yoast-schema-graph\">{\"@context\":\"https:\/\/schema.org\",\"@graph\":[{\"@type\":\"WebPage\",\"@id\":\"https:\/\/www.ull.es\/portal\/noticias\/2026\/rector-valora-quimica-congreso-island-2-chem\/\",\"url\":\"https:\/\/www.ull.es\/portal\/noticias\/2026\/rector-valora-quimica-congreso-island-2-chem\/\",\"name\":\"Arranca en el Paraninfo el congreso Island2 Chem\",\"isPartOf\":{\"@id\":\"https:\/\/www.ull.es\/portal\/noticias\/#website\"},\"datePublished\":\"2026-09-02T13:11:02+00:00\",\"dateModified\":\"2026-09-02T13:16:49+00:00\",\"author\":{\"@id\":\"https:\/\/www.ull.es\/portal\/noticias\/#\/schema\/person\/c3b2aa857797592927a03740d6664376\"},\"description\":\"El rector se\u00f1ala la pujanza de la investigaci\u00f3n en Qu\u00edmica en la ULL y el presidente de Canarias valora el potencial local para la ciencia.\",\"breadcrumb\":{\"@id\":\"https:\/\/www.ull.es\/portal\/noticias\/2026\/rector-valora-quimica-congreso-island-2-chem\/#breadcrumb\"},\"inLanguage\":\"es\",\"potentialAction\":[{\"@type\":\"ReadAction\",\"target\":[\"https:\/\/www.ull.es\/portal\/noticias\/2026\/rector-valora-quimica-congreso-island-2-chem\/\"]}]},{\"@type\":\"BreadcrumbList\",\"@id\":\"https:\/\/www.ull.es\/portal\/noticias\/2026\/rector-valora-quimica-congreso-island-2-chem\/#breadcrumb\",\"itemListElement\":[{\"@type\":\"ListItem\",\"position\":1,\"name\":\"Portada\",\"item\":\"https:\/\/www.ull.es\/portal\/noticias\/\"},{\"@type\":\"ListItem\",\"position\":2,\"name\":\"El rector valora los estudios de Qu\u00edmica como uno de los pilares de la ULL en el arranque del congreso Island2 Chem\"}]},{\"@type\":\"WebSite\",\"@id\":\"https:\/\/www.ull.es\/portal\/noticias\/#website\",\"url\":\"https:\/\/www.ull.es\/portal\/noticias\/\",\"name\":\"ULL - Noticias\",\"description\":\"\",\"potentialAction\":[{\"@type\":\"SearchAction\",\"target\":{\"@type\":\"EntryPoint\",\"urlTemplate\":\"https:\/\/www.ull.es\/portal\/noticias\/?s={search_term_string}\"},\"query-input\":\"required name=search_term_string\"}],\"inLanguage\":\"es\"},{\"@type\":\"Person\",\"@id\":\"https:\/\/www.ull.es\/portal\/noticias\/#\/schema\/person\/c3b2aa857797592927a03740d6664376\",\"name\":\"prensa2\",\"image\":{\"@type\":\"ImageObject\",\"inLanguage\":\"es\",\"@id\":\"https:\/\/www.ull.es\/portal\/noticias\/#\/schema\/person\/image\/\",\"url\":\"https:\/\/secure.gravatar.com\/avatar\/b58f310a5de5feb33d1e026d2493f23c?s=96&d=mm&r=g\",\"contentUrl\":\"https:\/\/secure.gravatar.com\/avatar\/b58f310a5de5feb33d1e026d2493f23c?s=96&d=mm&r=g\",\"caption\":\"prensa2\"},\"url\":\"https:\/\/www.ull.es\/portal\/noticias\/author\/prensa2\/\"}]}<\/script>\n<!-- \/ Yoast SEO plugin. -->","yoast_head_json":{"title":"Arranca en el Paraninfo el congreso Island2 Chem","description":"El rector se\u00f1ala la pujanza de la investigaci\u00f3n en Qu\u00edmica en la ULL y el presidente de Canarias valora el potencial local para la ciencia.","robots":{"index":"index","follow":"follow","max-snippet":"max-snippet:-1","max-image-preview":"max-image-preview:large","max-video-preview":"max-video-preview:-1"},"canonical":"https:\/\/www.ull.es\/portal\/noticias\/2026\/rector-valora-quimica-congreso-island-2-chem\/","og_locale":"es_ES","og_type":"article","og_title":"Arranca en el Paraninfo el congreso Island2 Chem","og_description":"El rector se\u00f1ala la pujanza de la investigaci\u00f3n en Qu\u00edmica en la ULL y el presidente de Canarias valora el potencial local para la ciencia.","og_url":"https:\/\/www.ull.es\/portal\/noticias\/2026\/rector-valora-quimica-congreso-island-2-chem\/","og_site_name":"ULL - Noticias","article_publisher":"https:\/\/www.facebook.com\/universidaddelalaguna\/","article_published_time":"2026-09-02T13:11:02+00:00","article_modified_time":"2026-09-02T13:16:49+00:00","og_image":[{"width":1200,"height":800,"url":"https:\/\/www.ull.es\/portal\/noticias\/wp-content\/uploads\/sites\/13\/2026\/09\/inauguracion-island-2-chem-mesa.jpg","type":"image\/jpeg"}],"author":"prensa2","twitter_card":"summary_large_image","twitter_creator":"@CanalULL","twitter_site":"@CanalULL","twitter_misc":{"Escrito por":"prensa2","Tiempo de lectura":"3 minutos"},"schema":{"@context":"https:\/\/schema.org","@graph":[{"@type":"WebPage","@id":"https:\/\/www.ull.es\/portal\/noticias\/2026\/rector-valora-quimica-congreso-island-2-chem\/","url":"https:\/\/www.ull.es\/portal\/noticias\/2026\/rector-valora-quimica-congreso-island-2-chem\/","name":"Arranca en el Paraninfo el congreso Island2 Chem","isPartOf":{"@id":"https:\/\/www.ull.es\/portal\/noticias\/#website"},"datePublished":"2026-09-02T13:11:02+00:00","dateModified":"2026-09-02T13:16:49+00:00","author":{"@id":"https:\/\/www.ull.es\/portal\/noticias\/#\/schema\/person\/c3b2aa857797592927a03740d6664376"},"description":"El rector se\u00f1ala la pujanza de la investigaci\u00f3n en Qu\u00edmica en la ULL y el presidente de Canarias valora el potencial local para la ciencia.","breadcrumb":{"@id":"https:\/\/www.ull.es\/portal\/noticias\/2026\/rector-valora-quimica-congreso-island-2-chem\/#breadcrumb"},"inLanguage":"es","potentialAction":[{"@type":"ReadAction","target":["https:\/\/www.ull.es\/portal\/noticias\/2026\/rector-valora-quimica-congreso-island-2-chem\/"]}]},{"@type":"BreadcrumbList","@id":"https:\/\/www.ull.es\/portal\/noticias\/2026\/rector-valora-quimica-congreso-island-2-chem\/#breadcrumb","itemListElement":[{"@type":"ListItem","position":1,"name":"Portada","item":"https:\/\/www.ull.es\/portal\/noticias\/"},{"@type":"ListItem","position":2,"name":"El rector valora los estudios de Qu\u00edmica como uno de los pilares de la ULL en el arranque del congreso Island2 Chem"}]},{"@type":"WebSite","@id":"https:\/\/www.ull.es\/portal\/noticias\/#website","url":"https:\/\/www.ull.es\/portal\/noticias\/","name":"ULL - Noticias","description":"","potentialAction":[{"@type":"SearchAction","target":{"@type":"EntryPoint","urlTemplate":"https:\/\/www.ull.es\/portal\/noticias\/?s={search_term_string}"},"query-input":"required name=search_term_string"}],"inLanguage":"es"},{"@type":"Person","@id":"https:\/\/www.ull.es\/portal\/noticias\/#\/schema\/person\/c3b2aa857797592927a03740d6664376","name":"prensa2","image":{"@type":"ImageObject","inLanguage":"es","@id":"https:\/\/www.ull.es\/portal\/noticias\/#\/schema\/person\/image\/","url":"https:\/\/secure.gravatar.com\/avatar\/b58f310a5de5feb33d1e026d2493f23c?s=96&d=mm&r=g","contentUrl":"https:\/\/secure.gravatar.com\/avatar\/b58f310a5de5feb33d1e026d2493f23c?s=96&d=mm&r=g","caption":"prensa2"},"url":"https:\/\/www.ull.es\/portal\/noticias\/author\/prensa2\/"}]}},"primary_category":{"id":345,"name":"Destacado","slug":"destacado","link":"https:\/\/www.ull.es\/portal\/noticias\/category\/destacado\/"},"featured_image_thumbnail_url":"https:\/\/www.ull.es\/portal\/noticias\/wp-content\/uploads\/sites\/13\/2026\/09\/inauguracion-island-2-chem-mesa-300x200.jpg","_links":{"self":[{"href":"https:\/\/www.ull.es\/portal\/noticias\/wp-json\/wp\/v2\/posts\/90220"}],"collection":[{"href":"https:\/\/www.ull.es\/portal\/noticias\/wp-json\/wp\/v2\/posts"}],"about":[{"href":"https:\/\/www.ull.es\/portal\/noticias\/wp-json\/wp\/v2\/types\/post"}],"author":[{"embeddable":true,"href":"https:\/\/www.ull.es\/portal\/noticias\/wp-json\/wp\/v2\/users\/21"}],"replies":[{"embeddable":true,"href":"https:\/\/www.ull.es\/portal\/noticias\/wp-json\/wp\/v2\/comments?post=90220"}],"version-history":[{"count":4,"href":"https:\/\/www.ull.es\/portal\/noticias\/wp-json\/wp\/v2\/posts\/90220\/revisions"}],"predecessor-version":[{"id":90226,"href":"https:\/\/www.ull.es\/portal\/noticias\/wp-json\/wp\/v2\/posts\/90220\/revisions\/90226"}],"wp:featuredmedia":[{"embeddable":true,"href":"https:\/\/www.ull.es\/portal\/noticias\/wp-json\/wp\/v2\/media\/90224"}],"wp:attachment":[{"href":"https:\/\/www.ull.es\/portal\/noticias\/wp-json\/wp\/v2\/media?parent=90220"}],"wp:term":[{"taxonomy":"category","embeddable":true,"href":"https:\/\/www.ull.es\/portal\/noticias\/wp-json\/wp\/v2\/categories?post=90220"},{"taxonomy":"post_tag","embeddable":true,"href":"https:\/\/www.ull.es\/portal\/noticias\/wp-json\/wp\/v2\/tags?post=90220"}],"curies":[{"name":"wp","href":"https:\/\/api.w.org\/{rel}","templated":true}]}}