{"id":90230,"date":"2026-09-03T09:35:48","date_gmt":"2026-09-03T09:35:48","guid":{"rendered":"https:\/\/www.ull.es\/portal\/noticias\/?p=90230"},"modified":"2026-09-03T09:38:47","modified_gmt":"2026-09-03T09:38:47","slug":"aula-cine-septiembre-programacion-1","status":"publish","type":"post","link":"https:\/\/www.ull.es\/portal\/noticias\/2026\/aula-cine-septiembre-programacion-1\/","title":{"rendered":"El Aula de Cine de la ULL presenta en septiembre una programaci\u00f3n dominada por el cine fant\u00e1stico"},"content":{"rendered":"<p>El Aula de Cine de la Universidad de La Laguna presenta en septiembre una programaci\u00f3n enmarcada mayoritariamente en esa gran categor\u00eda que es el Cine Fant\u00e1stico, con t\u00edtulos adscritos a la ciencia ficci\u00f3n, el terror y la fantas\u00eda, aunque tambi\u00e9n hay alguna excepci\u00f3n de cine documental.<\/p>\n<p>Esta iniciativa est\u00e1 coorganizada con la asociaci\u00f3n Charlas de Cine y cada proyecci\u00f3n contar\u00e1 con una introducci\u00f3n o un debate posterior a cargo de especialistas seleccionados para cada ocasi\u00f3n. Las actividades se celebrar\u00e1n en Multicines Tenerife, en cuya web podr\u00e1n adquirirse las entradas a un precio de 5,95 euros.<\/p>\n<p><a href=\"https:\/\/www.ull.es\/portal\/noticias\/wp-content\/uploads\/sites\/13\/2026\/09\/big-fish.jpg\" target=\"_blank\" rel=\"noopener\" target=\"_blank\" rel=\"noopener\"><img decoding=\"async\" loading=\"lazy\" class=\"alignleft wp-image-90231 size-mug-shot\" src=\"https:\/\/www.ull.es\/portal\/noticias\/wp-content\/uploads\/sites\/13\/2026\/09\/big-fish-150x250.jpg\" alt=\"\" width=\"150\" height=\"250\" \/><\/a>Abre la programaci\u00f3n el viernes 11 de septiembre a las 19:00 \u201c<em>Big Fish<\/em>\u201d (2003), una de las pel\u00edculas m\u00e1s celebradas de Tim Burton, protagonizada por Ewan McGregor y Albert Finney interpretando al mismo personaje en diferentes edades: un hombre que cuenta la historia de su vida exagerando los sucesos al incorporarles elementos como brujas, hombres lobos y gigantes. Fantas\u00eda y realidad se entremezclan en una de las pel\u00edculas m\u00e1s emotivas de su director.<\/p>\n<p><a href=\"https:\/\/www.ull.es\/portal\/noticias\/wp-content\/uploads\/sites\/13\/2026\/09\/searching-sugarman.jpg\" target=\"_blank\" rel=\"noopener\" target=\"_blank\" rel=\"noopener\"><img decoding=\"async\" loading=\"lazy\" class=\"alignright wp-image-90232 size-mug-shot\" src=\"https:\/\/www.ull.es\/portal\/noticias\/wp-content\/uploads\/sites\/13\/2026\/09\/searching-sugarman-150x250.jpg\" alt=\"\" width=\"150\" height=\"250\" \/><\/a>El martes 15 de septiembre a las 19:00 horas llega el turno del cine documental con \u201c<em>Searching for Sugarman<\/em>\u201d, ganador del \u00d3scar al Mejor Documental en 2013. Escrito y dirigido por Malik Bendjelloul, se centra en Sixto Rodr\u00edguez, un m\u00fasico que grab\u00f3 en EE. UU. dos discos sin mucho \u00e9xito. Sin embargo, uno de ellos se hizo muy popular en la Sud\u00e1frica del Apartheid gracias a grabaciones piratas que lo convirtieron en un icono de la libertad.<\/p>\n<p><a href=\"https:\/\/www.ull.es\/portal\/noticias\/wp-content\/uploads\/sites\/13\/2026\/09\/desafio-total.jpg\" target=\"_blank\" rel=\"noopener\" target=\"_blank\" rel=\"noopener\"><img decoding=\"async\" loading=\"lazy\" class=\"alignleft wp-image-90233 size-mug-shot\" src=\"https:\/\/www.ull.es\/portal\/noticias\/wp-content\/uploads\/sites\/13\/2026\/09\/desafio-total-150x250.jpg\" alt=\"\" width=\"150\" height=\"250\" \/><\/a>\u201cDesaf\u00edo Total\u201d (1990) de Paul Verhoeven es la pel\u00edcula exhibida el viernes 18 de septiembre a las 19:00 horas. Basada en un relato de Philip K. Dick, supuso una de las cimas en la carrera de Arnold Schwarzenegger gracias a su mezcla de escenas de acci\u00f3n \u2014con la hiperb\u00f3lica violencia que caracteriza a su director\u2013, humor negro y una trama de ciencia ficci\u00f3n que, entre balazo y pu\u00f1etazo, cuestiona los l\u00edmites entre realidad, fantas\u00eda y memoria.<\/p>\n<p><a href=\"https:\/\/www.ull.es\/portal\/noticias\/wp-content\/uploads\/sites\/13\/2026\/09\/dentro-laberinto.jpg\" target=\"_blank\" rel=\"noopener\" target=\"_blank\" rel=\"noopener\"><img decoding=\"async\" loading=\"lazy\" class=\"alignright wp-image-90234 size-mug-shot\" src=\"https:\/\/www.ull.es\/portal\/noticias\/wp-content\/uploads\/sites\/13\/2026\/09\/dentro-laberinto-150x250.jpg\" alt=\"\" width=\"150\" height=\"250\" \/><\/a>Otro icono del cine fant\u00e1stico de los 80 ser\u00e1 proyectado el jueves 24 de septiembre a las 19:00 horas: \u201cDentro del Laberinto\u201d (1986), de Jim Henson, en un evento vinculado a Isla Calavera &#8211; Festival de Cine Fant\u00e1stico de Canarias Ciudad de La Laguna. Esta mezcla de actores reales con marionetas narra c\u00f3mo la joven Sarah (Jennifer Connelly) debe rescatar a su hermanito secuestrado por el rey de los goblins, interpretado por David Bowie en el que probablemente fue su papel cinematogr\u00e1fico m\u00e1s recordado.<\/p>\n<p><a href=\"https:\/\/www.ull.es\/portal\/noticias\/wp-content\/uploads\/sites\/13\/2026\/09\/avengers-endgame.jpg\" target=\"_blank\" rel=\"noopener\" target=\"_blank\" rel=\"noopener\"><img decoding=\"async\" loading=\"lazy\" class=\"alignleft wp-image-90235 size-mug-shot\" src=\"https:\/\/www.ull.es\/portal\/noticias\/wp-content\/uploads\/sites\/13\/2026\/09\/avengers-endgame-150x250.jpg\" alt=\"\" width=\"150\" height=\"250\" \/><\/a>Como antesala al pr\u00f3ximo estreno de la pel\u00edcula de Marvel Studios \u201c<em>Avengers: Doomsday<\/em>\u201d, el viernes 25 de septiembre a las 18:30 horas ser\u00e1 proyectado el anterior t\u00edtulo de esta franquicia: \u201c<em>Avengers: Endgame<\/em>\u201d (2019) que, consideraciones cinematogr\u00e1ficas al margen, fue un fen\u00f3meno econ\u00f3mico a\u00fan no superado, pues en la actualidad permanece como segunda pel\u00edcula con m\u00e1s recaudaci\u00f3n de la historia tras \u201cAvatar\u201d.<\/p>\n<p><a href=\"https:\/\/www.ull.es\/portal\/noticias\/wp-content\/uploads\/sites\/13\/2026\/09\/suspiria-1.jpg\" target=\"_blank\" rel=\"noopener\" target=\"_blank\" rel=\"noopener\"><img decoding=\"async\" loading=\"lazy\" class=\"alignright wp-image-90236 size-mug-shot\" src=\"https:\/\/www.ull.es\/portal\/noticias\/wp-content\/uploads\/sites\/13\/2026\/09\/suspiria-1-150x250.jpg\" alt=\"\" width=\"150\" height=\"250\" \/><\/a>El Aula de Cine de la Universidad de La Laguna cierra este primer bloque de programaci\u00f3n del curso 2026-27 el viernes 2 de octubre a las 18:30 con un cl\u00e1sico del terror europeo: \u201c<em>Suspiria<\/em>\u201d (1977), de Dario Argento. Aunque parte como un relato criminal dentro de los par\u00e1metros del estilizado \u201c<em>giallo<\/em>\u201d italiano, esta pel\u00edcula protagonizada por Jessica Harper, que gira en torno a unos cruentos asesinatos en una escuela de ballet, tambi\u00e9n posee inquietantes elementos sobrenaturales.<\/p>\n","protected":false},"excerpt":{"rendered":"<p>El Aula de Cine de la Universidad de La Laguna presenta en septiembre una programaci\u00f3n enmarcada mayoritariamente en esa gran&#8230;<\/p>\n","protected":false},"author":21,"featured_media":90238,"comment_status":"closed","ping_status":"closed","sticky":false,"template":"","format":"image","meta":{"inline_featured_image":false,"footnotes":""},"categories":[344,345,2765],"tags":[586,12187,825,1935],"acf":[],"yoast_head":"<!-- This site is optimized with the Yoast SEO plugin v21.3 - https:\/\/yoast.com\/wordpress\/plugins\/seo\/ -->\n<title>El Aula de Cine de la ULL presenta su programaci\u00f3n de septiembre<\/title>\n<meta name=\"description\" content=\"Las pel\u00edculas ser\u00e1n exhibidas con entradas a 5,95\u20ac en Multicines Tenerife. En esta ocasi\u00f3n hay una gran presencia de cine fant\u00e1stico.\" \/>\n<meta name=\"robots\" content=\"index, follow, max-snippet:-1, max-image-preview:large, max-video-preview:-1\" \/>\n<link rel=\"canonical\" href=\"https:\/\/www.ull.es\/portal\/noticias\/2026\/aula-cine-septiembre-programacion-1\/\" \/>\n<meta property=\"og:locale\" content=\"es_ES\" \/>\n<meta property=\"og:type\" content=\"article\" \/>\n<meta property=\"og:title\" content=\"El Aula de Cine de la ULL presenta su programaci\u00f3n de septiembre\" \/>\n<meta property=\"og:description\" content=\"Las pel\u00edculas ser\u00e1n exhibidas con entradas a 5,95\u20ac en Multicines Tenerife. En esta ocasi\u00f3n hay una gran presencia de cine fant\u00e1stico.\" \/>\n<meta property=\"og:url\" content=\"https:\/\/www.ull.es\/portal\/noticias\/2026\/aula-cine-septiembre-programacion-1\/\" \/>\n<meta property=\"og:site_name\" content=\"ULL - Noticias\" \/>\n<meta property=\"article:publisher\" content=\"https:\/\/www.facebook.com\/universidaddelalaguna\/\" \/>\n<meta property=\"article:published_time\" content=\"2026-09-03T09:35:48+00:00\" \/>\n<meta property=\"article:modified_time\" content=\"2026-09-03T09:38:47+00:00\" \/>\n<meta property=\"og:image\" content=\"https:\/\/www.ull.es\/portal\/noticias\/wp-content\/uploads\/sites\/13\/2026\/09\/aula-cine-ull.jpg\" \/>\n\t<meta property=\"og:image:width\" content=\"700\" \/>\n\t<meta property=\"og:image:height\" content=\"467\" \/>\n\t<meta property=\"og:image:type\" content=\"image\/jpeg\" \/>\n<meta name=\"author\" content=\"prensa2\" \/>\n<meta name=\"twitter:card\" content=\"summary_large_image\" \/>\n<meta name=\"twitter:creator\" content=\"@CanalULL\" \/>\n<meta name=\"twitter:site\" content=\"@CanalULL\" \/>\n<meta name=\"twitter:label1\" content=\"Escrito por\" \/>\n\t<meta name=\"twitter:data1\" content=\"prensa2\" \/>\n\t<meta name=\"twitter:label2\" content=\"Tiempo de lectura\" \/>\n\t<meta name=\"twitter:data2\" content=\"4 minutos\" \/>\n<script type=\"application\/ld+json\" class=\"yoast-schema-graph\">{\"@context\":\"https:\/\/schema.org\",\"@graph\":[{\"@type\":\"WebPage\",\"@id\":\"https:\/\/www.ull.es\/portal\/noticias\/2026\/aula-cine-septiembre-programacion-1\/\",\"url\":\"https:\/\/www.ull.es\/portal\/noticias\/2026\/aula-cine-septiembre-programacion-1\/\",\"name\":\"El Aula de Cine de la ULL presenta su programaci\u00f3n de septiembre\",\"isPartOf\":{\"@id\":\"https:\/\/www.ull.es\/portal\/noticias\/#website\"},\"datePublished\":\"2026-09-03T09:35:48+00:00\",\"dateModified\":\"2026-09-03T09:38:47+00:00\",\"author\":{\"@id\":\"https:\/\/www.ull.es\/portal\/noticias\/#\/schema\/person\/c3b2aa857797592927a03740d6664376\"},\"description\":\"Las pel\u00edculas ser\u00e1n exhibidas con entradas a 5,95\u20ac en Multicines Tenerife. En esta ocasi\u00f3n hay una gran presencia de cine fant\u00e1stico.\",\"breadcrumb\":{\"@id\":\"https:\/\/www.ull.es\/portal\/noticias\/2026\/aula-cine-septiembre-programacion-1\/#breadcrumb\"},\"inLanguage\":\"es\",\"potentialAction\":[{\"@type\":\"ReadAction\",\"target\":[\"https:\/\/www.ull.es\/portal\/noticias\/2026\/aula-cine-septiembre-programacion-1\/\"]}]},{\"@type\":\"BreadcrumbList\",\"@id\":\"https:\/\/www.ull.es\/portal\/noticias\/2026\/aula-cine-septiembre-programacion-1\/#breadcrumb\",\"itemListElement\":[{\"@type\":\"ListItem\",\"position\":1,\"name\":\"Portada\",\"item\":\"https:\/\/www.ull.es\/portal\/noticias\/\"},{\"@type\":\"ListItem\",\"position\":2,\"name\":\"El Aula de Cine de la ULL presenta en septiembre una programaci\u00f3n dominada por el cine fant\u00e1stico\"}]},{\"@type\":\"WebSite\",\"@id\":\"https:\/\/www.ull.es\/portal\/noticias\/#website\",\"url\":\"https:\/\/www.ull.es\/portal\/noticias\/\",\"name\":\"ULL - Noticias\",\"description\":\"\",\"potentialAction\":[{\"@type\":\"SearchAction\",\"target\":{\"@type\":\"EntryPoint\",\"urlTemplate\":\"https:\/\/www.ull.es\/portal\/noticias\/?s={search_term_string}\"},\"query-input\":\"required name=search_term_string\"}],\"inLanguage\":\"es\"},{\"@type\":\"Person\",\"@id\":\"https:\/\/www.ull.es\/portal\/noticias\/#\/schema\/person\/c3b2aa857797592927a03740d6664376\",\"name\":\"prensa2\",\"image\":{\"@type\":\"ImageObject\",\"inLanguage\":\"es\",\"@id\":\"https:\/\/www.ull.es\/portal\/noticias\/#\/schema\/person\/image\/\",\"url\":\"https:\/\/secure.gravatar.com\/avatar\/b58f310a5de5feb33d1e026d2493f23c?s=96&d=mm&r=g\",\"contentUrl\":\"https:\/\/secure.gravatar.com\/avatar\/b58f310a5de5feb33d1e026d2493f23c?s=96&d=mm&r=g\",\"caption\":\"prensa2\"},\"url\":\"https:\/\/www.ull.es\/portal\/noticias\/author\/prensa2\/\"}]}<\/script>\n<!-- \/ Yoast SEO plugin. -->","yoast_head_json":{"title":"El Aula de Cine de la ULL presenta su programaci\u00f3n de septiembre","description":"Las pel\u00edculas ser\u00e1n exhibidas con entradas a 5,95\u20ac en Multicines Tenerife. En esta ocasi\u00f3n hay una gran presencia de cine fant\u00e1stico.","robots":{"index":"index","follow":"follow","max-snippet":"max-snippet:-1","max-image-preview":"max-image-preview:large","max-video-preview":"max-video-preview:-1"},"canonical":"https:\/\/www.ull.es\/portal\/noticias\/2026\/aula-cine-septiembre-programacion-1\/","og_locale":"es_ES","og_type":"article","og_title":"El Aula de Cine de la ULL presenta su programaci\u00f3n de septiembre","og_description":"Las pel\u00edculas ser\u00e1n exhibidas con entradas a 5,95\u20ac en Multicines Tenerife. En esta ocasi\u00f3n hay una gran presencia de cine fant\u00e1stico.","og_url":"https:\/\/www.ull.es\/portal\/noticias\/2026\/aula-cine-septiembre-programacion-1\/","og_site_name":"ULL - Noticias","article_publisher":"https:\/\/www.facebook.com\/universidaddelalaguna\/","article_published_time":"2026-09-03T09:35:48+00:00","article_modified_time":"2026-09-03T09:38:47+00:00","og_image":[{"width":700,"height":467,"url":"https:\/\/www.ull.es\/portal\/noticias\/wp-content\/uploads\/sites\/13\/2026\/09\/aula-cine-ull.jpg","type":"image\/jpeg"}],"author":"prensa2","twitter_card":"summary_large_image","twitter_creator":"@CanalULL","twitter_site":"@CanalULL","twitter_misc":{"Escrito por":"prensa2","Tiempo de lectura":"4 minutos"},"schema":{"@context":"https:\/\/schema.org","@graph":[{"@type":"WebPage","@id":"https:\/\/www.ull.es\/portal\/noticias\/2026\/aula-cine-septiembre-programacion-1\/","url":"https:\/\/www.ull.es\/portal\/noticias\/2026\/aula-cine-septiembre-programacion-1\/","name":"El Aula de Cine de la ULL presenta su programaci\u00f3n de septiembre","isPartOf":{"@id":"https:\/\/www.ull.es\/portal\/noticias\/#website"},"datePublished":"2026-09-03T09:35:48+00:00","dateModified":"2026-09-03T09:38:47+00:00","author":{"@id":"https:\/\/www.ull.es\/portal\/noticias\/#\/schema\/person\/c3b2aa857797592927a03740d6664376"},"description":"Las pel\u00edculas ser\u00e1n exhibidas con entradas a 5,95\u20ac en Multicines Tenerife. En esta ocasi\u00f3n hay una gran presencia de cine fant\u00e1stico.","breadcrumb":{"@id":"https:\/\/www.ull.es\/portal\/noticias\/2026\/aula-cine-septiembre-programacion-1\/#breadcrumb"},"inLanguage":"es","potentialAction":[{"@type":"ReadAction","target":["https:\/\/www.ull.es\/portal\/noticias\/2026\/aula-cine-septiembre-programacion-1\/"]}]},{"@type":"BreadcrumbList","@id":"https:\/\/www.ull.es\/portal\/noticias\/2026\/aula-cine-septiembre-programacion-1\/#breadcrumb","itemListElement":[{"@type":"ListItem","position":1,"name":"Portada","item":"https:\/\/www.ull.es\/portal\/noticias\/"},{"@type":"ListItem","position":2,"name":"El Aula de Cine de la ULL presenta en septiembre una programaci\u00f3n dominada por el cine fant\u00e1stico"}]},{"@type":"WebSite","@id":"https:\/\/www.ull.es\/portal\/noticias\/#website","url":"https:\/\/www.ull.es\/portal\/noticias\/","name":"ULL - Noticias","description":"","potentialAction":[{"@type":"SearchAction","target":{"@type":"EntryPoint","urlTemplate":"https:\/\/www.ull.es\/portal\/noticias\/?s={search_term_string}"},"query-input":"required name=search_term_string"}],"inLanguage":"es"},{"@type":"Person","@id":"https:\/\/www.ull.es\/portal\/noticias\/#\/schema\/person\/c3b2aa857797592927a03740d6664376","name":"prensa2","image":{"@type":"ImageObject","inLanguage":"es","@id":"https:\/\/www.ull.es\/portal\/noticias\/#\/schema\/person\/image\/","url":"https:\/\/secure.gravatar.com\/avatar\/b58f310a5de5feb33d1e026d2493f23c?s=96&d=mm&r=g","contentUrl":"https:\/\/secure.gravatar.com\/avatar\/b58f310a5de5feb33d1e026d2493f23c?s=96&d=mm&r=g","caption":"prensa2"},"url":"https:\/\/www.ull.es\/portal\/noticias\/author\/prensa2\/"}]}},"primary_category":{"id":345,"name":"Destacado","slug":"destacado","link":"https:\/\/www.ull.es\/portal\/noticias\/category\/destacado\/"},"featured_image_thumbnail_url":"https:\/\/www.ull.es\/portal\/noticias\/wp-content\/uploads\/sites\/13\/2026\/09\/aula-cine-ull-300x200.jpg","_links":{"self":[{"href":"https:\/\/www.ull.es\/portal\/noticias\/wp-json\/wp\/v2\/posts\/90230"}],"collection":[{"href":"https:\/\/www.ull.es\/portal\/noticias\/wp-json\/wp\/v2\/posts"}],"about":[{"href":"https:\/\/www.ull.es\/portal\/noticias\/wp-json\/wp\/v2\/types\/post"}],"author":[{"embeddable":true,"href":"https:\/\/www.ull.es\/portal\/noticias\/wp-json\/wp\/v2\/users\/21"}],"replies":[{"embeddable":true,"href":"https:\/\/www.ull.es\/portal\/noticias\/wp-json\/wp\/v2\/comments?post=90230"}],"version-history":[{"count":1,"href":"https:\/\/www.ull.es\/portal\/noticias\/wp-json\/wp\/v2\/posts\/90230\/revisions"}],"predecessor-version":[{"id":90237,"href":"https:\/\/www.ull.es\/portal\/noticias\/wp-json\/wp\/v2\/posts\/90230\/revisions\/90237"}],"wp:featuredmedia":[{"embeddable":true,"href":"https:\/\/www.ull.es\/portal\/noticias\/wp-json\/wp\/v2\/media\/90238"}],"wp:attachment":[{"href":"https:\/\/www.ull.es\/portal\/noticias\/wp-json\/wp\/v2\/media?parent=90230"}],"wp:term":[{"taxonomy":"category","embeddable":true,"href":"https:\/\/www.ull.es\/portal\/noticias\/wp-json\/wp\/v2\/categories?post=90230"},{"taxonomy":"post_tag","embeddable":true,"href":"https:\/\/www.ull.es\/portal\/noticias\/wp-json\/wp\/v2\/tags?post=90230"}],"curies":[{"name":"wp","href":"https:\/\/api.w.org\/{rel}","templated":true}]}}