{"id":90244,"date":"2026-09-03T09:22:13","date_gmt":"2026-09-03T09:22:13","guid":{"rendered":"https:\/\/www.ull.es\/portal\/noticias\/?p=90244"},"modified":"2026-09-03T10:46:09","modified_gmt":"2026-09-03T10:46:09","slug":"cabildo-subvencion-programacion-cultural-ull","status":"publish","type":"post","link":"https:\/\/www.ull.es\/portal\/noticias\/2026\/cabildo-subvencion-programacion-cultural-ull\/","title":{"rendered":"El Cabildo de Tenerife destina 86.000 euros para impulsar la programaci\u00f3n cultural de la ULL"},"content":{"rendered":"<p>El Cabildo de Tenerife y la Universidad de La Laguna mantuvieron esta semana una reuni\u00f3n para afianzar la colaboraci\u00f3n entre ambas instituciones en materia cultural. Cont\u00f3 con la presencia de la vicerrectora de Cultura y Extensi\u00f3n Universitaria, Isabel Le\u00f3n; el vicepresidente del Cabildo de Tenerife, Lope Afonso; el consejero insular de Cultura, Museos y Deportes, Jos\u00e9 Carlos Acha; el director insular de Cultura, Conrado \u00c1lvarez; y varios directores y directoras de aulas y otros colectivos culturales de la instituci\u00f3n acad\u00e9mica.<\/p>\n<p>La corporaci\u00f3n insular destina 86.000 euros a la Universidad de La Laguna mediante una subvenci\u00f3n nominativa destinada a respaldar su programaci\u00f3n cultural. La ayuda tiene como principales objetivos financiar la programaci\u00f3n esc\u00e9nica y musical del Paraninfo y promover proyectos de inter\u00e9s cultural dise\u00f1ados y desarrollados por las c\u00e1tedras culturales, aulas culturales, facultades, escuelas, departamentos y profesorado del centro acad\u00e9mico, seg\u00fan inform\u00f3 el vicepresidente Lope Afonso.<\/p>\n<p>Por su parte, Jos\u00e9 Carlos Acha destac\u00f3 durante el encuentro la importancia de mantener y reforzar la colaboraci\u00f3n entre el Cabildo de Tenerife y la instituci\u00f3n acad\u00e9mica para acercar la cultura a la comunidad universitaria y al conjunto de la ciudadan\u00eda de Tenerife. \u201cLa Universidad de La Laguna es uno de los grandes motores culturales de Tenerife y este apoyo del cabildo contribuye a que pueda seguir generando y difundiendo conocimiento, pensamiento y creaci\u00f3n cultural\u201d, indic\u00f3.<\/p>\n<p>Del total de la subvenci\u00f3n, 12.000 euros se destinan a la programaci\u00f3n de artes esc\u00e9nicas y musicales del Paraninfo, mientras que los 74.000 restantes se destinan a la realizaci\u00f3n de proyectos de inter\u00e9s cultural.<\/p>\n<p>Estos proyectos est\u00e1n orientados a favorecer entre la comunidad universitaria y la ciudadan\u00eda de la Isla la divulgaci\u00f3n y la mejora del conocimiento hist\u00f3rico y cr\u00edtico de la actividad creativa e investigadora en \u00e1mbitos como la literatura, las artes visuales, las artes esc\u00e9nicas y musicales, la teor\u00eda de la cultura y el pensamiento.<\/p>\n","protected":false},"excerpt":{"rendered":"<p>El Cabildo de Tenerife y la Universidad de La Laguna mantuvieron esta semana una reuni\u00f3n para afianzar la colaboraci\u00f3n entre&#8230;<\/p>\n","protected":false},"author":21,"featured_media":90245,"comment_status":"closed","ping_status":"closed","sticky":false,"template":"","format":"standard","meta":{"inline_featured_image":false,"footnotes":""},"categories":[344,345,2765],"tags":[596,665,12931,2047,3804,10568],"acf":[],"yoast_head":"<!-- This site is optimized with the Yoast SEO plugin v21.3 - https:\/\/yoast.com\/wordpress\/plugins\/seo\/ -->\n<title>El Cabildo de Tenerife apoya la programaci\u00f3n cultural de la ULL<\/title>\n<meta name=\"description\" content=\"La corporaci\u00f3n insular ha subvencionado a la ULL con 86.000 \u20ac para apoyar la actividad del Paraninfo, las aulas y las c\u00e1tedras culturales.\" \/>\n<meta name=\"robots\" content=\"index, follow, max-snippet:-1, max-image-preview:large, max-video-preview:-1\" \/>\n<link rel=\"canonical\" href=\"https:\/\/www.ull.es\/portal\/noticias\/2026\/cabildo-subvencion-programacion-cultural-ull\/\" \/>\n<meta property=\"og:locale\" content=\"es_ES\" \/>\n<meta property=\"og:type\" content=\"article\" \/>\n<meta property=\"og:title\" content=\"El Cabildo de Tenerife apoya la programaci\u00f3n cultural de la ULL\" \/>\n<meta property=\"og:description\" content=\"La corporaci\u00f3n insular ha subvencionado a la ULL con 86.000 \u20ac para apoyar la actividad del Paraninfo, las aulas y las c\u00e1tedras culturales.\" \/>\n<meta property=\"og:url\" content=\"https:\/\/www.ull.es\/portal\/noticias\/2026\/cabildo-subvencion-programacion-cultural-ull\/\" \/>\n<meta property=\"og:site_name\" content=\"ULL - Noticias\" \/>\n<meta property=\"article:publisher\" content=\"https:\/\/www.facebook.com\/universidaddelalaguna\/\" \/>\n<meta property=\"article:published_time\" content=\"2026-09-03T09:22:13+00:00\" \/>\n<meta property=\"article:modified_time\" content=\"2026-09-03T10:46:09+00:00\" \/>\n<meta property=\"og:image\" content=\"https:\/\/www.ull.es\/portal\/noticias\/wp-content\/uploads\/sites\/13\/2026\/09\/reunion-cabildo-ull-cultura.jpg\" \/>\n\t<meta property=\"og:image:width\" content=\"1200\" \/>\n\t<meta property=\"og:image:height\" content=\"800\" \/>\n\t<meta property=\"og:image:type\" content=\"image\/jpeg\" \/>\n<meta name=\"author\" content=\"prensa2\" \/>\n<meta name=\"twitter:card\" content=\"summary_large_image\" \/>\n<meta name=\"twitter:creator\" content=\"@CanalULL\" \/>\n<meta name=\"twitter:site\" content=\"@CanalULL\" \/>\n<meta name=\"twitter:label1\" content=\"Escrito por\" \/>\n\t<meta name=\"twitter:data1\" content=\"prensa2\" \/>\n\t<meta name=\"twitter:label2\" content=\"Tiempo de lectura\" \/>\n\t<meta name=\"twitter:data2\" content=\"2 minutos\" \/>\n<script type=\"application\/ld+json\" class=\"yoast-schema-graph\">{\"@context\":\"https:\/\/schema.org\",\"@graph\":[{\"@type\":\"WebPage\",\"@id\":\"https:\/\/www.ull.es\/portal\/noticias\/2026\/cabildo-subvencion-programacion-cultural-ull\/\",\"url\":\"https:\/\/www.ull.es\/portal\/noticias\/2026\/cabildo-subvencion-programacion-cultural-ull\/\",\"name\":\"El Cabildo de Tenerife apoya la programaci\u00f3n cultural de la ULL\",\"isPartOf\":{\"@id\":\"https:\/\/www.ull.es\/portal\/noticias\/#website\"},\"datePublished\":\"2026-09-03T09:22:13+00:00\",\"dateModified\":\"2026-09-03T10:46:09+00:00\",\"author\":{\"@id\":\"https:\/\/www.ull.es\/portal\/noticias\/#\/schema\/person\/c3b2aa857797592927a03740d6664376\"},\"description\":\"La corporaci\u00f3n insular ha subvencionado a la ULL con 86.000 \u20ac para apoyar la actividad del Paraninfo, las aulas y las c\u00e1tedras culturales.\",\"breadcrumb\":{\"@id\":\"https:\/\/www.ull.es\/portal\/noticias\/2026\/cabildo-subvencion-programacion-cultural-ull\/#breadcrumb\"},\"inLanguage\":\"es\",\"potentialAction\":[{\"@type\":\"ReadAction\",\"target\":[\"https:\/\/www.ull.es\/portal\/noticias\/2026\/cabildo-subvencion-programacion-cultural-ull\/\"]}]},{\"@type\":\"BreadcrumbList\",\"@id\":\"https:\/\/www.ull.es\/portal\/noticias\/2026\/cabildo-subvencion-programacion-cultural-ull\/#breadcrumb\",\"itemListElement\":[{\"@type\":\"ListItem\",\"position\":1,\"name\":\"Portada\",\"item\":\"https:\/\/www.ull.es\/portal\/noticias\/\"},{\"@type\":\"ListItem\",\"position\":2,\"name\":\"El Cabildo de Tenerife destina 86.000 euros para impulsar la programaci\u00f3n cultural de la ULL\"}]},{\"@type\":\"WebSite\",\"@id\":\"https:\/\/www.ull.es\/portal\/noticias\/#website\",\"url\":\"https:\/\/www.ull.es\/portal\/noticias\/\",\"name\":\"ULL - Noticias\",\"description\":\"\",\"potentialAction\":[{\"@type\":\"SearchAction\",\"target\":{\"@type\":\"EntryPoint\",\"urlTemplate\":\"https:\/\/www.ull.es\/portal\/noticias\/?s={search_term_string}\"},\"query-input\":\"required name=search_term_string\"}],\"inLanguage\":\"es\"},{\"@type\":\"Person\",\"@id\":\"https:\/\/www.ull.es\/portal\/noticias\/#\/schema\/person\/c3b2aa857797592927a03740d6664376\",\"name\":\"prensa2\",\"image\":{\"@type\":\"ImageObject\",\"inLanguage\":\"es\",\"@id\":\"https:\/\/www.ull.es\/portal\/noticias\/#\/schema\/person\/image\/\",\"url\":\"https:\/\/secure.gravatar.com\/avatar\/b58f310a5de5feb33d1e026d2493f23c?s=96&d=mm&r=g\",\"contentUrl\":\"https:\/\/secure.gravatar.com\/avatar\/b58f310a5de5feb33d1e026d2493f23c?s=96&d=mm&r=g\",\"caption\":\"prensa2\"},\"url\":\"https:\/\/www.ull.es\/portal\/noticias\/author\/prensa2\/\"}]}<\/script>\n<!-- \/ Yoast SEO plugin. -->","yoast_head_json":{"title":"El Cabildo de Tenerife apoya la programaci\u00f3n cultural de la ULL","description":"La corporaci\u00f3n insular ha subvencionado a la ULL con 86.000 \u20ac para apoyar la actividad del Paraninfo, las aulas y las c\u00e1tedras culturales.","robots":{"index":"index","follow":"follow","max-snippet":"max-snippet:-1","max-image-preview":"max-image-preview:large","max-video-preview":"max-video-preview:-1"},"canonical":"https:\/\/www.ull.es\/portal\/noticias\/2026\/cabildo-subvencion-programacion-cultural-ull\/","og_locale":"es_ES","og_type":"article","og_title":"El Cabildo de Tenerife apoya la programaci\u00f3n cultural de la ULL","og_description":"La corporaci\u00f3n insular ha subvencionado a la ULL con 86.000 \u20ac para apoyar la actividad del Paraninfo, las aulas y las c\u00e1tedras culturales.","og_url":"https:\/\/www.ull.es\/portal\/noticias\/2026\/cabildo-subvencion-programacion-cultural-ull\/","og_site_name":"ULL - Noticias","article_publisher":"https:\/\/www.facebook.com\/universidaddelalaguna\/","article_published_time":"2026-09-03T09:22:13+00:00","article_modified_time":"2026-09-03T10:46:09+00:00","og_image":[{"width":1200,"height":800,"url":"https:\/\/www.ull.es\/portal\/noticias\/wp-content\/uploads\/sites\/13\/2026\/09\/reunion-cabildo-ull-cultura.jpg","type":"image\/jpeg"}],"author":"prensa2","twitter_card":"summary_large_image","twitter_creator":"@CanalULL","twitter_site":"@CanalULL","twitter_misc":{"Escrito por":"prensa2","Tiempo de lectura":"2 minutos"},"schema":{"@context":"https:\/\/schema.org","@graph":[{"@type":"WebPage","@id":"https:\/\/www.ull.es\/portal\/noticias\/2026\/cabildo-subvencion-programacion-cultural-ull\/","url":"https:\/\/www.ull.es\/portal\/noticias\/2026\/cabildo-subvencion-programacion-cultural-ull\/","name":"El Cabildo de Tenerife apoya la programaci\u00f3n cultural de la ULL","isPartOf":{"@id":"https:\/\/www.ull.es\/portal\/noticias\/#website"},"datePublished":"2026-09-03T09:22:13+00:00","dateModified":"2026-09-03T10:46:09+00:00","author":{"@id":"https:\/\/www.ull.es\/portal\/noticias\/#\/schema\/person\/c3b2aa857797592927a03740d6664376"},"description":"La corporaci\u00f3n insular ha subvencionado a la ULL con 86.000 \u20ac para apoyar la actividad del Paraninfo, las aulas y las c\u00e1tedras culturales.","breadcrumb":{"@id":"https:\/\/www.ull.es\/portal\/noticias\/2026\/cabildo-subvencion-programacion-cultural-ull\/#breadcrumb"},"inLanguage":"es","potentialAction":[{"@type":"ReadAction","target":["https:\/\/www.ull.es\/portal\/noticias\/2026\/cabildo-subvencion-programacion-cultural-ull\/"]}]},{"@type":"BreadcrumbList","@id":"https:\/\/www.ull.es\/portal\/noticias\/2026\/cabildo-subvencion-programacion-cultural-ull\/#breadcrumb","itemListElement":[{"@type":"ListItem","position":1,"name":"Portada","item":"https:\/\/www.ull.es\/portal\/noticias\/"},{"@type":"ListItem","position":2,"name":"El Cabildo de Tenerife destina 86.000 euros para impulsar la programaci\u00f3n cultural de la ULL"}]},{"@type":"WebSite","@id":"https:\/\/www.ull.es\/portal\/noticias\/#website","url":"https:\/\/www.ull.es\/portal\/noticias\/","name":"ULL - Noticias","description":"","potentialAction":[{"@type":"SearchAction","target":{"@type":"EntryPoint","urlTemplate":"https:\/\/www.ull.es\/portal\/noticias\/?s={search_term_string}"},"query-input":"required name=search_term_string"}],"inLanguage":"es"},{"@type":"Person","@id":"https:\/\/www.ull.es\/portal\/noticias\/#\/schema\/person\/c3b2aa857797592927a03740d6664376","name":"prensa2","image":{"@type":"ImageObject","inLanguage":"es","@id":"https:\/\/www.ull.es\/portal\/noticias\/#\/schema\/person\/image\/","url":"https:\/\/secure.gravatar.com\/avatar\/b58f310a5de5feb33d1e026d2493f23c?s=96&d=mm&r=g","contentUrl":"https:\/\/secure.gravatar.com\/avatar\/b58f310a5de5feb33d1e026d2493f23c?s=96&d=mm&r=g","caption":"prensa2"},"url":"https:\/\/www.ull.es\/portal\/noticias\/author\/prensa2\/"}]}},"primary_category":{"id":345,"name":"Destacado","slug":"destacado","link":"https:\/\/www.ull.es\/portal\/noticias\/category\/destacado\/"},"featured_image_thumbnail_url":"https:\/\/www.ull.es\/portal\/noticias\/wp-content\/uploads\/sites\/13\/2026\/09\/reunion-cabildo-ull-cultura-300x200.jpg","_links":{"self":[{"href":"https:\/\/www.ull.es\/portal\/noticias\/wp-json\/wp\/v2\/posts\/90244"}],"collection":[{"href":"https:\/\/www.ull.es\/portal\/noticias\/wp-json\/wp\/v2\/posts"}],"about":[{"href":"https:\/\/www.ull.es\/portal\/noticias\/wp-json\/wp\/v2\/types\/post"}],"author":[{"embeddable":true,"href":"https:\/\/www.ull.es\/portal\/noticias\/wp-json\/wp\/v2\/users\/21"}],"replies":[{"embeddable":true,"href":"https:\/\/www.ull.es\/portal\/noticias\/wp-json\/wp\/v2\/comments?post=90244"}],"version-history":[{"count":1,"href":"https:\/\/www.ull.es\/portal\/noticias\/wp-json\/wp\/v2\/posts\/90244\/revisions"}],"predecessor-version":[{"id":90246,"href":"https:\/\/www.ull.es\/portal\/noticias\/wp-json\/wp\/v2\/posts\/90244\/revisions\/90246"}],"wp:featuredmedia":[{"embeddable":true,"href":"https:\/\/www.ull.es\/portal\/noticias\/wp-json\/wp\/v2\/media\/90245"}],"wp:attachment":[{"href":"https:\/\/www.ull.es\/portal\/noticias\/wp-json\/wp\/v2\/media?parent=90244"}],"wp:term":[{"taxonomy":"category","embeddable":true,"href":"https:\/\/www.ull.es\/portal\/noticias\/wp-json\/wp\/v2\/categories?post=90244"},{"taxonomy":"post_tag","embeddable":true,"href":"https:\/\/www.ull.es\/portal\/noticias\/wp-json\/wp\/v2\/tags?post=90244"}],"curies":[{"name":"wp","href":"https:\/\/api.w.org\/{rel}","templated":true}]}}