{"id":90263,"date":"2026-09-04T12:03:31","date_gmt":"2026-09-04T12:03:31","guid":{"rendered":"https:\/\/www.ull.es\/portal\/noticias\/?p=90263"},"modified":"2026-09-04T12:03:31","modified_gmt":"2026-09-04T12:03:31","slug":"ull-recibe-nuevos-estudiantes-jornadas-bienvenida-hola-ull","status":"publish","type":"post","link":"https:\/\/www.ull.es\/portal\/noticias\/2026\/ull-recibe-nuevos-estudiantes-jornadas-bienvenida-hola-ull\/","title":{"rendered":"La ULL recibe el lunes a cerca de 4.000 nuevos estudiantes con las Jornadas de Bienvenida y el festival Hola ULL"},"content":{"rendered":"<p>La Universidad de La Laguna recibir\u00e1 el pr\u00f3ximo lunes 7 de septiembre a 3.980 estudiantes de nuevo ingreso en sus titulaciones de grado, en una jornada especialmente concebida para acompa\u00f1arles en sus primeros pasos dentro de la instituci\u00f3n.<\/p>\n<p>Como cada curso, las facultades y escuelas universitarias celebrar\u00e1n durante la ma\u00f1ana sus Jornadas de Bienvenida, con horarios adaptados a cada centro y titulaci\u00f3n y actividades que comenzar\u00e1n desde las 8:00 horas. Los equipos directivos y el profesorado explicar\u00e1n al nuevo alumnado el funcionamiento de los centros, las caracter\u00edsticas generales de los grados que han elegido y los principales servicios y recursos que tendr\u00e1n a su disposici\u00f3n. En algunos casos, las jornadas incluir\u00e1n tambi\u00e9n recorridos por las instalaciones para conocer las aulas y espacios en los que se desarrollar\u00e1 la actividad docente.<\/p>\n<p>Como en a\u00f1os anteriores, la Universidad ha habilitado una <a href=\"https:\/\/www.ull.es\/portal\/jornada-de-bienvenida\/\" target=\"_blank\" rel=\"noopener\" target=\"_blank\" rel=\"noopener\">p\u00e1gina web<\/a> espec\u00edfica con toda la informaci\u00f3n de estas jornadas, en la que pueden consultarse los horarios, espacios y programaci\u00f3n correspondiente a cada facultad, escuela y titulaci\u00f3n. La cita permitir\u00e1 al alumnado familiarizarse con el entorno universitario, resolver sus primeras dudas y conocer algunas de las herramientas y servicios que facilitar\u00e1n su adaptaci\u00f3n durante los primeros meses.<\/p>\n<p>La jornada del lunes ser\u00e1 el primer contacto con la Universidad para el alumnado de nuevo ingreso, que iniciar\u00e1 sus clases al d\u00eda siguiente, mientras que los y las estudiantes de continuidad comenzar\u00e1n desde el mismo lunes 7 de septiembre.<\/p>\n<p><strong>Segunda edici\u00f3n de Hola ULL<\/strong><\/p>\n<p>Una vez finalizadas las actividades en los centros, el protagonismo se trasladar\u00e1 al aparcamiento de la Facultad de Bellas Artes, que desde las 12:00 y hasta las 16:00 horas acoger\u00e1 la segunda edici\u00f3n de <a href=\"https:\/\/www.ull.es\/holaull\/\" target=\"_blank\" rel=\"noopener\" target=\"_blank\" rel=\"noopener\">Hola ULL<\/a>, el festival de bienvenida con el que la Universidad complementa la vertiente acad\u00e9mica de esta primera jornada con una propuesta de encuentro, ocio y convivencia.<\/p>\n<p>El festival ofrecer\u00e1 al alumnado la oportunidad de conocer a otros estudiantes y descubrir algunos de los servicios, colectivos y posibilidades de participaci\u00f3n que ofrece la Universidad de La Laguna. El recinto contar\u00e1, adem\u00e1s, con diferentes actividades y espacios pensados para favorecer el encuentro entre quienes comienzan este a\u00f1o su etapa universitaria.<\/p>\n<p>El acceso estar\u00e1 reservado al alumnado de nuevo ingreso, que recibir\u00e1 durante la Jornada de Bienvenida de su facultad o escuela una pulsera identificativa imprescindible para acceder al recinto.<\/p>\n<p>Entre las 12:00 y las 15:00 horas permanecer\u00e1n abiertos los estands informativos de los servicios universitarios, mientras que las zonas de Ocio, Deportes y Gastro&amp;Chill podr\u00e1n disfrutarse durante toda la celebraci\u00f3n, de 12:00 a 16:00 horas.<\/p>\n<p>La m\u00fasica volver\u00e1 a ocupar un lugar destacado en la programaci\u00f3n. Por el escenario de Hola ULL pasar\u00e1n DJ Sistah Vibes, DJ Adrian Deniz y DJ Nicovicks, que amenizar\u00e1n la jornada hasta las 16:00 horas. A las 15:00 horas se celebrar\u00e1n, adem\u00e1s, diferentes sorteos entre las personas asistentes.<\/p>\n<p><strong>Comienzo del curso 2026\/27<\/strong><\/p>\n<p>La actividad docente del primer cuatrimestre de las titulaciones de grado comenzar\u00e1 el lunes 7 de septiembre para el alumnado de continuidad y el d\u00eda 8 para el de nuevo ingreso, y se desarrollar\u00e1 hasta el 18 de diciembre, mientras que el segundo cuatrimestre tendr\u00e1 lugar entre el 25 de enero y el 13 de mayo de 2027.<\/p>\n<p>El curso acad\u00e9mico quedar\u00e1 formalmente inaugurado el viernes 11 de septiembre a partir de las 11:00 horas, con el <a href=\"https:\/\/www.ull.es\/portal\/agenda\/evento\/acto-de-apertura-del-curso-academico-2026-2027\/\" target=\"_blank\" rel=\"noopener\" target=\"_blank\" rel=\"noopener\">solemne Acto de Apertura<\/a> en el Paraninfo. La jornada tendr\u00e1 car\u00e1cter festivo en la instituci\u00f3n y contar\u00e1 con la presencia del presidente de Canarias, Fernando Clavijo, y la lecci\u00f3n inaugural de la catedr\u00e1tica de Obstetricia y Ginecolog\u00eda Nieves Luisa Gonz\u00e1lez Gonz\u00e1lez, titulada <em>Riesgos para la salud de la gestante y su descendencia en el siglo XXI<\/em>.<\/p>\n<p>El comienzo de este curso tendr\u00e1, adem\u00e1s, un significado especial para la instituci\u00f3n, que en enero de 2027 iniciar\u00e1 la celebraci\u00f3n de los cien a\u00f1os de su etapa contempor\u00e1nea, una efem\u00e9ride que dar\u00e1 lugar a un amplio programa de actividades conmemorativas a lo largo del a\u00f1o.<\/p>\n","protected":false},"excerpt":{"rendered":"<p>La Universidad de La Laguna recibir\u00e1 el pr\u00f3ximo lunes 7 de septiembre a 3.980 estudiantes de nuevo ingreso en sus&#8230;<\/p>\n","protected":false},"author":21,"featured_media":90264,"comment_status":"closed","ping_status":"closed","sticky":false,"template":"","format":"standard","meta":{"inline_featured_image":false,"footnotes":""},"categories":[343,345,2765],"tags":[11867,10236,5945,10739],"acf":[],"yoast_head":"<!-- This site is optimized with the Yoast SEO plugin v21.3 - https:\/\/yoast.com\/wordpress\/plugins\/seo\/ -->\n<title>La ULL recibe el lunes a cerca de 4.000 nuevos estudiante<\/title>\n<meta name=\"description\" content=\"La instituci\u00f3n ha preparado en una jornada especialmente concebida para acompa\u00f1arles en sus primeros pasos dentro de la instituci\u00f3n.\" \/>\n<meta name=\"robots\" content=\"index, follow, max-snippet:-1, max-image-preview:large, max-video-preview:-1\" \/>\n<link rel=\"canonical\" href=\"https:\/\/www.ull.es\/portal\/noticias\/2026\/ull-recibe-nuevos-estudiantes-jornadas-bienvenida-hola-ull\/\" \/>\n<meta property=\"og:locale\" content=\"es_ES\" \/>\n<meta property=\"og:type\" content=\"article\" \/>\n<meta property=\"og:title\" content=\"La ULL recibe el lunes a cerca de 4.000 nuevos estudiante\" \/>\n<meta property=\"og:description\" content=\"La instituci\u00f3n ha preparado en una jornada especialmente concebida para acompa\u00f1arles en sus primeros pasos dentro de la instituci\u00f3n.\" \/>\n<meta property=\"og:url\" content=\"https:\/\/www.ull.es\/portal\/noticias\/2026\/ull-recibe-nuevos-estudiantes-jornadas-bienvenida-hola-ull\/\" \/>\n<meta property=\"og:site_name\" content=\"ULL - Noticias\" \/>\n<meta property=\"article:publisher\" content=\"https:\/\/www.facebook.com\/universidaddelalaguna\/\" \/>\n<meta property=\"article:published_time\" content=\"2026-09-04T12:03:31+00:00\" \/>\n<meta property=\"og:image\" content=\"https:\/\/www.ull.es\/portal\/noticias\/wp-content\/uploads\/sites\/13\/2026\/09\/Generico-7.jpg\" \/>\n\t<meta property=\"og:image:width\" content=\"1200\" \/>\n\t<meta property=\"og:image:height\" content=\"800\" \/>\n\t<meta property=\"og:image:type\" content=\"image\/jpeg\" \/>\n<meta name=\"author\" content=\"prensa2\" \/>\n<meta name=\"twitter:card\" content=\"summary_large_image\" \/>\n<meta name=\"twitter:creator\" content=\"@CanalULL\" \/>\n<meta name=\"twitter:site\" content=\"@CanalULL\" \/>\n<meta name=\"twitter:label1\" content=\"Escrito por\" \/>\n\t<meta name=\"twitter:data1\" content=\"prensa2\" \/>\n\t<meta name=\"twitter:label2\" content=\"Tiempo de lectura\" \/>\n\t<meta name=\"twitter:data2\" content=\"3 minutos\" \/>\n<script type=\"application\/ld+json\" class=\"yoast-schema-graph\">{\"@context\":\"https:\/\/schema.org\",\"@graph\":[{\"@type\":\"WebPage\",\"@id\":\"https:\/\/www.ull.es\/portal\/noticias\/2026\/ull-recibe-nuevos-estudiantes-jornadas-bienvenida-hola-ull\/\",\"url\":\"https:\/\/www.ull.es\/portal\/noticias\/2026\/ull-recibe-nuevos-estudiantes-jornadas-bienvenida-hola-ull\/\",\"name\":\"La ULL recibe el lunes a cerca de 4.000 nuevos estudiante\",\"isPartOf\":{\"@id\":\"https:\/\/www.ull.es\/portal\/noticias\/#website\"},\"datePublished\":\"2026-09-04T12:03:31+00:00\",\"dateModified\":\"2026-09-04T12:03:31+00:00\",\"author\":{\"@id\":\"https:\/\/www.ull.es\/portal\/noticias\/#\/schema\/person\/c3b2aa857797592927a03740d6664376\"},\"description\":\"La instituci\u00f3n ha preparado en una jornada especialmente concebida para acompa\u00f1arles en sus primeros pasos dentro de la instituci\u00f3n.\",\"breadcrumb\":{\"@id\":\"https:\/\/www.ull.es\/portal\/noticias\/2026\/ull-recibe-nuevos-estudiantes-jornadas-bienvenida-hola-ull\/#breadcrumb\"},\"inLanguage\":\"es\",\"potentialAction\":[{\"@type\":\"ReadAction\",\"target\":[\"https:\/\/www.ull.es\/portal\/noticias\/2026\/ull-recibe-nuevos-estudiantes-jornadas-bienvenida-hola-ull\/\"]}]},{\"@type\":\"BreadcrumbList\",\"@id\":\"https:\/\/www.ull.es\/portal\/noticias\/2026\/ull-recibe-nuevos-estudiantes-jornadas-bienvenida-hola-ull\/#breadcrumb\",\"itemListElement\":[{\"@type\":\"ListItem\",\"position\":1,\"name\":\"Portada\",\"item\":\"https:\/\/www.ull.es\/portal\/noticias\/\"},{\"@type\":\"ListItem\",\"position\":2,\"name\":\"La ULL recibe el lunes a cerca de 4.000 nuevos estudiantes con las Jornadas de Bienvenida y el festival Hola ULL\"}]},{\"@type\":\"WebSite\",\"@id\":\"https:\/\/www.ull.es\/portal\/noticias\/#website\",\"url\":\"https:\/\/www.ull.es\/portal\/noticias\/\",\"name\":\"ULL - Noticias\",\"description\":\"\",\"potentialAction\":[{\"@type\":\"SearchAction\",\"target\":{\"@type\":\"EntryPoint\",\"urlTemplate\":\"https:\/\/www.ull.es\/portal\/noticias\/?s={search_term_string}\"},\"query-input\":\"required name=search_term_string\"}],\"inLanguage\":\"es\"},{\"@type\":\"Person\",\"@id\":\"https:\/\/www.ull.es\/portal\/noticias\/#\/schema\/person\/c3b2aa857797592927a03740d6664376\",\"name\":\"prensa2\",\"image\":{\"@type\":\"ImageObject\",\"inLanguage\":\"es\",\"@id\":\"https:\/\/www.ull.es\/portal\/noticias\/#\/schema\/person\/image\/\",\"url\":\"https:\/\/secure.gravatar.com\/avatar\/b58f310a5de5feb33d1e026d2493f23c?s=96&d=mm&r=g\",\"contentUrl\":\"https:\/\/secure.gravatar.com\/avatar\/b58f310a5de5feb33d1e026d2493f23c?s=96&d=mm&r=g\",\"caption\":\"prensa2\"},\"url\":\"https:\/\/www.ull.es\/portal\/noticias\/author\/prensa2\/\"}]}<\/script>\n<!-- \/ Yoast SEO plugin. -->","yoast_head_json":{"title":"La ULL recibe el lunes a cerca de 4.000 nuevos estudiante","description":"La instituci\u00f3n ha preparado en una jornada especialmente concebida para acompa\u00f1arles en sus primeros pasos dentro de la instituci\u00f3n.","robots":{"index":"index","follow":"follow","max-snippet":"max-snippet:-1","max-image-preview":"max-image-preview:large","max-video-preview":"max-video-preview:-1"},"canonical":"https:\/\/www.ull.es\/portal\/noticias\/2026\/ull-recibe-nuevos-estudiantes-jornadas-bienvenida-hola-ull\/","og_locale":"es_ES","og_type":"article","og_title":"La ULL recibe el lunes a cerca de 4.000 nuevos estudiante","og_description":"La instituci\u00f3n ha preparado en una jornada especialmente concebida para acompa\u00f1arles en sus primeros pasos dentro de la instituci\u00f3n.","og_url":"https:\/\/www.ull.es\/portal\/noticias\/2026\/ull-recibe-nuevos-estudiantes-jornadas-bienvenida-hola-ull\/","og_site_name":"ULL - Noticias","article_publisher":"https:\/\/www.facebook.com\/universidaddelalaguna\/","article_published_time":"2026-09-04T12:03:31+00:00","og_image":[{"width":1200,"height":800,"url":"https:\/\/www.ull.es\/portal\/noticias\/wp-content\/uploads\/sites\/13\/2026\/09\/Generico-7.jpg","type":"image\/jpeg"}],"author":"prensa2","twitter_card":"summary_large_image","twitter_creator":"@CanalULL","twitter_site":"@CanalULL","twitter_misc":{"Escrito por":"prensa2","Tiempo de lectura":"3 minutos"},"schema":{"@context":"https:\/\/schema.org","@graph":[{"@type":"WebPage","@id":"https:\/\/www.ull.es\/portal\/noticias\/2026\/ull-recibe-nuevos-estudiantes-jornadas-bienvenida-hola-ull\/","url":"https:\/\/www.ull.es\/portal\/noticias\/2026\/ull-recibe-nuevos-estudiantes-jornadas-bienvenida-hola-ull\/","name":"La ULL recibe el lunes a cerca de 4.000 nuevos estudiante","isPartOf":{"@id":"https:\/\/www.ull.es\/portal\/noticias\/#website"},"datePublished":"2026-09-04T12:03:31+00:00","dateModified":"2026-09-04T12:03:31+00:00","author":{"@id":"https:\/\/www.ull.es\/portal\/noticias\/#\/schema\/person\/c3b2aa857797592927a03740d6664376"},"description":"La instituci\u00f3n ha preparado en una jornada especialmente concebida para acompa\u00f1arles en sus primeros pasos dentro de la instituci\u00f3n.","breadcrumb":{"@id":"https:\/\/www.ull.es\/portal\/noticias\/2026\/ull-recibe-nuevos-estudiantes-jornadas-bienvenida-hola-ull\/#breadcrumb"},"inLanguage":"es","potentialAction":[{"@type":"ReadAction","target":["https:\/\/www.ull.es\/portal\/noticias\/2026\/ull-recibe-nuevos-estudiantes-jornadas-bienvenida-hola-ull\/"]}]},{"@type":"BreadcrumbList","@id":"https:\/\/www.ull.es\/portal\/noticias\/2026\/ull-recibe-nuevos-estudiantes-jornadas-bienvenida-hola-ull\/#breadcrumb","itemListElement":[{"@type":"ListItem","position":1,"name":"Portada","item":"https:\/\/www.ull.es\/portal\/noticias\/"},{"@type":"ListItem","position":2,"name":"La ULL recibe el lunes a cerca de 4.000 nuevos estudiantes con las Jornadas de Bienvenida y el festival Hola ULL"}]},{"@type":"WebSite","@id":"https:\/\/www.ull.es\/portal\/noticias\/#website","url":"https:\/\/www.ull.es\/portal\/noticias\/","name":"ULL - Noticias","description":"","potentialAction":[{"@type":"SearchAction","target":{"@type":"EntryPoint","urlTemplate":"https:\/\/www.ull.es\/portal\/noticias\/?s={search_term_string}"},"query-input":"required name=search_term_string"}],"inLanguage":"es"},{"@type":"Person","@id":"https:\/\/www.ull.es\/portal\/noticias\/#\/schema\/person\/c3b2aa857797592927a03740d6664376","name":"prensa2","image":{"@type":"ImageObject","inLanguage":"es","@id":"https:\/\/www.ull.es\/portal\/noticias\/#\/schema\/person\/image\/","url":"https:\/\/secure.gravatar.com\/avatar\/b58f310a5de5feb33d1e026d2493f23c?s=96&d=mm&r=g","contentUrl":"https:\/\/secure.gravatar.com\/avatar\/b58f310a5de5feb33d1e026d2493f23c?s=96&d=mm&r=g","caption":"prensa2"},"url":"https:\/\/www.ull.es\/portal\/noticias\/author\/prensa2\/"}]}},"primary_category":{"id":345,"name":"Destacado","slug":"destacado","link":"https:\/\/www.ull.es\/portal\/noticias\/category\/destacado\/"},"featured_image_thumbnail_url":"https:\/\/www.ull.es\/portal\/noticias\/wp-content\/uploads\/sites\/13\/2026\/09\/Generico-7-300x200.jpg","_links":{"self":[{"href":"https:\/\/www.ull.es\/portal\/noticias\/wp-json\/wp\/v2\/posts\/90263"}],"collection":[{"href":"https:\/\/www.ull.es\/portal\/noticias\/wp-json\/wp\/v2\/posts"}],"about":[{"href":"https:\/\/www.ull.es\/portal\/noticias\/wp-json\/wp\/v2\/types\/post"}],"author":[{"embeddable":true,"href":"https:\/\/www.ull.es\/portal\/noticias\/wp-json\/wp\/v2\/users\/21"}],"replies":[{"embeddable":true,"href":"https:\/\/www.ull.es\/portal\/noticias\/wp-json\/wp\/v2\/comments?post=90263"}],"version-history":[{"count":1,"href":"https:\/\/www.ull.es\/portal\/noticias\/wp-json\/wp\/v2\/posts\/90263\/revisions"}],"predecessor-version":[{"id":90266,"href":"https:\/\/www.ull.es\/portal\/noticias\/wp-json\/wp\/v2\/posts\/90263\/revisions\/90266"}],"wp:featuredmedia":[{"embeddable":true,"href":"https:\/\/www.ull.es\/portal\/noticias\/wp-json\/wp\/v2\/media\/90264"}],"wp:attachment":[{"href":"https:\/\/www.ull.es\/portal\/noticias\/wp-json\/wp\/v2\/media?parent=90263"}],"wp:term":[{"taxonomy":"category","embeddable":true,"href":"https:\/\/www.ull.es\/portal\/noticias\/wp-json\/wp\/v2\/categories?post=90263"},{"taxonomy":"post_tag","embeddable":true,"href":"https:\/\/www.ull.es\/portal\/noticias\/wp-json\/wp\/v2\/tags?post=90263"}],"curies":[{"name":"wp","href":"https:\/\/api.w.org\/{rel}","templated":true}]}}